{"id":269502,"date":"2025-07-24T03:13:11","date_gmt":"2025-07-24T03:13:11","guid":{"rendered":"https:\/\/www.europesays.com\/fr\/269502\/"},"modified":"2025-07-24T03:13:11","modified_gmt":"2025-07-24T03:13:11","slug":"lhippodrome-se-transforme-en-terrain-de-jeu-geant-pour-les-marseillais","status":"publish","type":"post","link":"https:\/\/www.europesays.com\/fr\/269502\/","title":{"rendered":"L\u2019hippodrome se transforme en terrain de jeu g\u00e9ant pour les Marseillais"},"content":{"rendered":"\n<p>Activit\u00e9s sportives, ateliers lecture ou maquillage, spectacles, concerts et de nombreuses autres animations attendent petits et grands lors de deux journ\u00e9es festives, organis\u00e9es par douze centres sociaux, \u00e0 l\u2019hippodrome Marseille Bor\u00e9ly (8e). \u00ab\u00a0C\u2019est un \u00e9v\u00e9nement ouvert \u00e0 tous, de 0 \u00e0 99\u00a0ans\u00a0! On a pr\u00e9vu des animations pour tout type de public\u00a0\u00bb, explique Alicia Innocenti, directrice du centre social Tivoli (5e).<\/p>\n<p>Pour c\u00e9l\u00e9brer l\u2019ouverture, ce jeudi, une sc\u00e8ne accueillera artistes et musiciens, de 18h \u00e0 22h. Financ\u00e9e par la Ville de Marseille, la f\u00eate \u00ab\u00a0permet d\u2019offrir des activit\u00e9s aux personnes des quartiers qui n\u2019ont pas les moyens de partir en vacances\u00a0\u00bb, affirme Ahmed Heddadi (PRG), adjoint au maire.<\/p>\n<p>Une repr\u00e9sentation de cirque ouvrira le bal, suivi d\u2019un concert de Caf\u00e9 Noailles, un groupe marseillais aux sonorit\u00e9s \u00e9lectros et arabo-andalouses. Des percussions br\u00e9siliennes batucada r\u00e9sonneront pour clore la soir\u00e9e.<\/p>\n<p>La f\u00eate s\u2019\u00e9tendra encore vendredi, avec davantage d\u2019activit\u00e9s propos\u00e9es, toujours gratuitement. L\u2019\u00c9t\u00e9 marseillais \u00ab\u00a0nous permet d\u2019acc\u00e9der \u00e0 l\u2019hippodrome Bor\u00e9ly qui reste, quand m\u00eame, un lieu culturel qui n\u2019est pas forc\u00e9ment accessible \u00e0 tous en temps normal\u00a0\u00bb, se r\u00e9jouit la directrice.<\/p>\n<p> 600 personnes attendues\n              <\/p>\n<p>Les organisateurs esp\u00e8rent recevoir jusqu\u2019\u00e0 600 personnes sur ces deux jours. Les enfants sauront trouver leur bonheur parmi les ch\u00e2teaux gonflables et les jeux d\u2019eau. Un village associatif est \u00e9galement pr\u00e9vu pour rapprocher des associations locales et le public. L\u2019\u00e9v\u00e9nement est aussi pens\u00e9 pour les seniors\u00a0: une \u00ab\u00a0zone calme et v\u00e9g\u00e9talis\u00e9e\u00a0\u00bb leur est d\u00e9di\u00e9e.<\/p>\n<p>Jeudi 24 de 16 \u00e0 22h et vendredi 25 juillet de 10 \u00e0 18h. Acc\u00e8s libre.<\/p>\n","protected":false},"excerpt":{"rendered":"Activit\u00e9s sportives, ateliers lecture ou maquillage, spectacles, concerts et de nombreuses autres animations attendent petits et grands lors&hellip;\n","protected":false},"author":2,"featured_media":269503,"comment_status":"","ping_status":"","sticky":false,"template":"","format":"standard","meta":{"footnotes":""},"categories":[2814],"tags":[1111,11,1777,674,1011,27,37867,884,12,882,25],"class_list":{"0":"post-269502","1":"post","2":"type-post","3":"status-publish","4":"format-standard","5":"has-post-thumbnail","7":"category-marseille","8":"tag-actu","9":"tag-actualites","10":"tag-eu","11":"tag-europe","12":"tag-fr","13":"tag-france","14":"tag-lilia-fernandez","15":"tag-marseille","16":"tag-news","17":"tag-provence-alpes-cote-dazur","18":"tag-republique-francaise"},"share_on_mastodon":{"url":"https:\/\/pubeurope.com\/@fr\/114906032122217418","error":""},"_links":{"self":[{"href":"https:\/\/www.europesays.com\/fr\/wp-json\/wp\/v2\/posts\/269502","targetHints":{"allow":["GET"]}}],"collection":[{"href":"https:\/\/www.europesays.com\/fr\/wp-json\/wp\/v2\/posts"}],"about":[{"href":"https:\/\/www.europesays.com\/fr\/wp-json\/wp\/v2\/types\/post"}],"author":[{"embeddable":true,"href":"https:\/\/www.europesays.com\/fr\/wp-json\/wp\/v2\/users\/2"}],"replies":[{"embeddable":true,"href":"https:\/\/www.europesays.com\/fr\/wp-json\/wp\/v2\/comments?post=269502"}],"version-history":[{"count":0,"href":"https:\/\/www.europesays.com\/fr\/wp-json\/wp\/v2\/posts\/269502\/revisions"}],"wp:featuredmedia":[{"embeddable":true,"href":"https:\/\/www.europesays.com\/fr\/wp-json\/wp\/v2\/media\/269503"}],"wp:attachment":[{"href":"https:\/\/www.europesays.com\/fr\/wp-json\/wp\/v2\/media?parent=269502"}],"wp:term":[{"taxonomy":"category","embeddable":true,"href":"https:\/\/www.europesays.com\/fr\/wp-json\/wp\/v2\/categories?post=269502"},{"taxonomy":"post_tag","embeddable":true,"href":"https:\/\/www.europesays.com\/fr\/wp-json\/wp\/v2\/tags?post=269502"}],"curies":[{"name":"wp","href":"https:\/\/api.w.org\/{rel}","templated":true}]}}