{"id":269506,"date":"2025-07-24T03:15:16","date_gmt":"2025-07-24T03:15:16","guid":{"rendered":"https:\/\/www.europesays.com\/fr\/269506\/"},"modified":"2025-07-24T03:15:16","modified_gmt":"2025-07-24T03:15:16","slug":"lyon-pourquoi-ce-radar-installe-sur-les-quais-de-saone-ne-fonctionne-toujours-pas-2","status":"publish","type":"post","link":"https:\/\/www.europesays.com\/fr\/269506\/","title":{"rendered":"Lyon : pourquoi ce radar install\u00e9 sur les quais de Sa\u00f4ne ne fonctionne toujours pas ?"},"content":{"rendered":"<p>Un radar install\u00e9 \u00e0 la fin du mois de juin sur les quais de Sa\u00f4ne, dans le 2e arrondissement de Lyon, ne fonctionne toujours pas. La vitesse est limit\u00e9e \u00e0 30 km\/h dans le secteur.<\/p>\n<p>Ce radar a \u00e9t\u00e9 install\u00e9 <a class=\"url\" href=\"https:\/\/www.radioscoop.com\/infos\/lyon-un-nouveau-radar-installe-en-bord-de-saone_332156\" target=\"_blank\" rel=\"noopener\">dans la nuit du vendredi 27 au samedi 28 juin<\/a> <b>les quais Tilsitt et Mar\u00e9chal Joffre<\/b>, dans le 2e arrondissement de Lyon.<\/p>\n<p>Le radar inactif, la pr\u00e9fecture r\u00e9agit<\/p>\n<p>Sauf que depuis quasiment un mois, ce radar automatique qui doit flasher les automobilistes ne respectant pas la limite des 30 km\/h, <b>ne fonctionne toujours pas<\/b>.<\/p>\n<p>Selon <a class=\"url\" href=\"https:\/\/actu.fr\/auvergne-rhone-alpes\/lyon_69123\/lyon-le-radar-sur-ces-quais-dangereux-toujours-inactif-un-mois-apres-son-installation_62941079.html\" target=\"_blank\" rel=\"noopener\">Actu Lyon<\/a>, qui a sollicit\u00e9 la pr\u00e9fecture du Rh\u00f4ne \u00e0 ce sujet, il s&rsquo;agirait d&rsquo;un \u00ab\u00a0probl\u00e8me technique\u00a0\u00bb.<\/p>\n<p>La pr\u00e9fecture pr\u00e9cise \u00e9galement avoir fait la demande aux services de maintenance pour que ce probl\u00e8me soit r\u00e9solu le plus rapidement possible.<\/p>\n<p>Un secteur tr\u00e8s accidentog\u00e8ne \u00e0 Lyon<\/p>\n<p>Ce radar a pourtant \u00e9t\u00e9 plac\u00e9 dans <b>un secteur tr\u00e8s accidentog\u00e8ne<\/b>. C&rsquo;est \u00e0 cet endroit que deux adolescents, <a class=\"url\" href=\"https:\/\/www.radioscoop.com\/infos\/deux-ans-apres-la-mort-d-iris-et-warren-a-lyon-le-cri-d-alerte-de-leurs-meres_302018\" target=\"_blank\" rel=\"noopener\">Iris et Warren<\/a>, ont perdu la vie \u00e0 trottinette \u00e9lectrique, renvers\u00e9s par une ambulance, en ao\u00fbt 2022.<\/p>\n<p>\u00c0 noter enfin que ce radar devrait \u00eatre provisoire, avant la possible mise en service d&rsquo;un radar permanent sur les quais\u00a0Tilsitt et Mar\u00e9chal Joffre.<\/p>\n<p><img loading=\"lazy\" decoding=\"async\" src=\"https:\/\/www.europesays.com\/fr\/wp-content\/uploads\/2025\/07\/1753326916_197_img\" width=\"350\" height=\"200\" border=\"0\" title=\"L'\u00c5\u0093uvre \u00c3\u00a9ph\u00c3\u00a9m\u00c3\u00a8re Tissage urbain, place Bellecour \u00c3\u00a0 Lyon\"\/><\/p>\n<p>\u25baFaits divers<\/p>\n<p style=\"font-size: 22px;\"><b>D\u00e9gradations place Bellecour\u00a0: la mairie porte plainte<\/b><\/p>\n<p>Retour \u00e0 la normale place Bellecour. L&rsquo;\u0153uvre \u00ab\u00a0Tissage&#8230;<\/p>\n<p><\/p>\n","protected":false},"excerpt":{"rendered":"Un radar install\u00e9 \u00e0 la fin du mois de juin sur les quais de Sa\u00f4ne, dans le 2e&hellip;\n","protected":false},"author":2,"featured_media":268073,"comment_status":"","ping_status":"","sticky":false,"template":"","format":"standard","meta":{"footnotes":""},"categories":[1889],"tags":[3085,1111,11,2430,1777,674,1011,27,40743,2428,12,11128,40741,35488,27760,40742,25,31865,15740],"class_list":{"0":"post-269506","1":"post","2":"type-post","3":"status-publish","4":"format-standard","5":"has-post-thumbnail","7":"category-lyon","8":"tag-accidents","9":"tag-actu","10":"tag-actualites","11":"tag-auvergne-rhone-alpes","12":"tag-eu","13":"tag-europe","14":"tag-fr","15":"tag-france","16":"tag-iris-et-warren","17":"tag-lyon","18":"tag-news","19":"tag-prfecture","20":"tag-quai-joffre","21":"tag-quai-tilsitt","22":"tag-radar","23":"tag-radar-automatique","24":"tag-republique-francaise","25":"tag-scurit-routire","26":"tag-trottinette"},"share_on_mastodon":{"url":"https:\/\/pubeurope.com\/@fr\/114906039898920777","error":""},"_links":{"self":[{"href":"https:\/\/www.europesays.com\/fr\/wp-json\/wp\/v2\/posts\/269506","targetHints":{"allow":["GET"]}}],"collection":[{"href":"https:\/\/www.europesays.com\/fr\/wp-json\/wp\/v2\/posts"}],"about":[{"href":"https:\/\/www.europesays.com\/fr\/wp-json\/wp\/v2\/types\/post"}],"author":[{"embeddable":true,"href":"https:\/\/www.europesays.com\/fr\/wp-json\/wp\/v2\/users\/2"}],"replies":[{"embeddable":true,"href":"https:\/\/www.europesays.com\/fr\/wp-json\/wp\/v2\/comments?post=269506"}],"version-history":[{"count":0,"href":"https:\/\/www.europesays.com\/fr\/wp-json\/wp\/v2\/posts\/269506\/revisions"}],"wp:featuredmedia":[{"embeddable":true,"href":"https:\/\/www.europesays.com\/fr\/wp-json\/wp\/v2\/media\/268073"}],"wp:attachment":[{"href":"https:\/\/www.europesays.com\/fr\/wp-json\/wp\/v2\/media?parent=269506"}],"wp:term":[{"taxonomy":"category","embeddable":true,"href":"https:\/\/www.europesays.com\/fr\/wp-json\/wp\/v2\/categories?post=269506"},{"taxonomy":"post_tag","embeddable":true,"href":"https:\/\/www.europesays.com\/fr\/wp-json\/wp\/v2\/tags?post=269506"}],"curies":[{"name":"wp","href":"https:\/\/api.w.org\/{rel}","templated":true}]}}