{"id":269517,"date":"2025-07-24T03:23:17","date_gmt":"2025-07-24T03:23:17","guid":{"rendered":"https:\/\/www.europesays.com\/fr\/269517\/"},"modified":"2025-07-24T03:23:17","modified_gmt":"2025-07-24T03:23:17","slug":"non-la-russie-na-pas-abattu-un-mirage-2000-5fu-en-ukraine-avionslegendaires-net","status":"publish","type":"post","link":"https:\/\/www.europesays.com\/fr\/269517\/","title":{"rendered":"Non la Russie n\u2019a pas abattu un Mirage 2000-5FU en Ukraine ! &#8211; Avionslegendaires.net"},"content":{"rendered":"<ol>\n<li><a href=\"https:\/\/news.google.com\/rss\/articles\/CBMipwFBVV95cUxNZTdELTdYREE1ZHJ6SC1RY245alRIMmZIcThTZTRvZFR4VGNXcG5oWUpuLXdUVkVCeGE0c2lJZGRzeno3V2ZFb2NEc19DYUhoM3lWUzhFSjlBd1VuOEVVcjBvNVlqbW9NeHN6RWZaR3FzLUMzRE5ZdjJFeEVpbElmUUdPbkVVQ1FhZU03U0ZuemEyQUhvU2YxV203enhRY3ZVSm94dWNnSQ?oc=5\" target=\"_blank\" rel=\"noopener\">Non la Russie n\u2019a pas abattu un Mirage 2000-5FU en Ukraine !<\/a>&nbsp;&nbsp;Avionslegendaires.net<\/li>\n<li><a href=\"https:\/\/news.google.com\/rss\/articles\/CBMikAJBVV95cUxPS3ZaVkFwTVZfTjFqbEZ3SVN4RzB2NE12bHVQZ0Z4VmJFczhETnJyVV9Ha0JkYzZObF9qcXZMa0RGNFRyTFR1V256dEt1T3JPZUZPbjZtQkhBT0F0ODFOOF82Z1RITXlyUXd3dzB1QktMa1JVbXdBbmF6VTMyY2o3TG15enFRSVlvdEdmQUVrQ1lSaDFpM1UyY0E4ejFqVzdkdUpKWlV0dmQwQjdCOTFENFhxV0tKQUgtTG4zaDlIdDluazBOeGJFVjBLUDlMOXJfd1V1amFpTzVVNGNQNzRIRWR2aFV1ZDlZamNCN1FLRlBLcUVqcjZjdXhsbUxsME1wTlBfNGVRRXh0Vm04Y3pFRg?oc=5\" target=\"_blank\" rel=\"noopener\">\u00ab\u00a0Il n&rsquo;a pas \u00e9t\u00e9 abattu par les Russes\u00a0\u00bb: l&rsquo;Ukraine a perdu un premier avion de chasse fran\u00e7ais Mirage dans un crash<\/a>&nbsp;&nbsp;BFMTV<\/li>\n<li><a href=\"https:\/\/news.google.com\/rss\/articles\/CBMitgFBVV95cUxNd0QxOFVmSmlhWG5CeWprNUJnVllKQTU5eGR2MWpRRzFCQW9aOFR3RHYzOV9YckxLRmtneFp6SmkwOFN2eHk3TXhjOF9vZHRsQzFSZ0cyclNHSUFlZW1Xc0JXYS1WWjJ2aFV6cC00YnBGakhVVVVmRThlMWlTUVFOYmFNQ0RJMHgzd1c3VW5NckJ1VGJhamVlVHZDVXU0QzhLZXBjTmVzb3FjREtxYURXUGZubTYydw?oc=5\" target=\"_blank\" rel=\"noopener\">Ce que l\u2019on sait sur la perte d\u2019un Mirage 2000-5F en Ukraine<\/a>&nbsp;&nbsp;Le Point<\/li>\n<li><a href=\"https:\/\/news.google.com\/rss\/articles\/CBMi7gFBVV95cUxNSWk4SmlycWVMXzRfeThnb0dYYjRnZFFYdjhIdFA4R0VQRFg0OW9QOU1Mc2xVbEw5S3NmWE91UGhLcjRhaGx2RFpZamVlZ1lVbnV0NlBEWUhqNFgxTEV4UlB6dGRGc3Y1R1hIZkxzZ0F3bTQyZVJzUWlmTko3T1dweFpNOUtPSG5zVl81dS1sWi0yY1dFczV0UU41UTg4NnE1dTZFWnJqWjB1VGVEenkyQnlmMWJMUGdDdVMzMXRVSWpCemc0X2VrU2FwaGg0N3JWNmY1OWpjdnVYZzk4RThqOWZuT1d3SnFzemwzdndB?oc=5\" target=\"_blank\" rel=\"noopener\">Guerre en Ukraine : Kiev perd pour la premi\u00e8re fois un avion de chasse fran\u00e7ais \u00ab Mirage 2000 \u00bb<\/a>&nbsp;&nbsp;Ouest-France<\/li>\n<li><a href=\"https:\/\/news.google.com\/rss\/articles\/CBMi6AFBVV95cUxPVW9QQlpqUktEQWIwdjhyZWFlQU95WmU4VUJyMnJXY1BwM1ZIQ0VmMjhUMzJhdERycUkwUDNfZkVRb3JMbGhWN2F3N21Cai1vSTh3bEVaTDc5ZEwwN2VYUE13d1lXV2VjZU9iTWtxc2l4cFVJOW4xZTVabE9xRmR3b1A2U1djU0EySVg3VlR6SmRWazAzVm1QTE1ZQm1vS1ZuNnVYSFdyVHhsWUJqSTJlVUJ0QnV0MnNTcVEwYzRZNm5zcmQ4Z3RNcWJ4MXhFZlZ4Q0pJd212bllzOFdfUzA3aThBM0hxS3J1?oc=5\" target=\"_blank\" rel=\"noopener\">Crash d\u2019un Mirage en Ukraine, Trump, r\u00e9chauffement climatique, TDAH, famine \u00e0 Gaza : le r\u00e9cap de ce mercredi<\/a>&nbsp;&nbsp;Sud Ouest<\/li>\n<\/ol>\n","protected":false},"excerpt":{"rendered":"Non la Russie n\u2019a pas abattu un Mirage 2000-5FU en Ukraine !&nbsp;&nbsp;Avionslegendaires.net \u00ab\u00a0Il n&rsquo;a pas \u00e9t\u00e9 abattu par&hellip;\n","protected":false},"author":2,"featured_media":269518,"comment_status":"","ping_status":"","sticky":false,"template":"","format":"standard","meta":{"footnotes":""},"categories":[1591],"tags":[119,11,4098,40868,1887,3482,40870,12,40869,10512,1885,1886,132],"class_list":{"0":"post-269517","1":"post","2":"type-post","3":"status-publish","4":"format-standard","5":"has-post-thumbnail","7":"category-russie","8":"tag-accident","9":"tag-actualites","10":"tag-crash","11":"tag-ecrasement","12":"tag-federation-de-russie","13":"tag-guerre-russie-ukraine","14":"tag-mirage-2000-5fu","15":"tag-news","16":"tag-povitriyani-syly-zbroiynyh-syl-ukraiyini","17":"tag-propagande","18":"tag-russia","19":"tag-russian-federation","20":"tag-russie"},"share_on_mastodon":{"url":"https:\/\/pubeurope.com\/@fr\/114906071333292952","error":""},"_links":{"self":[{"href":"https:\/\/www.europesays.com\/fr\/wp-json\/wp\/v2\/posts\/269517","targetHints":{"allow":["GET"]}}],"collection":[{"href":"https:\/\/www.europesays.com\/fr\/wp-json\/wp\/v2\/posts"}],"about":[{"href":"https:\/\/www.europesays.com\/fr\/wp-json\/wp\/v2\/types\/post"}],"author":[{"embeddable":true,"href":"https:\/\/www.europesays.com\/fr\/wp-json\/wp\/v2\/users\/2"}],"replies":[{"embeddable":true,"href":"https:\/\/www.europesays.com\/fr\/wp-json\/wp\/v2\/comments?post=269517"}],"version-history":[{"count":0,"href":"https:\/\/www.europesays.com\/fr\/wp-json\/wp\/v2\/posts\/269517\/revisions"}],"wp:featuredmedia":[{"embeddable":true,"href":"https:\/\/www.europesays.com\/fr\/wp-json\/wp\/v2\/media\/269518"}],"wp:attachment":[{"href":"https:\/\/www.europesays.com\/fr\/wp-json\/wp\/v2\/media?parent=269517"}],"wp:term":[{"taxonomy":"category","embeddable":true,"href":"https:\/\/www.europesays.com\/fr\/wp-json\/wp\/v2\/categories?post=269517"},{"taxonomy":"post_tag","embeddable":true,"href":"https:\/\/www.europesays.com\/fr\/wp-json\/wp\/v2\/tags?post=269517"}],"curies":[{"name":"wp","href":"https:\/\/api.w.org\/{rel}","templated":true}]}}