{"id":269521,"date":"2025-07-24T03:25:12","date_gmt":"2025-07-24T03:25:12","guid":{"rendered":"https:\/\/www.europesays.com\/fr\/269521\/"},"modified":"2025-07-24T03:25:12","modified_gmt":"2025-07-24T03:25:12","slug":"unesco-usaid-que-peuvent-les-ong-sans-le-soutien-des-etats-unis","status":"publish","type":"post","link":"https:\/\/www.europesays.com\/fr\/269521\/","title":{"rendered":"UNESCO, USAID\u00a0: que peuvent les ONG sans le soutien des Etats-Unis\u00a0?"},"content":{"rendered":"<p class=\"PopSlotParagraph qg-tx2 qg-xtra-lh svelte-1r0pyek\">Cette d\u00e9cision marque un tournant dans la politique \u00e9trang\u00e8re am\u00e9ricaine et a d\u00e9j\u00e0 des r\u00e9percussions lourdes, notamment sur le continent africain. Ces coupes budg\u00e9taires affectent les ONG, les agences de l\u2019ONU, les syst\u00e8mes de sant\u00e9 et la s\u00e9curit\u00e9 alimentaire de millions de personnes \u00e0 travers le globe. Le syst\u00e8me humanitaire peut-il fonctionner sans l\u2019aide am\u00e9ricaine\u00a0?<\/p>\n","protected":false},"excerpt":{"rendered":"Cette d\u00e9cision marque un tournant dans la politique \u00e9trang\u00e8re am\u00e9ricaine et a d\u00e9j\u00e0 des r\u00e9percussions lourdes, notamment sur&hellip;\n","protected":false},"author":2,"featured_media":269522,"comment_status":"","ping_status":"","sticky":false,"template":"","format":"standard","meta":{"footnotes":""},"categories":[1589],"tags":[11,73,1866,12,1864,1865,1863,308],"class_list":{"0":"post-269521","1":"post","2":"type-post","3":"status-publish","4":"format-standard","5":"has-post-thumbnail","7":"category-etats-unis","8":"tag-actualites","9":"tag-etats-unis","10":"tag-etats-unis-damerique","11":"tag-news","12":"tag-united-states","13":"tag-united-states-of-america","14":"tag-us","15":"tag-usa"},"share_on_mastodon":{"url":"https:\/\/pubeurope.com\/@fr\/114906079143922708","error":""},"_links":{"self":[{"href":"https:\/\/www.europesays.com\/fr\/wp-json\/wp\/v2\/posts\/269521","targetHints":{"allow":["GET"]}}],"collection":[{"href":"https:\/\/www.europesays.com\/fr\/wp-json\/wp\/v2\/posts"}],"about":[{"href":"https:\/\/www.europesays.com\/fr\/wp-json\/wp\/v2\/types\/post"}],"author":[{"embeddable":true,"href":"https:\/\/www.europesays.com\/fr\/wp-json\/wp\/v2\/users\/2"}],"replies":[{"embeddable":true,"href":"https:\/\/www.europesays.com\/fr\/wp-json\/wp\/v2\/comments?post=269521"}],"version-history":[{"count":0,"href":"https:\/\/www.europesays.com\/fr\/wp-json\/wp\/v2\/posts\/269521\/revisions"}],"wp:featuredmedia":[{"embeddable":true,"href":"https:\/\/www.europesays.com\/fr\/wp-json\/wp\/v2\/media\/269522"}],"wp:attachment":[{"href":"https:\/\/www.europesays.com\/fr\/wp-json\/wp\/v2\/media?parent=269521"}],"wp:term":[{"taxonomy":"category","embeddable":true,"href":"https:\/\/www.europesays.com\/fr\/wp-json\/wp\/v2\/categories?post=269521"},{"taxonomy":"post_tag","embeddable":true,"href":"https:\/\/www.europesays.com\/fr\/wp-json\/wp\/v2\/tags?post=269521"}],"curies":[{"name":"wp","href":"https:\/\/api.w.org\/{rel}","templated":true}]}}