{"id":269523,"date":"2025-07-24T03:26:09","date_gmt":"2025-07-24T03:26:09","guid":{"rendered":"https:\/\/www.europesays.com\/fr\/269523\/"},"modified":"2025-07-24T03:26:09","modified_gmt":"2025-07-24T03:26:09","slug":"le-royaume-uni-et-linde-vont-signer-un-accord-de-libre-echange-historique-lors-de-la-visite-de-modi-2","status":"publish","type":"post","link":"https:\/\/www.europesays.com\/fr\/269523\/","title":{"rendered":"Le Royaume-Uni et l&rsquo;Inde vont signer un accord de libre-\u00e9change historique lors de la visite de Modi"},"content":{"rendered":"<p>Le Royaume-Uni et l&rsquo;Inde s&rsquo;appr\u00eatent \u00e0 signer jeudi un accord de libre-\u00e9change historique, \u00e0 l&rsquo;occasion de la visite du Premier ministre indien Narendra Modi. Cet accord pr\u00e9voit une r\u00e9duction des droits de douane sur de nombreux produits, allant des textiles au whisky et aux voitures, tout en offrant un meilleur acc\u00e8s au march\u00e9 pour les entreprises.<\/p>\n<p>Les deux pays ont finalis\u00e9 en mai les discussions sur ce pacte commercial tant attendu, apr\u00e8s trois ann\u00e9es de n\u00e9gociations entrecoup\u00e9es de pauses, les deux parties ayant acc\u00e9l\u00e9r\u00e9 les pourparlers dans le contexte de tensions tarifaires provoqu\u00e9es par le pr\u00e9sident am\u00e9ricain Donald Trump.<\/p>\n<p>L&rsquo;accord, conclu entre les cinqui\u00e8me et sixi\u00e8me \u00e9conomies mondiales, vise \u00e0 augmenter les \u00e9changes bilat\u00e9raux de 25,5 milliards de livres sterling suppl\u00e9mentaires (34 milliards de dollars) d&rsquo;ici 2040. Il entrera en vigueur apr\u00e8s ratification par le Parlement britannique et le cabinet f\u00e9d\u00e9ral indien, ce qui devrait intervenir dans l&rsquo;ann\u00e9e \u00e0 venir.<\/p>\n<p>\u00ab\u00a0Notre accord commercial historique avec l&rsquo;Inde est une victoire majeure pour le Royaume-Uni. Il cr\u00e9era des milliers d&#8217;emplois britanniques \u00e0 travers le pays, ouvrira de nouvelles opportunit\u00e9s pour les entreprises et stimulera la croissance\u00a0\u00bb, a d\u00e9clar\u00e9 le Premier ministre britannique Keir Starmer.<\/p>\n<p>L&rsquo;accord sera sign\u00e9 lors de la quatri\u00e8me visite de Modi au Royaume-Uni depuis son accession au pouvoir en 2014. Les dirigeants scelleront \u00e9galement un partenariat strat\u00e9gique couvrant des domaines tels que la d\u00e9fense et le climat, et renforceront leur coop\u00e9ration dans la lutte contre la criminalit\u00e9.<\/p>\n<p>Selon le gouvernement britannique, les droits de douane sur le whisky \u00e9cossais passeront imm\u00e9diatement de 150\u00a0% \u00e0 75\u00a0%, puis diminueront progressivement jusqu&rsquo;\u00e0 40\u00a0% au cours de la prochaine d\u00e9cennie. Concernant les voitures, l&rsquo;Inde va r\u00e9duire les droits \u00e0 10\u00a0% contre plus de 100\u00a0% actuellement, dans le cadre d&rsquo;un syst\u00e8me de quotas qui sera progressivement lib\u00e9ralis\u00e9.<\/p>\n<p>En contrepartie, les constructeurs indiens devraient pouvoir acc\u00e9der au march\u00e9 britannique pour les v\u00e9hicules \u00e9lectriques et hybrides, \u00e9galement sous quota, selon des responsables du minist\u00e8re indien du Commerce.<\/p>\n<p>Le minist\u00e8re a indiqu\u00e9 que 99\u00a0% des exportations indiennes vers le Royaume-Uni b\u00e9n\u00e9ficieraient de droits de douane nuls gr\u00e2ce \u00e0 cet accord, notamment dans le secteur textile, tandis que la Grande-Bretagne verra une r\u00e9duction sur 90\u00a0% de ses lignes tarifaires.<\/p>\n<p>L&rsquo;accord repr\u00e9sente le pacte commercial le plus important conclu par le Royaume-Uni depuis sa sortie de l&rsquo;Union europ\u00e9enne en 2020, m\u00eame si l&rsquo;augmentation attendue du PIB britannique, estim\u00e9e \u00e0 4,8 milliards de livres par an d&rsquo;ici 2040, reste modeste par rapport \u00e0 un PIB de 2,6 billions de livres en 2024.<\/p>\n<p>L&rsquo;accord facilitera \u00e9galement l&rsquo;acc\u00e8s pour les visiteurs d&rsquo;affaires temporaires, bien que la question des visas ne soit pas incluse. Le Royaume-Uni et l&rsquo;Inde se sont aussi mis d&rsquo;accord pour que les travailleurs n&rsquo;aient plus \u00e0 cotiser \u00e0 la s\u00e9curit\u00e9 sociale dans les deux pays lors de missions temporaires.<\/p>\n<p>Les entreprises britanniques pourront acc\u00e9der au march\u00e9 indien des march\u00e9s publics pour des projets dans des secteurs comme les \u00e9nergies propres, et l&rsquo;accord couvre aussi des secteurs de services tels que l&rsquo;assurance.<\/p>\n<p>L&rsquo;Inde n&rsquo;a toutefois pas obtenu d&rsquo;exemption au m\u00e9canisme britannique d&rsquo;ajustement carbone aux fronti\u00e8res (CBAM) &#8211; qui pourrait imposer des taxes plus \u00e9lev\u00e9es aux pollueurs d\u00e8s 2027 &#8211; dans le cadre de cet accord.<\/p>\n<p>Par ailleurs, les discussions sur un trait\u00e9 bilat\u00e9ral d&rsquo;investissement, men\u00e9es parall\u00e8lement aux n\u00e9gociations commerciales, ne sont pas encore abouties et se poursuivent.<\/p>\n<p>(Reportage de Alistair Smout \u00e0 Londres et Manoj Kumar \u00e0 New Delhi ; \u00e9dition par Philippa Fletcher)<\/p>\n<p><\/p>\n","protected":false},"excerpt":{"rendered":"Le Royaume-Uni et l&rsquo;Inde s&rsquo;appr\u00eatent \u00e0 signer jeudi un accord de libre-\u00e9change historique, \u00e0 l&rsquo;occasion de la visite&hellip;\n","protected":false},"author":2,"featured_media":269316,"comment_status":"","ping_status":"","sticky":false,"template":"","format":"standard","meta":{"footnotes":""},"categories":[1588],"tags":[11,340,1777,674,12,473,1853,1851,1850,1852],"class_list":{"0":"post-269523","1":"post","2":"type-post","3":"status-publish","4":"format-standard","5":"has-post-thumbnail","7":"category-royaume-uni","8":"tag-actualites","9":"tag-bourse","10":"tag-eu","11":"tag-europe","12":"tag-news","13":"tag-royaume-uni","14":"tag-royaume-uni-de-grande-bretagne-et-dirlande-du-nord","15":"tag-uk","16":"tag-united-kingdom","17":"tag-united-kingdom-of-great-britain-and-northern-ireland"},"share_on_mastodon":{"url":"https:\/\/pubeurope.com\/@fr\/114906083079535052","error":""},"_links":{"self":[{"href":"https:\/\/www.europesays.com\/fr\/wp-json\/wp\/v2\/posts\/269523","targetHints":{"allow":["GET"]}}],"collection":[{"href":"https:\/\/www.europesays.com\/fr\/wp-json\/wp\/v2\/posts"}],"about":[{"href":"https:\/\/www.europesays.com\/fr\/wp-json\/wp\/v2\/types\/post"}],"author":[{"embeddable":true,"href":"https:\/\/www.europesays.com\/fr\/wp-json\/wp\/v2\/users\/2"}],"replies":[{"embeddable":true,"href":"https:\/\/www.europesays.com\/fr\/wp-json\/wp\/v2\/comments?post=269523"}],"version-history":[{"count":0,"href":"https:\/\/www.europesays.com\/fr\/wp-json\/wp\/v2\/posts\/269523\/revisions"}],"wp:featuredmedia":[{"embeddable":true,"href":"https:\/\/www.europesays.com\/fr\/wp-json\/wp\/v2\/media\/269316"}],"wp:attachment":[{"href":"https:\/\/www.europesays.com\/fr\/wp-json\/wp\/v2\/media?parent=269523"}],"wp:term":[{"taxonomy":"category","embeddable":true,"href":"https:\/\/www.europesays.com\/fr\/wp-json\/wp\/v2\/categories?post=269523"},{"taxonomy":"post_tag","embeddable":true,"href":"https:\/\/www.europesays.com\/fr\/wp-json\/wp\/v2\/tags?post=269523"}],"curies":[{"name":"wp","href":"https:\/\/api.w.org\/{rel}","templated":true}]}}