{"id":269524,"date":"2025-07-24T03:27:12","date_gmt":"2025-07-24T03:27:12","guid":{"rendered":"https:\/\/www.europesays.com\/fr\/269524\/"},"modified":"2025-07-24T03:27:12","modified_gmt":"2025-07-24T03:27:12","slug":"avions-de-chasse-lallemagne-leve-son-veto-a-la-livraison-deurofighter-a-la-turquie","status":"publish","type":"post","link":"https:\/\/www.europesays.com\/fr\/269524\/","title":{"rendered":"Avions de chasse\u00a0: l\u2019Allemagne l\u00e8ve son veto \u00e0 la livraison d\u2019Eurofighter \u00e0 la Turquie"},"content":{"rendered":"<p>Bien que Londres dirige les n\u00e9gociations, chacun des quatre pays du consortium fabriquant ces avions de combat peut mettre son veto \u00e0 une vente. Avec la lev\u00e9e de ce veto, les minist\u00e8res turc et britannique de la D\u00e9fense ont annonc\u00e9 la signature d\u2019un accord pr\u00e9liminaire pour cette importante commande militaire. \u00ab\u00a0L\u2019acceptation de la Turquie comme utilisateur de l\u2019Eurofighter Typhoon renforcera les liens d\u2019amiti\u00e9 tiss\u00e9s depuis des d\u00e9cennies entre les principaux alli\u00e9s de l\u2019Otan\u00a0\u00bb, a salu\u00e9 le minist\u00e8re turc de la D\u00e9fense, dans un communiqu\u00e9. \u00ab\u00a0Elle constituera une \u00e9tape importante vers le renforcement des capacit\u00e9s de combat a\u00e9rien avanc\u00e9es de la Turquie\u00a0\u00bb a-t-il ajout\u00e9. Selon <a href=\"https:\/\/www.spiegel.de\/\" target=\"_blank\" rel=\"nofollow noopener\">l\u2019hebdomadaire Spiegel<\/a>, la Turquie s\u2019est engag\u00e9e \u00e0 ce que ces appareils ne soient jamais employ\u00e9s contre un pays membre de l\u2019Alliance atlantique, une disposition destin\u00e9e \u00e0 rassurer son voisin grec avec lequel ses relations connaissent des tensions r\u00e9guli\u00e8res et qui voit d\u2019un mauvais \u0153il ce renforcement du potentiel militaire turc.<\/p>\n","protected":false},"excerpt":{"rendered":"Bien que Londres dirige les n\u00e9gociations, chacun des quatre pays du consortium fabriquant ces avions de combat peut&hellip;\n","protected":false},"author":2,"featured_media":269525,"comment_status":"","ping_status":"","sticky":false,"template":"","format":"standard","meta":{"footnotes":""},"categories":[1587],"tags":[11,672,1804,1805,1803,1777,674,1801,12,1802],"class_list":{"0":"post-269524","1":"post","2":"type-post","3":"status-publish","4":"format-standard","5":"has-post-thumbnail","7":"category-allemagne","8":"tag-actualites","9":"tag-allemagne","10":"tag-bundesrepublik-deutschland","11":"tag-de","12":"tag-deutschland","13":"tag-eu","14":"tag-europe","15":"tag-germany","16":"tag-news","17":"tag-republique-federale-dallemagne"},"share_on_mastodon":{"url":"https:\/\/pubeurope.com\/@fr\/114906087095658149","error":""},"_links":{"self":[{"href":"https:\/\/www.europesays.com\/fr\/wp-json\/wp\/v2\/posts\/269524","targetHints":{"allow":["GET"]}}],"collection":[{"href":"https:\/\/www.europesays.com\/fr\/wp-json\/wp\/v2\/posts"}],"about":[{"href":"https:\/\/www.europesays.com\/fr\/wp-json\/wp\/v2\/types\/post"}],"author":[{"embeddable":true,"href":"https:\/\/www.europesays.com\/fr\/wp-json\/wp\/v2\/users\/2"}],"replies":[{"embeddable":true,"href":"https:\/\/www.europesays.com\/fr\/wp-json\/wp\/v2\/comments?post=269524"}],"version-history":[{"count":0,"href":"https:\/\/www.europesays.com\/fr\/wp-json\/wp\/v2\/posts\/269524\/revisions"}],"wp:featuredmedia":[{"embeddable":true,"href":"https:\/\/www.europesays.com\/fr\/wp-json\/wp\/v2\/media\/269525"}],"wp:attachment":[{"href":"https:\/\/www.europesays.com\/fr\/wp-json\/wp\/v2\/media?parent=269524"}],"wp:term":[{"taxonomy":"category","embeddable":true,"href":"https:\/\/www.europesays.com\/fr\/wp-json\/wp\/v2\/categories?post=269524"},{"taxonomy":"post_tag","embeddable":true,"href":"https:\/\/www.europesays.com\/fr\/wp-json\/wp\/v2\/tags?post=269524"}],"curies":[{"name":"wp","href":"https:\/\/api.w.org\/{rel}","templated":true}]}}