{"id":269531,"date":"2025-07-24T03:31:17","date_gmt":"2025-07-24T03:31:17","guid":{"rendered":"https:\/\/www.europesays.com\/fr\/269531\/"},"modified":"2025-07-24T03:31:17","modified_gmt":"2025-07-24T03:31:17","slug":"emmanuel-macron-va-promulguer-la-loi-duplomb-malgre-la-petition-selon-annie-genevard","status":"publish","type":"post","link":"https:\/\/www.europesays.com\/fr\/269531\/","title":{"rendered":"Emmanuel Macron va promulguer la loi Duplomb malgr\u00e9 la p\u00e9tition, selon Annie Genevard"},"content":{"rendered":"<p>        <img decoding=\"async\" loading=\"lazy\" src=\"https:\/\/www.europesays.com\/fr\/wp-content\/uploads\/2025\/07\/9d57b07_upload-1-g7fpw0tw3nxv-afp-20250605-49cp7zp-v1-midres-ministredelagricultureetdelasouverainet.jpeg\"  width=\"728\" height=\"410\" alt=\"La ministre de l\u2019Agriculture Annie Genevard, le 5\u00a0juin 2025\"\/>  <\/p>\n<p>VALENTINE CHAPUIS \/ AFP<\/p>\n<p>La ministre de l\u2019Agriculture Annie Genevard, le 5\u00a0juin 2025<\/p>\n<p class=\"asset asset-text\">POLITIQUE &#8211; Espoirs douch\u00e9s\u00a0? Alors que les responsables politiques <a href=\"https:\/\/www.huffingtonpost.fr\/politique\/article\/peut-on-signer-la-petition-contre-la-loi-duplomb-plusieurs-fois_252865.html\" rel=\"nofollow noopener\" target=\"_blank\">oppos\u00e9s \u00e0 la loi Duplomb <\/a>en appellent \u00e0 Emmanuel Macron pour emp\u00eacher son entr\u00e9e en vigueur, <a href=\"https:\/\/www.huffingtonpost.fr\/politique\/article\/face-a-la-petition-contre-la-loi-duplomb-la-reaction-de-la-ministre-de-l-agriculture-fera-des-decus_252833.html\" rel=\"nofollow noopener\" target=\"_blank\">la ministre de l\u2019Agriculture<\/a> a fait savoir ce mercredi 23\u00a0juillet que selon ses \u00e9changes r\u00e9cents avec le chef de l\u2019\u00c9tat, il \u00ab\u00a0n\u2019allait pas du tout dans cette direction \u00e0 date\u00a0\u00bb.<\/p>\n<p class=\"asset asset-text\">Bien que la loi Duplomb ait \u00e9t\u00e9 adopt\u00e9e par le Parlement le 8\u00a0juillet dernier, ses d\u00e9tracteurs rivalisent d\u2019id\u00e9es pour emp\u00eacher son entr\u00e9e en vigueur. Premi\u00e8re option\u00a0: <a href=\"https:\/\/www.huffingtonpost.fr\/politique\/article\/sur-la-loi-duplomb-comment-l-idee-d-un-referendum-se-fraye-un-chemin_252858.html\" rel=\"nofollow noopener\" target=\"_blank\">convoquer un r\u00e9f\u00e9rendum<\/a> sur le sujet. Deuxi\u00e8me option\u00a0: ne pas promulguer la loi dans les d\u00e9lais impartis et utiliser l\u2019article\u00a010\u00a0de la Constitution pour recommencer l\u2019examen \u00e0 z\u00e9ro, comme le r\u00e9clament les s\u00e9nateurs socialistes dans <a href=\"https:\/\/www.huffingtonpost.fr\/politique\/article\/monsieur-le-president-utilisez-l-article-10-de-la-constitution-sur-la-loi-duplomb-tribune_252876.html\" rel=\"nofollow noopener\" target=\"_blank\">une tribune publi\u00e9e sur Le HuffPost.<\/a><\/p>\n<p class=\"asset asset-text\">Ces deux recours sont possibles mais d\u00e9pendent de la volont\u00e9 du pr\u00e9sident de la R\u00e9publique. Pour rappel, la promulgation est consid\u00e9r\u00e9e comme une obligation pour le chef de l\u2019\u00c9tat mais il peut, avant de le faire, demander une seconde d\u00e9lib\u00e9ration au Parlement. Quant au r\u00e9f\u00e9rendum, le pr\u00e9sident de la R\u00e9publique est libre de le convoquer sur \u00ab\u00a0l\u2019organisation des pouvoirs publics, sur des r\u00e9formes relatives \u00e0 la politique \u00e9conomique, sociale ou environnementale\u00a0\u00bb.<\/p>\n<p class=\"asset asset-text\">Jusqu\u2019\u00e0 pr\u00e9sent, Emmanuel Macron est rest\u00e9 en retrait du d\u00e9bat en attendant que le Conseil constitutionnel se prononce sur le texte. Il n\u2019a cependant pas exclu de s\u2019exprimer sur le sujet une fois l\u2019avis des Sages rendu. Dans quel sens penchera la balance\u00a0? Pas en faveur des opposants \u00e0 la loi, \u00e0 en croire Annie Genevard.<\/p>\n<p>                     \u00ab\u00a0Pas dans cette direction \u00e0 ce stade\u00a0\u00bb    <\/p>\n<p class=\"asset asset-text\">\u00ab\u00a0Il y aura un d\u00e9bat \u00e0 si la conf\u00e9rence des pr\u00e9sidents de l\u2019Assembl\u00e9e nationale en d\u00e9cide\u00a0\u00bb, a d\u00e9clar\u00e9 la ministre en marge d\u2019un d\u00e9placement dans le Val-d\u2019Oise, au micro de LCI. Mais, ajoute-t-elle, \u00ab\u00a0de toute fa\u00e7on, le texte sera promulgu\u00e9. Le pr\u00e9sident de la R\u00e9publique me rappelait ce matin \u00e0 l\u2019issue du Conseil des ministres qu\u2019il est dans l\u2019obligation de promulguer la loi.\u00a0\u00bb Quid d\u2019un nouvel examen au Parlement\u00a0? \u00ab\u00a0Il n\u2019a pas \u00e9t\u00e9 question du tout d\u2019une seconde d\u00e9lib\u00e9ration\u00a0\u00bb, assure Annie Genevard. \u00ab\u00a0Si tel \u00e9tait le cas, ce serait la d\u00e9cision pr\u00e9sidentielle mais je n\u2019ai pas entendu du tout qu\u2019on allait dans cette direction \u00e0 date\u00a0\u00bb, a-t-elle insist\u00e9.<\/p>\n<p class=\"asset asset-text\">Lors du Conseil des ministres de ce mercredi matin, Emmanuel Macron \u00ab\u00a0a rappel\u00e9 que notre action politique, quelle qu\u2019elle soit, y compris sur ces sujets agricoles, doit \u00eatre notamment guid\u00e9e par la science et que nous devons en m\u00eame temps d\u00e9fendre nos agriculteurs\u00a0\u00bb pour faire exercer \u00ab\u00a0une juste concurrence\u00a0\u00bb, a indiqu\u00e9 la porte-parole du gouvernement Sophie Primas.<\/p>\n<p class=\"asset asset-text\">\u00ab\u00a0Tout ce qui nous d\u00e9synchronise\u00a0\u00bb par rapport aux r\u00e8gles en vigueur dans les autres pays \u00ab\u00a0nous p\u00e9nalise\u00a0\u00bb, a affirm\u00e9 Emmanuel Macron, selon des propos rapport\u00e9s par la porte-parole. \u00ab\u00a0Il est tr\u00e8s attentif \u00e0 ce chemin de cr\u00eate\u00a0\u00bb, a-t-elle assur\u00e9. La p\u00e9tition contre la loi Duplomb d\u00e9passait ce mercredi apr\u00e8s-midi 1,8\u00a0million de signatures. Ce chiffre record n\u2019impose, sur le papier, aucune obligation et m\u00eame le d\u00e9bat sans vote \u00e0 l\u2019Assembl\u00e9e est soumis au vote des pr\u00e9sidents de groupe. Mais politiquement parlant, difficile de faire l\u2019impasse sur une mobilisation d\u2019une telle ampleur. Y compris pour le chef de l\u2019\u00c9tat\u00a0?<\/p>\n","protected":false},"excerpt":{"rendered":"VALENTINE CHAPUIS \/ AFP La ministre de l\u2019Agriculture Annie Genevard, le 5\u00a0juin 2025 POLITIQUE &#8211; Espoirs douch\u00e9s\u00a0? Alors&hellip;\n","protected":false},"author":2,"featured_media":269532,"comment_status":"","ping_status":"","sticky":false,"template":"","format":"standard","meta":{"footnotes":""},"categories":[2],"tags":[11,327,1073,1011,27,25754,12,316,25],"class_list":{"0":"post-269531","1":"post","2":"type-post","3":"status-publish","4":"format-standard","5":"has-post-thumbnail","7":"category-actualites","8":"tag-actualites","9":"tag-agriculture","10":"tag-emmanuel-macron","11":"tag-fr","12":"tag-france","13":"tag-loi-duplomb","14":"tag-news","15":"tag-politique","16":"tag-republique-francaise"},"share_on_mastodon":{"url":"https:\/\/pubeurope.com\/@fr\/114906102753132883","error":""},"_links":{"self":[{"href":"https:\/\/www.europesays.com\/fr\/wp-json\/wp\/v2\/posts\/269531","targetHints":{"allow":["GET"]}}],"collection":[{"href":"https:\/\/www.europesays.com\/fr\/wp-json\/wp\/v2\/posts"}],"about":[{"href":"https:\/\/www.europesays.com\/fr\/wp-json\/wp\/v2\/types\/post"}],"author":[{"embeddable":true,"href":"https:\/\/www.europesays.com\/fr\/wp-json\/wp\/v2\/users\/2"}],"replies":[{"embeddable":true,"href":"https:\/\/www.europesays.com\/fr\/wp-json\/wp\/v2\/comments?post=269531"}],"version-history":[{"count":0,"href":"https:\/\/www.europesays.com\/fr\/wp-json\/wp\/v2\/posts\/269531\/revisions"}],"wp:featuredmedia":[{"embeddable":true,"href":"https:\/\/www.europesays.com\/fr\/wp-json\/wp\/v2\/media\/269532"}],"wp:attachment":[{"href":"https:\/\/www.europesays.com\/fr\/wp-json\/wp\/v2\/media?parent=269531"}],"wp:term":[{"taxonomy":"category","embeddable":true,"href":"https:\/\/www.europesays.com\/fr\/wp-json\/wp\/v2\/categories?post=269531"},{"taxonomy":"post_tag","embeddable":true,"href":"https:\/\/www.europesays.com\/fr\/wp-json\/wp\/v2\/tags?post=269531"}],"curies":[{"name":"wp","href":"https:\/\/api.w.org\/{rel}","templated":true}]}}