{"id":269535,"date":"2025-07-24T03:35:10","date_gmt":"2025-07-24T03:35:10","guid":{"rendered":"https:\/\/www.europesays.com\/fr\/269535\/"},"modified":"2025-07-24T03:35:10","modified_gmt":"2025-07-24T03:35:10","slug":"antoine-dupont-lannonce-de-galthie-qui-le-met-mal-a-laise","status":"publish","type":"post","link":"https:\/\/www.europesays.com\/fr\/269535\/","title":{"rendered":"Antoine Dupont\u00a0: L\u2019annonce de Galthi\u00e9 qui le met mal \u00e0 l\u2019aise&#8230;"},"content":{"rendered":"<p>                    Arthur Montagne<br \/>\n                        &#8211;<\/p>\n<p>Journaliste<\/p>\n<p>Affam\u00e9 de sport, il a grandi au son des moteurs de Formule 1 et des exploits de Ronaldinho. Aujourd\u2019hui, diplom\u00e9 d&rsquo;un Master de journalisme de sport, il ne rate plus un Grand Prix de F1 ni un match du PSG, ses deux passions et sp\u00e9cialit\u00e9s<\/p>\n<p class=\"heading\">Interrog\u00e9 sur sa carri\u00e8re, Antoine Dupont a notamment r\u00e9pondu \u00e0 une question au sujet de son capitanat avec le Stade Toulousain mais \u00e9galement le XV de France. Un statut qui ne colle pas totalement avec sa nature discr\u00e8te et r\u00e9serv\u00e9e au point qu&rsquo;il confirme que lorsque Fabien Galthi\u00e9 lui a parl\u00e9 du brassard des Bleus, il s&rsquo;est senti un peu mal \u00e0 l&rsquo;aise dans un premier temps.<\/p>\n<p>R\u00e9f\u00e9rence du rugby mondial, <a href=\"https:\/\/le10sport.com\/rugby\/la-reponse-choquante-lachee-par-antoine-dupont-751511\" rel=\"nofollow noopener\" target=\"_blank\">Antoine Dupont<\/a> s&rsquo;est impos\u00e9 comme le leader du <strong>Stade Toulousain<\/strong> et du<strong> XV de France<\/strong>, deux \u00e9quipes dont il est le capitaine. Un statut que personne ne conteste aujourd&rsquo;hui, mais qui ne correspond pourtant pas au caract\u00e8re du demi-de-m\u00eal\u00e9e, plut\u00f4t discret et introverti. D&rsquo;ailleurs, <strong>Antoine Dupont<\/strong> reconna\u00eet qu&rsquo;il a \u00e9t\u00e9 mal \u00e0 l&rsquo;aise lorsque <strong>Fabien Galthi\u00e9<\/strong> lui a confi\u00e9 le brassard de capitaine des Bleus.<\/p>\n<p>                                            Dupont et le capitanat, des d\u00e9buts compliqu\u00e9s <\/p>\n<p>\u00ab\u00a0On ne m&rsquo;a trop laiss\u00e9 le choix\u00a0! Ce n&rsquo;est pas un r\u00f4le dans lequel je me sentais \u00e0 l&rsquo;aise, j&rsquo;avais juste envie d&rsquo;aller sur le terrain et de jouer au rugby, le ballon sous le bras. Les num\u00e9ros 9 restent des capitaines dans l&rsquo;\u00e2me, c&rsquo;\u00e9tait un c\u00f4t\u00e9 de mon jeu que je n&rsquo;avais pas beaucoup d\u00e9velopp\u00e9, et encore une fois qui ne m&rsquo;int\u00e9ressait pas alors que ce n&rsquo;\u00e9tait pas une bonne chose car il fallait que je l&rsquo;ai. Le coach m&rsquo;a pouss\u00e9 \u00e0 ce r\u00f4le-l\u00e0 parce qu&rsquo;il savait que \u00e7a allait me faire \u00e9voluer aussi en tant que joueur \u00bb, l\u00e2che-t-il au micro du podcast de France Inter Sous le soleil de Platon, avant de poursuivre. <\/p>\n<p>                                            \u00abCe n&rsquo;est pas un r\u00f4le dans lequel je me sentais \u00e0 l&rsquo;aise\u00bb<\/p>\n<p>\u00ab\u00a0\u00c7a ne se refuse pas ? \u00c7a peut. J\u2019ai eu la discussion avec Fabien Galthi\u00e9 o\u00f9 lui m\u2019avait dit qu\u2019il l\u2019avait refus\u00e9 dans un premier temps quand il \u00e9tait joueur pour finalement l\u2019accepter un peu de force plus tard. \u00c7a peut se refuser m\u00eame si c\u2019est difficile. \u00c7a reste quand m\u00eame un honneur. C\u2019est dur \u00e0 refuser, mais je l\u2019ai accept\u00e9 car je me sentais pr\u00eat\u00a0\u00bb, ajoute <strong>Antoine Dupont<\/strong>. <\/p>\n","protected":false},"excerpt":{"rendered":"Arthur Montagne &#8211; Journaliste Affam\u00e9 de sport, il a grandi au son des moteurs de Formule 1 et&hellip;\n","protected":false},"author":2,"featured_media":269536,"comment_status":"","ping_status":"","sticky":false,"template":"","format":"standard","meta":{"footnotes":""},"categories":[1416],"tags":[1011,27,479,1468,60],"class_list":{"0":"post-269535","1":"post","2":"type-post","3":"status-publish","4":"format-standard","5":"has-post-thumbnail","7":"category-rugby","8":"tag-fr","9":"tag-france","10":"tag-rugby","11":"tag-rugby-football","12":"tag-sports"},"share_on_mastodon":{"url":"https:\/\/pubeurope.com\/@fr\/114906118428079038","error":""},"_links":{"self":[{"href":"https:\/\/www.europesays.com\/fr\/wp-json\/wp\/v2\/posts\/269535","targetHints":{"allow":["GET"]}}],"collection":[{"href":"https:\/\/www.europesays.com\/fr\/wp-json\/wp\/v2\/posts"}],"about":[{"href":"https:\/\/www.europesays.com\/fr\/wp-json\/wp\/v2\/types\/post"}],"author":[{"embeddable":true,"href":"https:\/\/www.europesays.com\/fr\/wp-json\/wp\/v2\/users\/2"}],"replies":[{"embeddable":true,"href":"https:\/\/www.europesays.com\/fr\/wp-json\/wp\/v2\/comments?post=269535"}],"version-history":[{"count":0,"href":"https:\/\/www.europesays.com\/fr\/wp-json\/wp\/v2\/posts\/269535\/revisions"}],"wp:featuredmedia":[{"embeddable":true,"href":"https:\/\/www.europesays.com\/fr\/wp-json\/wp\/v2\/media\/269536"}],"wp:attachment":[{"href":"https:\/\/www.europesays.com\/fr\/wp-json\/wp\/v2\/media?parent=269535"}],"wp:term":[{"taxonomy":"category","embeddable":true,"href":"https:\/\/www.europesays.com\/fr\/wp-json\/wp\/v2\/categories?post=269535"},{"taxonomy":"post_tag","embeddable":true,"href":"https:\/\/www.europesays.com\/fr\/wp-json\/wp\/v2\/tags?post=269535"}],"curies":[{"name":"wp","href":"https:\/\/api.w.org\/{rel}","templated":true}]}}