{"id":269541,"date":"2025-07-24T03:39:17","date_gmt":"2025-07-24T03:39:17","guid":{"rendered":"https:\/\/www.europesays.com\/fr\/269541\/"},"modified":"2025-07-24T03:39:17","modified_gmt":"2025-07-24T03:39:17","slug":"que-prepare-cette-ecurie-avec-sa-nouvelle-suspension","status":"publish","type":"post","link":"https:\/\/www.europesays.com\/fr\/269541\/","title":{"rendered":"que pr\u00e9pare cette \u00e9curie avec sa nouvelle suspension ?"},"content":{"rendered":"<p class=\"mb-4 text-lg md:leading-8 break-words\">Le <strong>Grand Prix de Belgique<\/strong> de ce week-end serait d\u00e9cisif pour Ferrari et sa <strong>SF-25 <\/strong>: l&rsquo;\u00e9curie apportera en effet <strong>une am\u00e9lioration majeure<\/strong> qui pourrait bien renverser sa saison en cours\u2026<\/p>\n<p>Suspension arri\u00e8re : l&rsquo;origine d&rsquo;une perc\u00e9e tant attendue ?<\/p>\n<p class=\"mb-4 text-lg md:leading-8 break-words\">Les <strong>performances 2025 <\/strong>de la Scuderia laissent comme <strong>un go\u00fbt d&rsquo;inachev\u00e9<\/strong>. Les tifosi se contentent \u00e0 ce jour de <strong>quelques podiums <\/strong>: quatre <a href=\"https:\/\/www.sportauto.fr\/actu\/sport-actu\/formule-1\/lewis-hamilton-ferrari-f80-f1-essai-video-433784.html\" rel=\"nofollow noopener\" target=\"_blank\" data-ylk=\"slk:pour Charles Leclerc et deux pour Lewis Hamilton;elm:context_link;itc:0;sec:content-canvas\" class=\"link \">pour <strong>Charles Leclerc<\/strong> et deux pour <strong>Lewis Hamilton<\/strong><\/a>, dans une saison d\u00e9s\u00e9quilibr\u00e9e pour l&rsquo;\u00e9quipe italienne. Les espoirs de titres du d\u00e9but d&rsquo;ann\u00e9e <strong>resteront un doux r\u00eave.<br \/><\/strong>McLaren intouchable au sommet du classement provisoire des Constructeurs avec 460 points, il s&rsquo;agit de repartir sur de bonnes bases afin de se maintenir hors de port\u00e9e de Mercedes, 3\u00e8me avec 210 points, et Red Bull, 4\u00e8me avec 172 unit\u00e9s.<br \/>Il faut tout de m\u00eame rappeler que la Ferrari n&rsquo;est pas non plus un \u00ab\u00a0tracteur\u00a0\u00bb. Elle performe durant certains week-end, comme <a href=\"https:\/\/www.sportauto.fr\/actu\/sport-actu\/formule-1\/lart-rencontre-la-vitesse-livrees-speciales-gp-de-silverstone-434670.html\" rel=\"nofollow noopener\" target=\"_blank\" data-ylk=\"slk:en Grande-Bretagne et en Autriche;elm:context_link;itc:0;sec:content-canvas\" class=\"link \">en <strong>Grande-Bretagne<\/strong> et en <strong>Autriche<\/strong><\/a>, mais ne parvient pas \u00e0 <strong>s&rsquo;extraire du peloton<\/strong> et ses r\u00e9sultats <strong>sont discontinus<\/strong>.<br \/>Quel est le <strong>souci<\/strong> de la monoplace ? Eh bien c&rsquo;est le <strong>concept m\u00eame de la voiture.<\/strong> La marque au cheval cabr\u00e9 avait voulu miser gros cette saison, repensant en grande majorit\u00e9<strong> son ch\u00e2ssis et sa suspension<\/strong>.<br \/>Un choix qui n&rsquo;est &#8211; pour le moment &#8211; <strong>pas enti\u00e8rement optimis\u00e9. <\/strong>En t\u00e9moigne une <a href=\"https:\/\/www.sportauto.fr\/actu\/gp-de-belgique-que-prepare-cette-ecurie-avec-sa-nouvelle-suspension-435855.html\" rel=\"nofollow noopener\" target=\"_blank\" data-ylk=\"slk:Lire la suite sur Sport Auto;elm:context_link;itc:0;sec:content-canvas\" class=\"link \">Lire la suite sur Sport Auto<\/a><\/p>\n","protected":false},"excerpt":{"rendered":"Le Grand Prix de Belgique de ce week-end serait d\u00e9cisif pour Ferrari et sa SF-25 : l&rsquo;\u00e9curie apportera&hellip;\n","protected":false},"author":2,"featured_media":269542,"comment_status":"","ping_status":"","sticky":false,"template":"","format":"standard","meta":{"footnotes":""},"categories":[1412],"tags":[2240,1451,2251,1452,1453,1454,1455,1011,27,39448,1975,60],"class_list":{"0":"post-269541","1":"post","2":"type-post","3":"status-publish","4":"format-standard","5":"has-post-thumbnail","7":"category-f1","8":"tag-charles-leclerc","9":"tag-f1","10":"tag-ferrari","11":"tag-formula-1","12":"tag-formula1","13":"tag-formule-1","14":"tag-formule1","15":"tag-fr","16":"tag-france","17":"tag-grand-prix-de-belgique","18":"tag-lewis-hamilton","19":"tag-sports"},"share_on_mastodon":{"url":"https:\/\/pubeurope.com\/@fr\/114906134216492638","error":""},"_links":{"self":[{"href":"https:\/\/www.europesays.com\/fr\/wp-json\/wp\/v2\/posts\/269541","targetHints":{"allow":["GET"]}}],"collection":[{"href":"https:\/\/www.europesays.com\/fr\/wp-json\/wp\/v2\/posts"}],"about":[{"href":"https:\/\/www.europesays.com\/fr\/wp-json\/wp\/v2\/types\/post"}],"author":[{"embeddable":true,"href":"https:\/\/www.europesays.com\/fr\/wp-json\/wp\/v2\/users\/2"}],"replies":[{"embeddable":true,"href":"https:\/\/www.europesays.com\/fr\/wp-json\/wp\/v2\/comments?post=269541"}],"version-history":[{"count":0,"href":"https:\/\/www.europesays.com\/fr\/wp-json\/wp\/v2\/posts\/269541\/revisions"}],"wp:featuredmedia":[{"embeddable":true,"href":"https:\/\/www.europesays.com\/fr\/wp-json\/wp\/v2\/media\/269542"}],"wp:attachment":[{"href":"https:\/\/www.europesays.com\/fr\/wp-json\/wp\/v2\/media?parent=269541"}],"wp:term":[{"taxonomy":"category","embeddable":true,"href":"https:\/\/www.europesays.com\/fr\/wp-json\/wp\/v2\/categories?post=269541"},{"taxonomy":"post_tag","embeddable":true,"href":"https:\/\/www.europesays.com\/fr\/wp-json\/wp\/v2\/tags?post=269541"}],"curies":[{"name":"wp","href":"https:\/\/api.w.org\/{rel}","templated":true}]}}