{"id":269543,"date":"2025-07-24T03:40:10","date_gmt":"2025-07-24T03:40:10","guid":{"rendered":"https:\/\/www.europesays.com\/fr\/269543\/"},"modified":"2025-07-24T03:40:10","modified_gmt":"2025-07-24T03:40:10","slug":"tdf-tour-de-france-un-homme-a-velo-intercepte-juste-avant-larrivee-de-la-17e-etape","status":"publish","type":"post","link":"https:\/\/www.europesays.com\/fr\/269543\/","title":{"rendered":"TDF. Tour de France &#8211; Un homme \u00e0 v\u00e9lo intercept\u00e9 juste avant l\u2019arriv\u00e9e de la 17e \u00e9tape"},"content":{"rendered":"<p>Ce fut une 17e \u00e9tape du <strong><a href=\"https:\/\/www.cyclismactu.net\/..\/news-tdf-route-tour-de-france-jonathan-milan-17e-etape-sous-pluie-grosse-chute-89164.html\" target=\"_blank\" rel=\"nofollow noopener\">Tour de France<\/a><\/strong> entre Boll\u00e8ne et Valence compliqu\u00e9e, aussi bien pour les coureurs que pour les organisateurs. En effet, quelques minutes avant la victoire du surpuissant sprinteur italien <strong>Jonathan Milan<\/strong> (Lidl-Trek), qui, pour rappel, a domin\u00e9 au sprint <strong>Jordi Meeus<\/strong> (Red Bull BORA-Hansgrohe) et <strong>Tobias Lund Andresen<\/strong> (PicNic PostNL), un individu s\u2019est invit\u00e9 \u00e0 v\u00e9lo sur la ligne d\u2019arriv\u00e9e, provoquant l\u2019une des images insolites de cette 112e \u00e9dition, m\u00eame si cela n\u2019a pas \u00e9t\u00e9 diffus\u00e9 sur nos \u00e9crans de t\u00e9l\u00e9vision.<\/p>\n<p>Vid\u00e9o &#8211; Marc Madiot apr\u00e8s l&rsquo;arriv\u00e9e de cette 17e \u00e9tape \u00e0 notre micro Lire la suite de l&rsquo;article&#13;<\/p>\n<blockquote class=\"twitter-tweet\" style=\"width:100%!important;max-width:550px!important;min-width:250px;height:500px;\" data-media-max-width=\"560\"><p>&#13;<\/p>\n<p dir=\"ltr\" lang=\"fr\">On a eu plus de plaquages (2) que de victoire fran\u00e7aise (1) sur ce Tour de France, c&rsquo;est \u00e7a le cyclisme <a href=\"https:\/\/twitter.com\/hashtag\/TDF2025?src=hash&amp;ref_src=twsrc%5Etfw\" rel=\"nofollow noopener\" target=\"_blank\">#TDF2025<\/a> <a href=\"https:\/\/t.co\/fQxW22xrIX\" rel=\"nofollow\">pic.twitter.com\/fQxW22xrIX<\/a><\/p>\n<p>&#13;<br \/>\n\u2014 Cycling Legend (@CyclingLegend_) <a href=\"https:\/\/twitter.com\/CyclingLegend_\/status\/1948133264725586133?ref_src=twsrc%5Etfw\" rel=\"nofollow noopener\" target=\"_blank\">July 23, 2025<\/a><\/p><\/blockquote>\n<p>&#13;<br \/>\n&#13;<\/p>\n<p>\u00a0<\/p>\n<p>&#13;<br \/>\n<strong>Un incident spectaculaire<\/strong>&#13;<\/p>\n<p>\u00c0 l\u2019image de la 11e \u00e9tape autour de Toulouse, c\u2019est <strong>St\u00e9phane Boury<\/strong>, le commissaire g\u00e9n\u00e9ral du<strong> Tour de France<\/strong> (qui avait d\u00e9j\u00e0 intercept\u00e9 un homme \u00e0 l\u2019arriv\u00e9e de l\u2019\u00e9tape de Toulouse), qui s\u2019est d\u2019abord interpos\u00e9, avant qu\u2019un CRS ne percute l\u2019homme, rev\u00eatu d\u2019un casque noir et habill\u00e9 d\u2019un maillot de la formation <strong>Decathlon AG2R La Mondiale<\/strong>. Ce cycliste a \u00e9t\u00e9 intercept\u00e9 tr\u00e8s peu de temps avant l\u2019arriv\u00e9e des coureurs. Pour le moment, aucun commentaire de l\u2019organisation (A.S.O.) n\u2019a \u00e9t\u00e9 ajout\u00e9.<\/p>\n<p>Tour de France &#8211; Classement de la 17\u00e8 \u00e9tape Tour de France &#8211; Classement g\u00e9n\u00e9ral provisoire apr\u00e8s la 17\u00e8 \u00e9tape<script async src=\"https:\/\/platform.twitter.com\/widgets.js\" charset=\"utf-8\"><\/script><\/p>\n","protected":false},"excerpt":{"rendered":"Ce fut une 17e \u00e9tape du Tour de France entre Boll\u00e8ne et Valence compliqu\u00e9e, aussi bien pour les&hellip;\n","protected":false},"author":2,"featured_media":269544,"comment_status":"","ping_status":"","sticky":false,"template":"","format":"standard","meta":{"footnotes":""},"categories":[1411],"tags":[1154,207,211,1011,27,209,60,210,212,208,213],"class_list":{"0":"post-269543","1":"post","2":"type-post","3":"status-publish","4":"format-standard","5":"has-post-thumbnail","7":"category-cyclisme","8":"tag-cycling","9":"tag-cyclisme","10":"tag-ffc","11":"tag-fr","12":"tag-france","13":"tag-route","14":"tag-sports","15":"tag-tour-de-france","16":"tag-uci","17":"tag-velo","18":"tag-world-tour"},"share_on_mastodon":{"url":"https:\/\/pubeurope.com\/@fr\/114906138082916808","error":""},"_links":{"self":[{"href":"https:\/\/www.europesays.com\/fr\/wp-json\/wp\/v2\/posts\/269543","targetHints":{"allow":["GET"]}}],"collection":[{"href":"https:\/\/www.europesays.com\/fr\/wp-json\/wp\/v2\/posts"}],"about":[{"href":"https:\/\/www.europesays.com\/fr\/wp-json\/wp\/v2\/types\/post"}],"author":[{"embeddable":true,"href":"https:\/\/www.europesays.com\/fr\/wp-json\/wp\/v2\/users\/2"}],"replies":[{"embeddable":true,"href":"https:\/\/www.europesays.com\/fr\/wp-json\/wp\/v2\/comments?post=269543"}],"version-history":[{"count":0,"href":"https:\/\/www.europesays.com\/fr\/wp-json\/wp\/v2\/posts\/269543\/revisions"}],"wp:featuredmedia":[{"embeddable":true,"href":"https:\/\/www.europesays.com\/fr\/wp-json\/wp\/v2\/media\/269544"}],"wp:attachment":[{"href":"https:\/\/www.europesays.com\/fr\/wp-json\/wp\/v2\/media?parent=269543"}],"wp:term":[{"taxonomy":"category","embeddable":true,"href":"https:\/\/www.europesays.com\/fr\/wp-json\/wp\/v2\/categories?post=269543"},{"taxonomy":"post_tag","embeddable":true,"href":"https:\/\/www.europesays.com\/fr\/wp-json\/wp\/v2\/tags?post=269543"}],"curies":[{"name":"wp","href":"https:\/\/api.w.org\/{rel}","templated":true}]}}