{"id":269545,"date":"2025-07-24T03:41:10","date_gmt":"2025-07-24T03:41:10","guid":{"rendered":"https:\/\/www.europesays.com\/fr\/269545\/"},"modified":"2025-07-24T03:41:10","modified_gmt":"2025-07-24T03:41:10","slug":"igor-paixao-a-lom-le-like-qui-affole-la-canebiere","status":"publish","type":"post","link":"https:\/\/www.europesays.com\/fr\/269545\/","title":{"rendered":"Igor Paix\u00e3o \u00e0 l\u2019OM ? Le like qui affole la Canebi\u00e8re !"},"content":{"rendered":"<p>Alors que son arriv\u00e9e semblait boucl\u00e9e, Igor Paix\u00e3o s\u00e8me encore le doute. R\u00e9seaux sociaux, tension entre clubs, r\u00e9union pr\u00e9vue : l\u2019OM pi\u00e9tine dans ce dossier br\u00fblant.<\/p>\n<p>35 M\u20ac sur la table\u2026 et un dossier fig\u00e9<\/p>\n<p>L\u2019Olympique de Marseille est pr\u00eat \u00e0 frapper fort : 35 millions d\u2019euros pour s\u2019offrir Igor Paix\u00e3o, ailier br\u00e9silien de Feyenoord. Un montant record pour le club, qui ferait de lui la recrue la plus ch\u00e8re de l\u2019histoire. Mais depuis 24 heures, les signaux sont contradictoires : la r\u00e9union d\u00e9cisive avec Feyenoord tarde \u00e0 livrer ses fruits, et les n\u00e9gociations semblent \u00e0 l\u2019arr\u00eat.<\/p>\n<p>Sur Instagram, Paix\u00e3o souffle le chaud et le froid<\/p>\n<p>Alors que l\u2019affaire semble bloqu\u00e9e, le joueur a aliment\u00e9 les sp\u00e9culations. Il a <strong>lik\u00e9 le compte officiel de l\u2019OM<\/strong>, tout en partageant une story relayant un appel de fans n\u00e9erlandais pour qu\u2019il reste \u00e0 Rotterdam.<\/p>\n<p>Simple strat\u00e9gie de com\u2019 ? Pression pour faire bouger Feyenoord ? Le flou persiste autour des intentions du joueur et de ses repr\u00e9sentants.<\/p>\n<p>La Minute OM appelle au calme<\/p>\n<p>Face aux rumeurs d\u2019un transfert avort\u00e9, le m\u00e9dia proche du club, <strong>La Minute OM<\/strong>, a r\u00e9agi ce matin :<\/p>\n<p>\u00ab Encore une fois n\u2019\u00e9coutez pas les rumeurs sur un arr\u00eat des discussions. Laissons le club travailler tranquillement. \u00bb<\/p>\n<p>Un joueur qui coche toutes les cases<\/p>\n<p>\u00c0 25 ans, Paix\u00e3o impressionne par son explosivit\u00e9, son sens du dribble et sa capacit\u00e9 \u00e0 casser les lignes. Si l\u2019OM parvient \u00e0 le faire venir, ce serait un vrai coup fort pour la saison \u00e0 venir. Mais tant que Feyenoord ne donne pas son feu vert, Marseille reste dans l\u2019attente.<\/p>\n","protected":false},"excerpt":{"rendered":"Alors que son arriv\u00e9e semblait boucl\u00e9e, Igor Paix\u00e3o s\u00e8me encore le doute. R\u00e9seaux sociaux, tension entre clubs, r\u00e9union&hellip;\n","protected":false},"author":2,"featured_media":269546,"comment_status":"","ping_status":"","sticky":false,"template":"","format":"standard","meta":{"footnotes":""},"categories":[1410],"tags":[11,448,63,1011,27,66,3388,12,60,10662],"class_list":{"0":"post-269545","1":"post","2":"type-post","3":"status-publish","4":"format-standard","5":"has-post-thumbnail","7":"category-football","8":"tag-actualites","9":"tag-champions-league","10":"tag-football","11":"tag-fr","12":"tag-france","13":"tag-ligue-1","14":"tag-matchs","15":"tag-news","16":"tag-sports","17":"tag-transferts"},"share_on_mastodon":{"url":"https:\/\/pubeurope.com\/@fr\/114906142143770043","error":""},"_links":{"self":[{"href":"https:\/\/www.europesays.com\/fr\/wp-json\/wp\/v2\/posts\/269545","targetHints":{"allow":["GET"]}}],"collection":[{"href":"https:\/\/www.europesays.com\/fr\/wp-json\/wp\/v2\/posts"}],"about":[{"href":"https:\/\/www.europesays.com\/fr\/wp-json\/wp\/v2\/types\/post"}],"author":[{"embeddable":true,"href":"https:\/\/www.europesays.com\/fr\/wp-json\/wp\/v2\/users\/2"}],"replies":[{"embeddable":true,"href":"https:\/\/www.europesays.com\/fr\/wp-json\/wp\/v2\/comments?post=269545"}],"version-history":[{"count":0,"href":"https:\/\/www.europesays.com\/fr\/wp-json\/wp\/v2\/posts\/269545\/revisions"}],"wp:featuredmedia":[{"embeddable":true,"href":"https:\/\/www.europesays.com\/fr\/wp-json\/wp\/v2\/media\/269546"}],"wp:attachment":[{"href":"https:\/\/www.europesays.com\/fr\/wp-json\/wp\/v2\/media?parent=269545"}],"wp:term":[{"taxonomy":"category","embeddable":true,"href":"https:\/\/www.europesays.com\/fr\/wp-json\/wp\/v2\/categories?post=269545"},{"taxonomy":"post_tag","embeddable":true,"href":"https:\/\/www.europesays.com\/fr\/wp-json\/wp\/v2\/tags?post=269545"}],"curies":[{"name":"wp","href":"https:\/\/api.w.org\/{rel}","templated":true}]}}