{"id":26955,"date":"2025-04-15T16:25:09","date_gmt":"2025-04-15T16:25:09","guid":{"rendered":"https:\/\/www.europesays.com\/fr\/26955\/"},"modified":"2025-04-15T16:25:09","modified_gmt":"2025-04-15T16:25:09","slug":"cyclisme-parcours-profil-sites-les-cartes-des-mondiaux-2027-en-haute-savoie-revelees-le-dauphine-libere","status":"publish","type":"post","link":"https:\/\/www.europesays.com\/fr\/26955\/","title":{"rendered":"Cyclisme. Parcours, profil, sites&#8230; Les cartes des Mondiaux 2027 en Haute-Savoie r\u00e9v\u00e9l\u00e9es ! &#8211; Le Dauphin\u00e9 Lib\u00e9r\u00e9"},"content":{"rendered":"<ol>\n<li><a href=\"https:\/\/news.google.com\/rss\/articles\/CBMitgFBVV95cUxPNEJpcFJPLXk4aGFSMnowR2dkdWpKUGY2ek1OQzU5YW5NY3FJSlN2R3FPRW11TUZpQ01vclgwTWtidlNJWmNSOFRLTGtSbUJta2o0VU1LZWZ1aVk4S1dIQzlOb0hubW56NmUzcUVSNV8ydzdlbVNpNzFCVl9xYXNoeFU5QjVONUdGRUlMOThMSE00Mmsxdm81c1lNcVJNSWlJQ0Rfb2FqM1JRZ0s2bmhCN1dSMmpsdw?oc=5\" target=\"_blank\" rel=\"noopener\">Cyclisme. Parcours, profil, sites&#8230; Les cartes des Mondiaux 2027 en Haute-Savoie r\u00e9v\u00e9l\u00e9es !<\/a>&nbsp;&nbsp;Le Dauphin\u00e9 Lib\u00e9r\u00e9<\/li>\n<li><a href=\"https:\/\/news.google.com\/rss\/articles\/CBMi9AFBVV95cUxPX2NQd3Zvem4ySGRNMHB1NGY0Tnl2dFJOT1A4NXJmaXRuUmhBRjVLZi0zbTlaOU9QendmV192cVBPRVdMOE5Ya2JaYmFxS2ZSUXVwQTA2V1g2dVROUmJPZy1OODNGQXJ2YWYtZm1MUWd6dURBN0UwZFBWWXU2akE5ajY1QXM5SE4wb0twdmp4RUVBc0ZFX0RMLU11X1cyaEVJVFJRenBWWFBwbDh3Q2xRNFhkbnA4V25YeWFYNGxocnlzVlQ3LVpKUk9GOGs0b0JjQkhxMDExOGFXMms4T0dGYVlEeTB1UlV2dEExck4tWHk1RVNt?oc=5\" target=\"_blank\" rel=\"noopener\">Bernard Hinault : \u00ab Tadej Pogacar est celui qui ressemble le plus aux vieux guerriers comme Merckx et moi \u00bb<\/a>&nbsp;&nbsp;L&rsquo;\u00c9quipe<\/li>\n<li><a href=\"https:\/\/news.google.com\/rss\/articles\/CBMi-gFBVV95cUxNcEUyV3FONlBialRkMUYtc0VUWXR4SG1IRUYyQnhwSzU4TGlHZmI5UlprblBORUxQaXNCdHVuX1NrU2ZPZDV0MExCbDM2R1MtMG01WUh4dHRoU0JnRXJNa1FWQnlBcm85VW50N21HSEY4SXh3TjdRRUVXd0ZRVkZVVW9NVE9qSjBkYlllVHpYc19KYXoyVFhCTkNtTEFBTmJ5MlR5bDJMN1pibi1MMHg1ZV83NXRkTUR1b3QwVUNqSTBNTDl1TmY4TXBsMmNiaW9mUHBpTTNGdGVtRlBnd0NsRVVKbHFTN1lLdTV0YVYwQk9Ud2dwQnZsTFlR?oc=5\" target=\"_blank\" rel=\"noopener\">Mondiaux 2027 : Les \u00e9preuves sur piste auront lieu \u00e0 Saint-Quentin<\/a>&nbsp;&nbsp;Eurosport<\/li>\n<li><a href=\"https:\/\/news.google.com\/rss\/articles\/CBMi0gFBVV95cUxQVDNZNnJTQ0dJQ2s5Y1J4QXBHLWlmQkR6M1VOWWEzWmRvWVpZUF9tWXhOaXBIa04tU1U3UE05eFhpSlRpaGlmMHNwNDl1T09wMlZhZ2dObVpaLWREYm9TdGhOb1BBZ1h0bTZmb3NUOHhyS1VtUG93M2VjNWE5RHpmRGM0b1I0MGpRQVRnU3M2NjYyYkFLVlpqd1BBaUJYLU1JQ1NrMW41TVV1bzVDMW9aa1VlOW81YkNFdWRuYTk2RURQWHV1bmNNN0tnSUlhZ2U1bGfSAdIBQVVfeXFMTkxuLWczQzBvNlZmbWpQdEZsM0pCUFpFbFhVZEJldm15SXlzcC12VW8tY01zeGswb3JGMld1cXRPMmVmaHpyUWJXeDNQQ1N3aWtaeGZqS0tmQnp1SU5OS2YtZ3I1WUdLdVhnajN1YmZabFg5dXlrYnNiUFRaaDdnRFA1NHNxUmd6X1BYM0hUQTBndkJzWUVJRkg3Yk1SZjFqUzloMzE5RUNSNXFOUU9VaUxhTWRSWDFMM1lYV3JwLURqUGR2Z0lJRW1qZjJRMG96dGhB?oc=5\" target=\"_blank\" rel=\"noopener\">Championnats du Monde: Cyclism\u2019Actu \u00e0 Sallanches et Domancy, avec Bernard Hinault<\/a>&nbsp;&nbsp;Cyclism&rsquo;Actu<\/li>\n<li><a href=\"https:\/\/news.google.com\/rss\/articles\/CBMimwFBVV95cUxOTF8zbmFrQ1Jfck9LZGI4ejdGWnhQTlJ0ZUhYdVNoS3N0WHhkeUFYU2M3WXRKcXNVcUlYd25TTGRMc3lJWTlHc3ByTUpCcklPN2tUanFUTEhZbFlCbVlXcnVKLW9xWlg0UkJWV240TGEzN1B1TXp2RDRORWRHdExmQnRWQ0ZtdEFXbWZXUmkyVEFrRHN5VkJKTkp2Zw?oc=5\" target=\"_blank\" rel=\"noopener\">Mondial 2027 en Haute-Savoie : Tous les sites r\u00e9v\u00e9l\u00e9s<\/a>&nbsp;&nbsp;DirectVelo<\/li>\n<\/ol>\n","protected":false},"excerpt":{"rendered":"Cyclisme. Parcours, profil, sites&#8230; Les cartes des Mondiaux 2027 en Haute-Savoie r\u00e9v\u00e9l\u00e9es !&nbsp;&nbsp;Le Dauphin\u00e9 Lib\u00e9r\u00e9 Bernard Hinault :&hellip;\n","protected":false},"author":2,"featured_media":26956,"comment_status":"","ping_status":"","sticky":false,"template":"","format":"standard","meta":{"footnotes":""},"categories":[1411],"tags":[1154,207,9543,107,1701,1011,27,5325,2798,9540,4638,9541,9542,273,517,1947,60],"class_list":{"0":"post-26955","1":"post","2":"type-post","3":"status-publish","4":"format-standard","5":"has-post-thumbnail","7":"category-cyclisme","8":"tag-cycling","9":"tag-cyclisme","10":"tag-edition-mont-blanc-arve","11":"tag-fil-info","12":"tag-fil-info-sport","13":"tag-fr","14":"tag-france","15":"tag-galerie-media","16":"tag-galerie-photo","17":"tag-galerie-sport","18":"tag-haute-savoie","19":"tag-sallanches","20":"tag-sallanches-bassin","21":"tag-selection-de-la-redaction","22":"tag-sport","23":"tag-sport-national","24":"tag-sports"},"share_on_mastodon":{"url":"https:\/\/pubeurope.com\/@fr\/114342915164216810","error":""},"_links":{"self":[{"href":"https:\/\/www.europesays.com\/fr\/wp-json\/wp\/v2\/posts\/26955","targetHints":{"allow":["GET"]}}],"collection":[{"href":"https:\/\/www.europesays.com\/fr\/wp-json\/wp\/v2\/posts"}],"about":[{"href":"https:\/\/www.europesays.com\/fr\/wp-json\/wp\/v2\/types\/post"}],"author":[{"embeddable":true,"href":"https:\/\/www.europesays.com\/fr\/wp-json\/wp\/v2\/users\/2"}],"replies":[{"embeddable":true,"href":"https:\/\/www.europesays.com\/fr\/wp-json\/wp\/v2\/comments?post=26955"}],"version-history":[{"count":0,"href":"https:\/\/www.europesays.com\/fr\/wp-json\/wp\/v2\/posts\/26955\/revisions"}],"wp:featuredmedia":[{"embeddable":true,"href":"https:\/\/www.europesays.com\/fr\/wp-json\/wp\/v2\/media\/26956"}],"wp:attachment":[{"href":"https:\/\/www.europesays.com\/fr\/wp-json\/wp\/v2\/media?parent=26955"}],"wp:term":[{"taxonomy":"category","embeddable":true,"href":"https:\/\/www.europesays.com\/fr\/wp-json\/wp\/v2\/categories?post=26955"},{"taxonomy":"post_tag","embeddable":true,"href":"https:\/\/www.europesays.com\/fr\/wp-json\/wp\/v2\/tags?post=26955"}],"curies":[{"name":"wp","href":"https:\/\/api.w.org\/{rel}","templated":true}]}}