{"id":269551,"date":"2025-07-24T03:44:21","date_gmt":"2025-07-24T03:44:21","guid":{"rendered":"https:\/\/www.europesays.com\/fr\/269551\/"},"modified":"2025-07-24T03:44:21","modified_gmt":"2025-07-24T03:44:21","slug":"uneencyclopedie-fantastique-par-les-eleves-de-notre-dame","status":"publish","type":"post","link":"https:\/\/www.europesays.com\/fr\/269551\/","title":{"rendered":"Uneencyclop\u00e9die fantastique par les \u00e9l\u00e8ves de Notre-Dame"},"content":{"rendered":"<p>\n                                                                Les \u00e9l\u00e8ves de CE2, CM1 et CM2 de l\u2019\u00e9cole Notre-Dame ont invent\u00e9 45 animaux imaginaires dans un livre unique inspir\u00e9 des Pyr\u00e9n\u00e9es.\n                            <\/p>\n<p>Connaissez-vous le faipaete, le sanzard, le correil, la marille, ou encore le choflon ? Eh bien, eux oui ! Le th\u00e8me de l\u2019\u00e9cole portant cette ann\u00e9e sur les Pyr\u00e9n\u00e9es, les \u00e9l\u00e8ves de CE2, CM1 et CM2 de l\u2019\u00e9cole Notre Dame d\u2019Argel\u00e8s-Gazost ont en effet eu la chance d\u2019aller \u00e0 la rencontre de ces animaux fantastiques et \u00e9tonnants en plein c\u0153ur des Pyr\u00e9n\u00e9es ! De cette rencontre est n\u00e9 un superbe ouvrage \u00ab\u00a0Encyclop\u00e9die fantastique des Pyr\u00e9n\u00e9es : les animaux imaginaires\u00a0\u00bb, un livre \u00e9crit et illustr\u00e9 par les \u00e9l\u00e8ves des deux classes de CE2, CM1, CM2 de l\u2019\u00e9cole Notre Dame d\u2019Argel\u00e8s-Gazost pendant l\u2019ann\u00e9e scolaire 2024-2025.<\/p>\n<p>Dans ce dictionnaire, on d\u00e9couvre des animaux rencontr\u00e9s au plus profond des montagnes des Pyr\u00e9n\u00e9es, ou plut\u00f4t au plus profond de l\u2019imagination de ces jeunes \u00e9l\u00e8ves de la vall\u00e9e. \u00ab\u00a0Parmi ces cr\u00e9ations fantastiques, on trouve le crassan, \u00e0 la t\u00eate de crapaud et au corps de faisan, myope avec de grands yeux, un animal rigolo, qui vit pr\u00e8s du lac de Lourdes. On y d\u00e9couvre aussi un animal \u00e9ternel, le louvre, mi loup, mi li\u00e8vre, solitaire et sans famille, qui creuse sous terre, et fait des b\u00e9b\u00e9s tout seul !\u00a0\u00bb pr\u00e9sente l\u2019un des jeunes \u00e9l\u00e8ves.<\/p>\n<p>A partir d\u2019un tirage au sort d\u2019\u00e9tiquettes d\u2019animaux bien r\u00e9els vivant dans les Pyr\u00e9n\u00e9es, 45 animaux bizarres ont ainsi \u00e9t\u00e9 invent\u00e9s et cr\u00e9\u00e9s de toutes pi\u00e8ces par les auteurs en herbe, un animal par \u00e9l\u00e8ve. Pour chaque animal, est consacr\u00e9e une planche enti\u00e8re comme dans une encyclop\u00e9die, sur laquelle on trouve la description de l\u2019animal, sa carte d\u2019identit\u00e9, ses empreintes, son mode de vie, son alimentation, son lieu de vie illustr\u00e9 gr\u00e2ce \u00e0 des cartes de Robert B\u00e9gu\u00e9, son mode de reproduction, ainsi qu\u2019un zoom sur une caract\u00e9ristique particuli\u00e8re, mais aussi des observations personnelles, et m\u00eame une petite rubrique \u00ab\u00a0le sais-tu ?\u00a0\u00bb. Dans ce livre, les \u00e9l\u00e8ves proposent \u00e9galement aux lecteurs un petit d\u00e9fi. Pour chaque cr\u00e9ature fantastique, il faut deviner les deux animaux bien r\u00e9els qui l\u2019ont inspir\u00e9e.<\/p>\n<p>Ce livre a \u00e9t\u00e9 r\u00e9alis\u00e9 au cours d\u2019ateliers d\u2019\u00e9criture men\u00e9s par Christelle de Bilbao, en partenariat avec la m\u00e9diath\u00e8que d\u2019Argel\u00e8s-Gazost. Pendant un trimestre, Christelle a \u00e9t\u00e9 accueillie tous les mois dans les classes de Matthieu Roullier-Gall et H\u00e9lo\u00efse Ignolin, afin d\u2019aider et accompagner les enfants \u00e0 d\u00e9crire ce qu\u2019ils ont imagin\u00e9 dans ce dictionnaire. Et comme en t\u00e9moigne la biblioth\u00e9caire, \u00ab\u00a0les \u00e9l\u00e8ves se sont vraiment investis dans la cr\u00e9ation et la r\u00e9daction de ce livre. Fortement motiv\u00e9s par la publication de l\u2019ouvrage, ils ont fait preuve d\u2019un bel enthousiasme, et surtout d\u2019une imagination d\u00e9bordante\u00a0\u00bb. M\u00eame s\u2019ils ont d\u00e9j\u00e0 particip\u00e9 \u00e0 des ateliers d\u2019\u00e9criture et ont d\u00e9j\u00e0 l\u2019habitude d\u2019\u00e9crire, \u00ab\u00a0le plus difficile explique l\u2019un des enfants, fut de r\u00e9\u00e9crire et de compl\u00e9ter les pages, afin de donner envie \u00e0 d\u2019autres enfants de d\u00e9couvrir ce livre\u00a0\u00bb.<\/p>\n<p>Cet ouvrage, r\u00e9alis\u00e9 avec le pr\u00e9cieux soutien de la commune d\u2019Argel\u00e8s-Gazost, a \u00e9t\u00e9 tir\u00e9 \u00e0 une centaine d\u2019exemplaires. En cadeau de fin d\u2019ann\u00e9e, un exemplaire a \u00e9t\u00e9 remis \u00e0 chacun des \u00e9l\u00e8ves participants : la concr\u00e9tisation d\u2019un beau travail ! Le livre est aussi en vente \u00e0 la librairie B\u00e9gu\u00e9 et peut \u00eatre emprunt\u00e9 \u00e0 la Bibliotheque d\u2019Argel\u00e8s-Gazost.<\/p>\n<p>\u00ab\u00a0Une belle aventure litt\u00e9raire, fruit d\u2019un travail collectif, d\u2019une belle \u00e9nergie partag\u00e9e &#8230; et d\u2019un vrai plaisir d\u2019\u00e9crire ensemble\u00a0\u00bb, a soulign\u00e9 le directeur de l\u2019\u00e9cole Matthieu Roullier-Gall.<\/p>\n<p>N\u2019h\u00e9sitez pas \u00e0 plonger dans cet univers o\u00f9 la nature rencontre l\u2019imaginaire port\u00e9 par la cr\u00e9ativit\u00e9 de ces jeunes auteurs en herbe.<\/p>\n","protected":false},"excerpt":{"rendered":"Les \u00e9l\u00e8ves de CE2, CM1 et CM2 de l\u2019\u00e9cole Notre-Dame ont invent\u00e9 45 animaux imaginaires dans un livre&hellip;\n","protected":false},"author":2,"featured_media":269552,"comment_status":"","ping_status":"","sticky":false,"template":"","format":"standard","meta":{"footnotes":""},"categories":[1357],"tags":[1379,58,59,1011,27,1380],"class_list":{"0":"post-269551","1":"post","2":"type-post","3":"status-publish","4":"format-standard","5":"has-post-thumbnail","7":"category-livres","8":"tag-books","9":"tag-divertissement","10":"tag-entertainment","11":"tag-fr","12":"tag-france","13":"tag-livres"},"share_on_mastodon":{"url":"https:\/\/pubeurope.com\/@fr\/114906153954157216","error":""},"_links":{"self":[{"href":"https:\/\/www.europesays.com\/fr\/wp-json\/wp\/v2\/posts\/269551","targetHints":{"allow":["GET"]}}],"collection":[{"href":"https:\/\/www.europesays.com\/fr\/wp-json\/wp\/v2\/posts"}],"about":[{"href":"https:\/\/www.europesays.com\/fr\/wp-json\/wp\/v2\/types\/post"}],"author":[{"embeddable":true,"href":"https:\/\/www.europesays.com\/fr\/wp-json\/wp\/v2\/users\/2"}],"replies":[{"embeddable":true,"href":"https:\/\/www.europesays.com\/fr\/wp-json\/wp\/v2\/comments?post=269551"}],"version-history":[{"count":0,"href":"https:\/\/www.europesays.com\/fr\/wp-json\/wp\/v2\/posts\/269551\/revisions"}],"wp:featuredmedia":[{"embeddable":true,"href":"https:\/\/www.europesays.com\/fr\/wp-json\/wp\/v2\/media\/269552"}],"wp:attachment":[{"href":"https:\/\/www.europesays.com\/fr\/wp-json\/wp\/v2\/media?parent=269551"}],"wp:term":[{"taxonomy":"category","embeddable":true,"href":"https:\/\/www.europesays.com\/fr\/wp-json\/wp\/v2\/categories?post=269551"},{"taxonomy":"post_tag","embeddable":true,"href":"https:\/\/www.europesays.com\/fr\/wp-json\/wp\/v2\/tags?post=269551"}],"curies":[{"name":"wp","href":"https:\/\/api.w.org\/{rel}","templated":true}]}}