{"id":269553,"date":"2025-07-24T03:45:59","date_gmt":"2025-07-24T03:45:59","guid":{"rendered":"https:\/\/www.europesays.com\/fr\/269553\/"},"modified":"2025-07-24T03:45:59","modified_gmt":"2025-07-24T03:45:59","slug":"la-production-de-fort-boyard-nous-explique-pourquoi-il-ny-aura-que-cinq-candidats-ce-samedi","status":"publish","type":"post","link":"https:\/\/www.europesays.com\/fr\/269553\/","title":{"rendered":"La production de Fort Boyard nous explique pourquoi il n&rsquo;y aura que cinq candidats ce samedi"},"content":{"rendered":"<p>Fort Boyard est le rendez-vous de l&rsquo;\u00e9t\u00e9 depuis trente-cinq ans maintenant. Chaque saison, diff\u00e9rentes \u00e9quipes de candidats voguent vers le fort en esp\u00e9rant r\u00e9colter le maximum de boyards pour des associations. Ce samedi 26 juillet 2025, l&rsquo;\u00e9quipe de l&rsquo;humoriste Maxime Gasteuil devra faire face \u00e0 une difficult\u00e9, car elle ne sera compos\u00e9e que de cinq membres au lieu de six habituellement. La production du jeu de France 2 nous donne plus d&rsquo;explications.<\/p>\n<p>Cet \u00e9t\u00e9, les fid\u00e8les de France 2 retrouvent pour la trente-cinqui\u00e8me ann\u00e9e<a href=\"https:\/\/www.programme-tv.net\/news\/tv\/381445-fort-boyard-2025-date-de-diffusion-derniere-saison-d-olivier-minne-nouveautes-toutes-les-infos-sur-le-jeu-de-france-2\/\" data-api-deeplink=\"teleloisirs:\/\/news\/381445\" target=\"_blank\" rel=\"noopener\"> Fort Boyard<\/a>. Pour la derni\u00e8re saison anim\u00e9e par Olivier Minne, qui rejoindra d\u00e8s la rentr\u00e9e le groupe M6, le P\u00e8re Fouras revient aux origines. Pour essayer d&rsquo;enrayer la perte de son tr\u00e9sor, il a d\u00e9cid\u00e9 de muscler son jeu et de faire appel aux meilleurs employ\u00e9s qu&rsquo;il a eus au cours des diff\u00e9rentes saisons. De quoi procurer plus de probl\u00e8mes \u00e0 ceux qui accostent sur le Fort avec l\u2019espoir de rapporter un maximum de boyards pour leur association. Ce qui n&rsquo;a pas emp\u00each\u00e9 l&rsquo;\u00e9quipe dirig\u00e9e par <a href=\"https:\/\/www.programme-tv.net\/biographie\/213-bern-stephane\/\" data-link-people=\"6ed98eb8-e482-4cb5-a60c-ea6a798c07c8\" target=\"_blank\" rel=\"noopener\">St\u00e9phane Bern<\/a>, compos\u00e9e de <a href=\"https:\/\/www.programme-tv.net\/biographie\/138464-bousquet-frederick\/\" data-link-people=\"03d885a7-36e3-4ea7-b060-5df1a088c0f1\" target=\"_blank\" rel=\"noopener\">Fr\u00e9d\u00e9rick Bousquet<\/a>, Virginie Sainsily, Marie, <a href=\"https:\/\/www.programme-tv.net\/biographie\/401078-mohamed-jimmy\/\" data-link-people=\"a90f0ede-4922-41c5-a56f-b35167d696fd\" target=\"_blank\" rel=\"noopener\">Jimmy Mohamed<\/a> \u2014<a href=\"https:\/\/www.programme-tv.net\/news\/tv\/383609-jimmy-mohamed-blesse-dans-fort-boyard-voici-ce-qui-a-ete-montre-dans-l-emission\/\" data-api-deeplink=\"teleloisirs:\/\/news\/383609\" target=\"_blank\" rel=\"noopener\">victime d&rsquo;une blessure<\/a> \u2014 et <a href=\"https:\/\/www.programme-tv.net\/biographie\/432618-curin-theo\/\" data-link-people=\"2cad292f-570d-4a3e-92da-35c11c1e97d4\" target=\"_blank\" rel=\"noopener\">Th\u00e9o Curin<\/a>, de<a href=\"https:\/\/www.programme-tv.net\/news\/tv\/383452-fort-boyard-2025-combien-d-argent-a-gagne-l-equipe-de-stephane-bern-ce-samedi-19-juillet\/\" data-api-deeplink=\"teleloisirs:\/\/news\/383452\" target=\"_blank\" rel=\"noopener\"> remporter 20 538 euros<\/a> au profit de l&rsquo;association Stand Speak Rise Up!.<\/p>\n<p>                        Fort Boyard 2025 : l&rsquo;\u00e9quipe de Maxime Gasteuil aura un l\u00e9ger d\u00e9savantage ce samedi 26 juillet, voici pourquoi<\/p>\n<p>Pour ce samedi 26 juillet, c&rsquo;est l&rsquo;\u00e9quipe dirig\u00e9e par <b>Maxime Gasteuil<\/b> qui tentera de soutirer un maximum de pi\u00e8ces d&rsquo;or au P\u00e8re Fouras. Pour l&rsquo;accompagner, l&rsquo;humoriste a choisi de faire appel \u00e0 son ami et confr\u00e8re<b> <\/b><a href=\"https:\/\/www.programme-tv.net\/biographie\/219461-bougheraba-redouane\/\" data-link-people=\"93954289-a641-4fb8-ae07-cc5ff43379c2\" target=\"_blank\" rel=\"noopener\"><b>Redouane Bougheraba<\/b><\/a>. Ils seront entour\u00e9s d&rsquo;un trio de com\u00e9diennes : <a href=\"https:\/\/www.programme-tv.net\/biographie\/2616-breitman-zabou\/\" data-link-people=\"a23c0fcc-f636-4071-856c-534c70dd44c2\" target=\"_blank\" rel=\"noopener\"><b>Zabou Breitman<\/b><\/a>, <a href=\"https:\/\/www.programme-tv.net\/biographie\/168789-azem-manon\/\" data-link-people=\"ada73d66-ed0e-437a-94fd-b5427703bd0a\" target=\"_blank\" rel=\"noopener\"><b>Manon Azem<\/b><\/a> et<b> <\/b><a href=\"https:\/\/www.programme-tv.net\/biographie\/46526-anglade-caroline\/\" data-link-people=\"d5c9dd81-fd07-4639-9f89-741870f362a0\" target=\"_blank\" rel=\"noopener\"><b>Caroline Anglade<\/b><\/a>. Alors que toutes les \u00e9quipes comprenaient six candidats, celle-ci n&rsquo;en compte que cinq. Alors bien qu\u2019il soit pr\u00eat \u00e0 tout pour garder son pactole, le P\u00e8re Fouras n&rsquo;est quand m\u00eame pas enclin \u00e0 supprimer un participant. Interrog\u00e9e par T\u00e9l\u00e9-Loisirs, ALP, la production de l&rsquo;\u00e9mission, nous a livr\u00e9 la vraie raison de ce manque d&rsquo;effectif : \u00ab\u00a0<b>Maxime Gasteuil nous a demand\u00e9 d\u2019\u00eatre entour\u00e9 que de personnes qu\u2019il connaissait bien <\/b>mais nous avons eu une annulation au dernier moment.\u00a0\u00bb<\/p>\n<p>            Pour quelle association jouera l&rsquo;\u00e9quipe de Maxime Gasteuil dans Fort Boyard sur France 2 ce samedi soir ?<\/p>\n<p>Malgr\u00e9 un candidat absent, les cinq c\u00e9l\u00e9brit\u00e9s donneront le meilleur d&rsquo;eux-m\u00eames pour<b> <\/b>l&rsquo;association<b> <\/b>PHOCEO, le fonds de dotation de l\u2019Assistance Publique. Cet organisme soutient, tout au long de l\u2019ann\u00e9e, des actions qui comptent pour les patients, les soignants et la recherche. On souhaite bonne chance aux cinq candidats qui devront encore plus se surpasser !<\/p>\n","protected":false},"excerpt":{"rendered":"Fort Boyard est le rendez-vous de l&rsquo;\u00e9t\u00e9 depuis trente-cinq ans maintenant. Chaque saison, diff\u00e9rentes \u00e9quipes de candidats voguent&hellip;\n","protected":false},"author":2,"featured_media":269554,"comment_status":"","ping_status":"","sticky":false,"template":"","format":"standard","meta":{"footnotes":""},"categories":[1356],"tags":[244,58,59,15745,1011,27,594,2173,40874,17033,252,1364],"class_list":{"0":"post-269553","1":"post","2":"type-post","3":"status-publish","4":"format-standard","5":"has-post-thumbnail","7":"category-television","8":"tag-commentaire","9":"tag-divertissement","10":"tag-entertainment","11":"tag-fort-boyard","12":"tag-fr","13":"tag-france","14":"tag-france-2","15":"tag-interview","16":"tag-maxime-gasteuil","17":"tag-olivier-minne","18":"tag-television","19":"tag-tv"},"share_on_mastodon":{"url":"https:\/\/pubeurope.com\/@fr\/114906161663553193","error":""},"_links":{"self":[{"href":"https:\/\/www.europesays.com\/fr\/wp-json\/wp\/v2\/posts\/269553","targetHints":{"allow":["GET"]}}],"collection":[{"href":"https:\/\/www.europesays.com\/fr\/wp-json\/wp\/v2\/posts"}],"about":[{"href":"https:\/\/www.europesays.com\/fr\/wp-json\/wp\/v2\/types\/post"}],"author":[{"embeddable":true,"href":"https:\/\/www.europesays.com\/fr\/wp-json\/wp\/v2\/users\/2"}],"replies":[{"embeddable":true,"href":"https:\/\/www.europesays.com\/fr\/wp-json\/wp\/v2\/comments?post=269553"}],"version-history":[{"count":0,"href":"https:\/\/www.europesays.com\/fr\/wp-json\/wp\/v2\/posts\/269553\/revisions"}],"wp:featuredmedia":[{"embeddable":true,"href":"https:\/\/www.europesays.com\/fr\/wp-json\/wp\/v2\/media\/269554"}],"wp:attachment":[{"href":"https:\/\/www.europesays.com\/fr\/wp-json\/wp\/v2\/media?parent=269553"}],"wp:term":[{"taxonomy":"category","embeddable":true,"href":"https:\/\/www.europesays.com\/fr\/wp-json\/wp\/v2\/categories?post=269553"},{"taxonomy":"post_tag","embeddable":true,"href":"https:\/\/www.europesays.com\/fr\/wp-json\/wp\/v2\/tags?post=269553"}],"curies":[{"name":"wp","href":"https:\/\/api.w.org\/{rel}","templated":true}]}}