{"id":269559,"date":"2025-07-24T03:49:11","date_gmt":"2025-07-24T03:49:11","guid":{"rendered":"https:\/\/www.europesays.com\/fr\/269559\/"},"modified":"2025-07-24T03:49:11","modified_gmt":"2025-07-24T03:49:11","slug":"selon-un-gastro-enterologue-ce-petit-poisson-en-conserve-les-depasse-en-termes-de-bienfaits-pour-la-sante-apres-50-ans","status":"publish","type":"post","link":"https:\/\/www.europesays.com\/fr\/269559\/","title":{"rendered":"selon un gastro-ent\u00e9rologue, ce petit poisson en conserve les d\u00e9passe en termes de bienfaits pour la sant\u00e9 apr\u00e8s 50 ans"},"content":{"rendered":"<p>\u00c0 partir d\u2019un certain \u00e2ge, l\u2019alimentation devient un levier essentiel pour pr\u00e9server sa sant\u00e9. Les choix que l\u2019on fait \u00e0 table ont un impact direct sur notre bien-\u00eatre global. Manger \u00e9quilibr\u00e9, vari\u00e9 et riche en nutriments est plus que jamais recommand\u00e9. Parmi les alli\u00e9s sant\u00e9, les poissons en conserve occupent une place de choix. Si le thon est parfois controvers\u00e9 \u00e0 cause de sa teneur en mercure, et que la sardine reste une excellente option, un autre poisson m\u00e9connu tire son \u00e9pingle du jeu, selon Marmiton.<\/p>\n<p>Quel est le meilleur poisson en conserve \u00e0 consommer pour la sant\u00e9 ?<\/p>\n<p>Souvent cantonn\u00e9 \u00e0 un r\u00f4le d\u2019assaisonnement ou rel\u00e9gu\u00e9 au fond d\u2019une pizza, l\u2019anchois m\u00e9rite pourtant beaucoup plus d\u2019attention. Ce petit poisson m\u00e9diterran\u00e9en concentre des atouts nutritionnels impressionnants. Il est riche en acides gras essentiels, en prot\u00e9ines de qualit\u00e9 et en vitamines, ce qui le rend pr\u00e9cieux pour la sant\u00e9, notamment apr\u00e8s 50 ans, quand les besoins nutritionnels \u00e9voluent. Le <strong>Dr William Berrebi<\/strong> souligne d\u2019ailleurs ses bienfaits dans une vid\u00e9o publi\u00e9e sur son compte Instagram. C\u00f4t\u00e9 om\u00e9ga-3, l\u2019anchois n\u2019est pas en reste. Il suffit de 50 grammes pour couvrir la totalit\u00e9 des apports journaliers recommand\u00e9s. Ces acides gras sont essentiels pour la sant\u00e9 cardiovasculaire et le bon fonctionnement du cerveau. Plus l\u00e9ger que le maquereau ou le saumon, il constitue une alternative pratique et \u00e9conomique, sans sacrifier la qualit\u00e9 (&#8230;)<\/p>\n<p><a href=\"https:\/\/www.grazia.fr\/beaute\/forme-minceur\/adieu-le-thon-et-la-sardine-selon-un-gastro-enterologue-ce-petit-poisson-en-conserve-les-depasse-en-termes-de-bienfaits-pour-la-sante-apres-50-ans-1174133.html?utm_campaign=partenariat&amp;utm_source=yahoo-articles&amp;utm_medium=flux\" rel=\"nofollow noopener\" target=\"_blank\" data-ylk=\"slk:Lire la suite sur Grazia;elm:context_link;itc:0;sec:content-canvas\" class=\"link \">Lire la suite sur Grazia<\/a><\/p>\n<p><a href=\"https:\/\/www.grazia.fr\/beaute\/soins-visage-corps\/adieu-le-teint-terne-cet-accelerateur-de-bronzage-offre-un-hale-intense-sans-passer-des-heures-au-soleil-1174265.html?utm_campaign=partenariat&amp;utm_source=yahoo-articles&amp;utm_medium=flux\" rel=\"nofollow noopener\" target=\"_blank\" data-ylk=\"slk:Adieu le teint terne, cet acc\u00e9l\u00e9rateur de bronzage offre un h\u00e2le intense sans passer des heures au soleil;elm:context_link;itc:0;sec:content-canvas\" class=\"link \">Adieu le teint terne, cet acc\u00e9l\u00e9rateur de bronzage offre un h\u00e2le intense sans passer des heures au soleil<\/a><br \/><a href=\"https:\/\/www.grazia.fr\/mode\/looks-de-stars\/en-calecon-apparent-et-mini-brassiere-adele-exarchopoulos-affiche-ses-abdos-saillants-1174241.html?utm_campaign=partenariat&amp;utm_source=yahoo-articles&amp;utm_medium=flux\" rel=\"nofollow noopener\" target=\"_blank\" data-ylk=\"slk:En cale\u00e7on apparent et mini brassi\u00e8re, Ad\u00e8le Exarchopoulos affiche ses abdos saillants;elm:context_link;itc:0;sec:content-canvas\" class=\"link \">En cale\u00e7on apparent et mini brassi\u00e8re, Ad\u00e8le Exarchopoulos affiche ses abdos saillants<\/a><br \/><a href=\"https:\/\/www.grazia.fr\/beaute\/soins-visage-corps\/plus-besoin-de-parfum-cette-creme-a-la-vanille-raffermit-lisse-et-parfume-la-peau-du-corps-1174000.html?utm_campaign=partenariat&amp;utm_source=yahoo-articles&amp;utm_medium=flux\" rel=\"nofollow noopener\" target=\"_blank\" data-ylk=\"slk:&quot;Plus besoin de parfum...&quot; : cette cr\u00e8me \u00e0 la vanille raffermit, lisse et parfume la peau du corps;elm:context_link;itc:0;sec:content-canvas\" class=\"link \">\u00ab\u00a0Plus besoin de parfum&#8230;\u00a0\u00bb : cette cr\u00e8me \u00e0 la vanille raffermit, lisse et parfume la peau du corps<\/a><br \/><a href=\"https:\/\/www.grazia.fr\/lifestyle\/psycho-sexo\/psychologue-formelle-voici-question-poser-retrouver-lamour-apres-50-ans-1173812.html?utm_campaign=partenariat&amp;utm_source=yahoo-articles&amp;utm_medium=flux\" rel=\"nofollow noopener\" target=\"_blank\" data-ylk=\"slk:Cette psychologue est formelle : voici la question \u00e0 se poser pour retrouver l&#039;amour apr\u00e8s 50 ans;elm:context_link;itc:0;sec:content-canvas\" class=\"link \">Cette psychologue est formelle : voici la question \u00e0 se poser pour retrouver l&rsquo;amour apr\u00e8s 50 ans<\/a><br \/><a href=\"https:\/\/www.grazia.fr\/mode\/tendances-mode\/pinky-ring-cest-quoi-cette-tendance-bijou-feministe-qui-affole-la-fashionsphere-cet-ete-1173882.html?utm_campaign=partenariat&amp;utm_source=yahoo-articles&amp;utm_medium=flux\" rel=\"nofollow noopener\" target=\"_blank\" data-ylk=\"slk:&quot;Pinky ring&quot; : c&#039;est quoi cette tendance bijou f\u00e9ministe qui affole la fashionsph\u00e8re cet \u00e9t\u00e9 ?;elm:context_link;itc:0;sec:content-canvas\" class=\"link \">\u00ab\u00a0Pinky ring\u00a0\u00bb : c&rsquo;est quoi cette tendance bijou f\u00e9ministe qui affole la fashionsph\u00e8re cet \u00e9t\u00e9 ?<\/a><\/p>\n","protected":false},"excerpt":{"rendered":"\u00c0 partir d\u2019un certain \u00e2ge, l\u2019alimentation devient un levier essentiel pour pr\u00e9server sa sant\u00e9. Les choix que l\u2019on&hellip;\n","protected":false},"author":2,"featured_media":269560,"comment_status":"","ping_status":"","sticky":false,"template":"","format":"standard","meta":{"footnotes":""},"categories":[10],"tags":[10372,1011,27,72,3360,40875,39549,71],"class_list":{"0":"post-269559","1":"post","2":"type-post","3":"status-publish","4":"format-standard","5":"has-post-thumbnail","7":"category-sante","8":"tag-fonctionnement-du-cerveau","9":"tag-fr","10":"tag-france","11":"tag-health","12":"tag-la-sante","13":"tag-le-maquereau","14":"tag-place-de-choix","15":"tag-sante"},"share_on_mastodon":{"url":"https:\/\/pubeurope.com\/@fr\/114906173521144631","error":""},"_links":{"self":[{"href":"https:\/\/www.europesays.com\/fr\/wp-json\/wp\/v2\/posts\/269559","targetHints":{"allow":["GET"]}}],"collection":[{"href":"https:\/\/www.europesays.com\/fr\/wp-json\/wp\/v2\/posts"}],"about":[{"href":"https:\/\/www.europesays.com\/fr\/wp-json\/wp\/v2\/types\/post"}],"author":[{"embeddable":true,"href":"https:\/\/www.europesays.com\/fr\/wp-json\/wp\/v2\/users\/2"}],"replies":[{"embeddable":true,"href":"https:\/\/www.europesays.com\/fr\/wp-json\/wp\/v2\/comments?post=269559"}],"version-history":[{"count":0,"href":"https:\/\/www.europesays.com\/fr\/wp-json\/wp\/v2\/posts\/269559\/revisions"}],"wp:featuredmedia":[{"embeddable":true,"href":"https:\/\/www.europesays.com\/fr\/wp-json\/wp\/v2\/media\/269560"}],"wp:attachment":[{"href":"https:\/\/www.europesays.com\/fr\/wp-json\/wp\/v2\/media?parent=269559"}],"wp:term":[{"taxonomy":"category","embeddable":true,"href":"https:\/\/www.europesays.com\/fr\/wp-json\/wp\/v2\/categories?post=269559"},{"taxonomy":"post_tag","embeddable":true,"href":"https:\/\/www.europesays.com\/fr\/wp-json\/wp\/v2\/tags?post=269559"}],"curies":[{"name":"wp","href":"https:\/\/api.w.org\/{rel}","templated":true}]}}