{"id":269561,"date":"2025-07-24T03:50:12","date_gmt":"2025-07-24T03:50:12","guid":{"rendered":"https:\/\/www.europesays.com\/fr\/269561\/"},"modified":"2025-07-24T03:50:12","modified_gmt":"2025-07-24T03:50:12","slug":"le-francais-ekitike-a-liverpool-pour-95-millions-deuros-cest-fait","status":"publish","type":"post","link":"https:\/\/www.europesays.com\/fr\/269561\/","title":{"rendered":"le Fran\u00e7ais Ekitike \u00e0 Liverpool pour 95 millions d\u2019euros, c\u2019est fait"},"content":{"rendered":"<p>Ce mercredi soir, le club anglais a officialis\u00e9 l\u2019arriv\u00e9e de l\u2019attaquant fran\u00e7ais Hugo Ekitike, pass\u00e9 notamment par Reims et le PSG.<\/p>\n<p class=\"fig-paragraph\">Pour une somme folle (95 millions d\u2019euros),\u00a0<a href=\"http:\/\/www.lefigaro.fr\/sports\/football\/transferts\/ekitike-a-liverpool-pour-90-m-qui-sont-les-10-footballeurs-francais-les-plus-chers-de-l-histoire-20250722\" data-fig-type=\"NewsFlash\" data-gtm-custom-categorie=\"navigation\" data-gtm-custom-action=\"crossclick\" data-gtm-custom-label=\"Contextuel\" data-gtm-event=\"customEventSPE\" data-fig-domain=\"LEFIGARO\" rel=\"nofollow noopener\" target=\"_blank\">Hugo Ekitike<\/a>\u00a0est officiellement un joueur de Liverpool. Ce mercredi soir, le club anglais a officialis\u00e9 l\u2019arriv\u00e9e de l\u2019attaquant pass\u00e9 par Reims, le\u00a0<a href=\"http:\/\/www.lefigaro.fr\/sports\/football\/transferts\/mercato-pourquoi-le-psg-va-toucher-une-prime-sur-le-transfert-d-hugo-ekitike-a-liverpool-20250721\" data-fig-type=\"NewsFlash\" data-gtm-custom-categorie=\"navigation\" data-gtm-custom-action=\"crossclick\" data-gtm-custom-label=\"Contextuel\" data-gtm-event=\"customEventSPE\" data-fig-domain=\"LEFIGARO\" rel=\"nofollow noopener\" target=\"_blank\">PSG<\/a>\u00a0et, plus r\u00e9cemment, Francfort. Cette saison, le buteur de 23 ans a brill\u00e9, inscrivant 22 buts et d\u00e9livrant notamment 12 passes d\u00e9cisives en 48 matches.<\/p>\n<p class=\"fig-paragraph\">Un transfert qui ravit les supporters des Reds mais aussi&#8230; du PSG. Le club de la capitale devrait recevoir pr\u00e8s de 19 millions d\u2019euros suite \u00e0 ce transfert, comme le stipulait sa clause de d\u00e9part de Paris. Ekitike est donc le deuxi\u00e8me joueur fran\u00e7ais de l\u2019effectif de Liverppol, qui compte d\u00e9j\u00e0 dans ses rangs le d\u00e9fenseur central Ibrahima Konate.<\/p>\n<p class=\"fig-slideshow__title\">\n                    Ekitike \u00e0 Liverpool pour 90\u00a0M\u20ac\u00a0: qui sont les 10 footballeurs fran\u00e7ais les plus chers de l\u2019histoire\u00a0?\n                <\/p>\n<p>Acc\u00e9der au diaporama (10)<\/p>\n","protected":false},"excerpt":{"rendered":"Ce mercredi soir, le club anglais a officialis\u00e9 l\u2019arriv\u00e9e de l\u2019attaquant fran\u00e7ais Hugo Ekitike, pass\u00e9 notamment par Reims&hellip;\n","protected":false},"author":2,"featured_media":269562,"comment_status":"","ping_status":"","sticky":false,"template":"","format":"standard","meta":{"footnotes":""},"categories":[9],"tags":[1011,27,15383,1434,93,60],"class_list":{"0":"post-269561","1":"post","2":"type-post","3":"status-publish","4":"format-standard","5":"has-post-thumbnail","7":"category-sports","8":"tag-fr","9":"tag-france","10":"tag-liverpool-fc","11":"tag-mercato","12":"tag-psg","13":"tag-sports"},"share_on_mastodon":{"url":"https:\/\/pubeurope.com\/@fr\/114906177424096406","error":""},"_links":{"self":[{"href":"https:\/\/www.europesays.com\/fr\/wp-json\/wp\/v2\/posts\/269561","targetHints":{"allow":["GET"]}}],"collection":[{"href":"https:\/\/www.europesays.com\/fr\/wp-json\/wp\/v2\/posts"}],"about":[{"href":"https:\/\/www.europesays.com\/fr\/wp-json\/wp\/v2\/types\/post"}],"author":[{"embeddable":true,"href":"https:\/\/www.europesays.com\/fr\/wp-json\/wp\/v2\/users\/2"}],"replies":[{"embeddable":true,"href":"https:\/\/www.europesays.com\/fr\/wp-json\/wp\/v2\/comments?post=269561"}],"version-history":[{"count":0,"href":"https:\/\/www.europesays.com\/fr\/wp-json\/wp\/v2\/posts\/269561\/revisions"}],"wp:featuredmedia":[{"embeddable":true,"href":"https:\/\/www.europesays.com\/fr\/wp-json\/wp\/v2\/media\/269562"}],"wp:attachment":[{"href":"https:\/\/www.europesays.com\/fr\/wp-json\/wp\/v2\/media?parent=269561"}],"wp:term":[{"taxonomy":"category","embeddable":true,"href":"https:\/\/www.europesays.com\/fr\/wp-json\/wp\/v2\/categories?post=269561"},{"taxonomy":"post_tag","embeddable":true,"href":"https:\/\/www.europesays.com\/fr\/wp-json\/wp\/v2\/tags?post=269561"}],"curies":[{"name":"wp","href":"https:\/\/api.w.org\/{rel}","templated":true}]}}