{"id":269567,"date":"2025-07-24T03:53:11","date_gmt":"2025-07-24T03:53:11","guid":{"rendered":"https:\/\/www.europesays.com\/fr\/269567\/"},"modified":"2025-07-24T03:53:11","modified_gmt":"2025-07-24T03:53:11","slug":"musk-previent-que-tesla-en-recul-au-2e-trimestre-pourrait-avoir-un-passage-a-vide-actualites","status":"publish","type":"post","link":"https:\/\/www.europesays.com\/fr\/269567\/","title":{"rendered":"Musk pr\u00e9vient que Tesla, en recul au 2e trimestre, pourrait avoir un passage \u00e0 vide : Actualit\u00e9s"},"content":{"rendered":"<p class=\"lead \">Le sp\u00e9cialiste des v\u00e9hicules \u00e9lectriques Tesla pourrait conna\u00eetre \u00ab\u00a0quelques trimestres difficiles\u00a0\u00bb d&rsquo;ici fin 2026, du fait de la suppression d&rsquo;avantages li\u00e9s \u00e0 la transition \u00e9lectrique et en attendant le d\u00e9ploiement \u00e0 grande \u00e9chelle de la conduite autonome.<\/p>\n<p class=\"lead \">\u00ab\u00a0Nous nous trouvons dans une phase bizarre de transition o\u00f9 nous allons perdre beaucoup d&rsquo;avantages aux Etats-Unis (&#8230;) et o\u00f9 nous sommes aux pr\u00e9mices de l&rsquo;autonomie\u00a0\u00bb, a indiqu\u00e9 mercredi Elon Musk, patron de Tesla, lors d&rsquo;une audioconf\u00e9rence.<\/p>\n<p class=\"lead \">\u00ab\u00a0Nous pourrions conna\u00eetre quelques trimestres difficiles. (&#8230;) Le quatri\u00e8me trimestre (2025), le premier trimestre et le deuxi\u00e8me trimestre (2026)\u00a0\u00bb, a-t-il poursuivi, assurant qu&rsquo;une fois l&rsquo;autonomie \u00ab\u00a0d\u00e9ploy\u00e9e \u00e0 grande \u00e9chelle au second semestre\u00a0\u00bb 2026, la situation s&rsquo;am\u00e9liorerait.<\/p>\n<p class=\"lead \">Tesla doit en effet n\u00e9gocier un virage crucial li\u00e9 \u00e0 la conduite autonome et \u00e0 l&rsquo;intelligence artificielle.<\/p>\n<p class=\"lead \">Sur ce point, l&rsquo;entreprise a \u00e9voqu\u00e9 mercredi dans un communiqu\u00e9 une \u00ab\u00a0acc\u00e9l\u00e9ration au fil du temps des revenus g\u00e9n\u00e9r\u00e9s par l&rsquo;IA, les logiciels et li\u00e9s aux flottes\u00a0\u00bb.<\/p>\n<p class=\"lead \">Selon les analystes de Wedbush, l&rsquo;autonomie \u00e0 elle seule repr\u00e9sente environ 1.000 milliards de dollars de valorisation pour l&rsquo;entreprise implant\u00e9e \u00e0 Austin, au Texas (sud).<\/p>\n<p class=\"lead \">Elle a d\u00e9j\u00e0 lanc\u00e9 un service de taxi sans conducteur &#8211; robotaxi &#8211; \u00e0 Austin en juin, avec quelques Model Y en attendant la production en 2026 de son Cybercab, et pr\u00e9voit de l&rsquo;\u00e9tendre \u00e0 San Francisco, puis ailleurs (Nevada, Arizona, Floride, etc).<\/p>\n<p class=\"lead \">\u00ab\u00a0Pour peu que nous obtenions les feux verts r\u00e9glementaires, nous pourrions couvrir la moiti\u00e9 de la population am\u00e9ricaine d&rsquo;ici la fin de l&rsquo;ann\u00e9e\u00a0\u00bb, a relev\u00e9 l&rsquo;homme le plus riche du monde.<\/p>\n<p class=\"lead \">D&rsquo;ici l\u00e0, le groupe va s&#8217;employer \u00e0 redresser ses ventes mondiales de v\u00e9hicules qui ont baiss\u00e9 au deuxi\u00e8me trimestre (-13,5% sur un an), pour le second trimestre cons\u00e9cutif, selon des chiffres publi\u00e9s d\u00e9but juillet.<\/p>\n<p class=\"lead \">&#8211; Surtaxes douani\u00e8res &#8211;<\/p>\n<p class=\"lead \">Il souffre notamment d&rsquo;un manque de renouvellement de sa gamme, d&rsquo;une concurrence accrue notamment en Chine &#8211; march\u00e9 tr\u00e8s important pour Tesla -, de l&rsquo;implication d&rsquo;Elon Musk dans la sph\u00e8re politique am\u00e9ricaine ou encore d&rsquo;un ralentissement du march\u00e9 des v\u00e9hicules \u00e9lectriques.<\/p>\n<p class=\"lead \">La suppression du cr\u00e9dit d&rsquo;imp\u00f4t de 7.500 dollars aux Etats-Unis, pr\u00e9vue au 30 septembre, devrait stimuler un peu ses ventes d&rsquo;ici l\u00e0, mais leur ass\u00e9ner ensuite un coup de frein, anticipent des experts.<\/p>\n<p class=\"lead \">Ce que les dirigeants ont reconnu lors de l&rsquo;audioconf\u00e9rence, incitant les acheteurs potentiels \u00e0 passer commande avant fin ao\u00fbt pour \u00eatre s\u00fbrs d&rsquo;\u00eatre livr\u00e9s d&rsquo;ici au couperet.<\/p>\n<p class=\"lead \">Cons\u00e9quence du repli des ventes, le chiffre d&rsquo;affaires a recul\u00e9 de 12% sur un an \u00e0 22,50 milliards de dollars entre avril et juin et le b\u00e9n\u00e9fice net de 16% \u00e0 1,17 milliard.<\/p>\n<p class=\"lead \">Dans les \u00e9changes \u00e9lectroniques apr\u00e8s la fermeture de la Bourse de New York, l&rsquo;action Tesla chutait de 4,85%.<\/p>\n<p class=\"lead \">Contrairement aux engagements pris en avril, aucun objectif annuel n&rsquo;a \u00e9t\u00e9 divulgu\u00e9 mercredi car \u00ab\u00a0il est difficile de mesurer les impacts d&rsquo;un commerce mondial changeant et des politiques budg\u00e9taires\u00a0\u00bb, a fait savoir le groupe.<\/p>\n<p class=\"lead \">Selon le directeur financier Vaibhav Taneja, les nouveaux droits de douane inflig\u00e9s par Donald Trump aux importations du monde entier ont pes\u00e9 autour de 300 millions de dollars.<\/p>\n<p class=\"lead \">\u00ab\u00a0Du fait d&rsquo;une latence entre production et ventes, l&rsquo;impact total n&rsquo;appara\u00eetra que dans les prochains trimestres\u00a0\u00bb, a-t-il pr\u00e9cis\u00e9, pronostiquant une hausse des co\u00fbts \u00ab\u00a0\u00e0 court terme\u00a0\u00bb.<\/p>\n<p class=\"lead \">Par ailleurs, Tesla a commenc\u00e9 en juin \u00e0 fabriquer les premiers exemplaires d&rsquo;une automobile \u00e0 bas co\u00fbt &#8211; tr\u00e8s attendue, mais dont aucun d\u00e9tail n&rsquo;a filtr\u00e9 -, et dont la production \u00e0 grande \u00e9chelle devrait d\u00e9buter au second semestre de l&rsquo;ann\u00e9e.<\/p>\n<p class=\"lead \">Selon Wedbush, \u00ab\u00a0pour les investisseurs, la grande priorit\u00e9, ce sont les initiatives en mati\u00e8re d&rsquo;IA (&#8230;) et les march\u00e9s sont fermement \u00e0 l&rsquo;aff\u00fbt de toute indication concernant l&rsquo;investissement de Tesla dans xAi\u00a0\u00bb, startup contr\u00f4l\u00e9e par Elon Musk.<\/p>\n<p class=\"lead \">Celui-ci a indiqu\u00e9 mi-juillet qu&rsquo;un projet d&rsquo;investissement au capital de xAI allait \u00eatre soumis \u00e0 l&rsquo;Assembl\u00e9e g\u00e9n\u00e9rale de Tesla, le 6 novembre.<\/p>\n<p class=\"lead \">\u00ab\u00a0Ce n&rsquo;est pas le forum pour discuter de ce sujet\u00a0\u00bb, a r\u00e9pondu M. Taneja \u00e0 un analyste s&rsquo;enqu\u00e9rant du projet.<\/p>\n<p class=\"small font-weight-bold text-gray3 \"> publi\u00e9 le 24 juillet \u00e0 02h48, AFP<\/p>\n<p>                             Partager<\/p>\n","protected":false},"excerpt":{"rendered":"Le sp\u00e9cialiste des v\u00e9hicules \u00e9lectriques Tesla pourrait conna\u00eetre \u00ab\u00a0quelques trimestres difficiles\u00a0\u00bb d&rsquo;ici fin 2026, du fait de la&hellip;\n","protected":false},"author":2,"featured_media":269568,"comment_status":"","ping_status":"","sticky":false,"template":"","format":"standard","meta":{"footnotes":""},"categories":[6],"tags":[646,35,309,33,34,313,1011,27,693,14269,209,2803,308],"class_list":{"0":"post-269567","1":"post","2":"type-post","3":"status-publish","4":"format-standard","5":"has-post-thumbnail","7":"category-economie","8":"tag-automobile","9":"tag-business","10":"tag-chine","11":"tag-economie","12":"tag-economy","13":"tag-entreprises","14":"tag-fr","15":"tag-france","16":"tag-industrie","17":"tag-rsultats","18":"tag-route","19":"tag-transport","20":"tag-usa"},"share_on_mastodon":{"url":"https:\/\/pubeurope.com\/@fr\/114906189601236529","error":""},"_links":{"self":[{"href":"https:\/\/www.europesays.com\/fr\/wp-json\/wp\/v2\/posts\/269567","targetHints":{"allow":["GET"]}}],"collection":[{"href":"https:\/\/www.europesays.com\/fr\/wp-json\/wp\/v2\/posts"}],"about":[{"href":"https:\/\/www.europesays.com\/fr\/wp-json\/wp\/v2\/types\/post"}],"author":[{"embeddable":true,"href":"https:\/\/www.europesays.com\/fr\/wp-json\/wp\/v2\/users\/2"}],"replies":[{"embeddable":true,"href":"https:\/\/www.europesays.com\/fr\/wp-json\/wp\/v2\/comments?post=269567"}],"version-history":[{"count":0,"href":"https:\/\/www.europesays.com\/fr\/wp-json\/wp\/v2\/posts\/269567\/revisions"}],"wp:featuredmedia":[{"embeddable":true,"href":"https:\/\/www.europesays.com\/fr\/wp-json\/wp\/v2\/media\/269568"}],"wp:attachment":[{"href":"https:\/\/www.europesays.com\/fr\/wp-json\/wp\/v2\/media?parent=269567"}],"wp:term":[{"taxonomy":"category","embeddable":true,"href":"https:\/\/www.europesays.com\/fr\/wp-json\/wp\/v2\/categories?post=269567"},{"taxonomy":"post_tag","embeddable":true,"href":"https:\/\/www.europesays.com\/fr\/wp-json\/wp\/v2\/tags?post=269567"}],"curies":[{"name":"wp","href":"https:\/\/api.w.org\/{rel}","templated":true}]}}