{"id":269569,"date":"2025-07-24T03:54:10","date_gmt":"2025-07-24T03:54:10","guid":{"rendered":"https:\/\/www.europesays.com\/fr\/269569\/"},"modified":"2025-07-24T03:54:10","modified_gmt":"2025-07-24T03:54:10","slug":"amnesty-accuse-larmee-iranienne-davoir-utilise-des-missiles-a-sous-munitions","status":"publish","type":"post","link":"https:\/\/www.europesays.com\/fr\/269569\/","title":{"rendered":"Amnesty accuse l\u2019arm\u00e9e iranienne d\u2019avoir utilis\u00e9 des missiles \u00e0 sous-munitions"},"content":{"rendered":"<p>L\u2019<a href=\"https:\/\/www.20minutes.fr\/monde\/iran\/\" target=\"_blank\" class=\"color-ultramarine c-link\" rel=\"nofollow noopener\">Iran<\/a> aurait viol\u00e9 le droit international humanitaire en lan\u00e7ant des <a href=\"https:\/\/www.20minutes.fr\/monde\/missile\/\" target=\"_blank\" class=\"color-ultramarine c-link\" rel=\"nofollow noopener\">missiles<\/a> \u00e0 sous-munitions contre des zones r\u00e9sidentielles isra\u00e9liennes lors de la guerre \u00e9clair qui l\u2019a oppos\u00e9 \u00e0 <a href=\"https:\/\/www.20minutes.fr\/monde\/israel\/\" target=\"_blank\" class=\"color-ultramarine c-link\" rel=\"nofollow noopener\">Isra\u00ebl<\/a> en juin, accuse <a href=\"https:\/\/www.20minutes.fr\/monde\/amnesty_international\/\" target=\"_blank\" class=\"color-ultramarine c-link\" rel=\"nofollow noopener\">Amnesty International<\/a> dans un rapport publi\u00e9 jeudi.<\/p>\n<p>Selon l\u2019<a href=\"https:\/\/www.20minutes.fr\/dossier\/ong\" target=\"_blank\" class=\"color-ultramarine c-link\" rel=\"nofollow noopener\">ONG<\/a>, les forces iraniennes ont men\u00e9 trois frappes les 19, 20 et 22\u00a0juin dans des zones dens\u00e9ment peupl\u00e9es, notamment dans la r\u00e9gion de Gush Dan, \u00e0 Beersheba (Sud) et \u00e0 Rishon LeZion, au sud de <a href=\"https:\/\/www.20minutes.fr\/dossier\/tel_aviv\" target=\"_blank\" class=\"color-ultramarine c-link\" rel=\"nofollow noopener\">Tel Aviv<\/a>. Ces attaques se sont d\u00e9roul\u00e9es au plus fort d\u2019un conflit, marqu\u00e9 par des \u00e9changes de frappes entre l\u2019arm\u00e9e isra\u00e9lienne (visant principalement des installations nucl\u00e9aires en Iran) et des salves de missiles balistiques tir\u00e9s par <a href=\"https:\/\/www.20minutes.fr\/monde\/teheran\/\" target=\"_blank\" class=\"color-ultramarine c-link\" rel=\"nofollow noopener\">T\u00e9h\u00e9ran<\/a>.<\/p>\n<\/p>\n<p>Un risque durable pour les populations civiles<\/p>\n<p>L\u2019organisation qualifie ces actes de \u00ab\u00a0violation flagrante du droit international humanitaire coutumier\u00a0\u00bb. Erika Guevara Rosas, directrice Recherche et plaidoyer de l\u2019ONG, d\u00e9nonce une \u00ab\u00a0utilisation irresponsable d\u2019armes frappant sans discrimination\u00a0\u00bb. \u00ab\u00a0Les <a href=\"https:\/\/www.20minutes.fr\/monde\/bombe\/\" target=\"_blank\" class=\"color-ultramarine c-link\" rel=\"nofollow noopener\">bombes<\/a> \u00e0 sous-munitions ne doivent jamais \u00eatre utilis\u00e9es. En les employant \u00e0 proximit\u00e9 de zones r\u00e9sidentielles, les forces iraniennes ont mis en p\u00e9ril des vies <a href=\"https:\/\/www.20minutes.fr\/monde\/civils\/\" target=\"_blank\" class=\"color-ultramarine c-link\" rel=\"nofollow noopener\">civiles<\/a> et affich\u00e9 un m\u00e9pris flagrant pour le droit international.\u00a0\u00bb<\/p>\n<p>Les armes \u00e0 sous-munitions sont con\u00e7ues pour disperser une multitude de petites charges explosives sur une large surface. Une proportion d\u2019entre elles n\u2019explose pas \u00e0 l\u2019impact, cr\u00e9ant un risque durable pour les populations civiles, m\u00eame apr\u00e8s la fin des combats. Ni l\u2019Iran ni Isra\u00ebl n\u2019ont sign\u00e9 la <a href=\"https:\/\/www.20minutes.fr\/dossier\/convention\" target=\"_blank\" class=\"color-ultramarine c-link\" rel=\"nofollow noopener\">Convention<\/a> de\u00a02008 interdisant l\u2019usage, la production et le stockage de ces armes controvers\u00e9es.<\/p>\n<p><a href=\"https:\/\/www.20minutes.fr\/monde\/iran\/\" target=\"_blank\" class=\"c-link c-btn c-btn--primary\" rel=\"nofollow noopener\">Notre dossier sur l&rsquo;Iran<\/a><\/p>\n<p>Mais cela n\u2019exon\u00e8re pas les bellig\u00e9rants de toute responsabilit\u00e9, insiste Amnesty International. \u00ab\u00a0Le droit international humanitaire coutumier interdit l\u2019utilisation d\u2019armes non discriminantes par nature. Lancer des attaques aveugles qui tuent ou blessent des civils constitue un crime de guerre\u00a0\u00bb, affirme l\u2019ONG.<\/p>\n","protected":false},"excerpt":{"rendered":"L\u2019Iran aurait viol\u00e9 le droit international humanitaire en lan\u00e7ant des missiles \u00e0 sous-munitions contre des zones r\u00e9sidentielles isra\u00e9liennes&hellip;\n","protected":false},"author":2,"featured_media":269570,"comment_status":"","ping_status":"","sticky":false,"template":"","format":"standard","meta":{"footnotes":""},"categories":[5],"tags":[47,11,4946,4755,2120,2048,1011,27,14,3019,664,3343,74,12,11356,7612,10734,25146,28],"class_list":{"0":"post-269569","1":"post","2":"type-post","3":"status-publish","4":"format-standard","5":"has-post-thumbnail","7":"category-international","8":"tag-actualite","9":"tag-actualites","10":"tag-amnesty-international","11":"tag-bombardement","12":"tag-conflit","13":"tag-crime-de-guerre","14":"tag-fr","15":"tag-france","16":"tag-international","17":"tag-iran","18":"tag-israel","19":"tag-missile","20":"tag-monde","21":"tag-news","22":"tag-ong","23":"tag-proche-orient","24":"tag-teheran","25":"tag-tel-aviv","26":"tag-world"},"share_on_mastodon":{"url":"https:\/\/pubeurope.com\/@fr\/114906193330731005","error":""},"_links":{"self":[{"href":"https:\/\/www.europesays.com\/fr\/wp-json\/wp\/v2\/posts\/269569","targetHints":{"allow":["GET"]}}],"collection":[{"href":"https:\/\/www.europesays.com\/fr\/wp-json\/wp\/v2\/posts"}],"about":[{"href":"https:\/\/www.europesays.com\/fr\/wp-json\/wp\/v2\/types\/post"}],"author":[{"embeddable":true,"href":"https:\/\/www.europesays.com\/fr\/wp-json\/wp\/v2\/users\/2"}],"replies":[{"embeddable":true,"href":"https:\/\/www.europesays.com\/fr\/wp-json\/wp\/v2\/comments?post=269569"}],"version-history":[{"count":0,"href":"https:\/\/www.europesays.com\/fr\/wp-json\/wp\/v2\/posts\/269569\/revisions"}],"wp:featuredmedia":[{"embeddable":true,"href":"https:\/\/www.europesays.com\/fr\/wp-json\/wp\/v2\/media\/269570"}],"wp:attachment":[{"href":"https:\/\/www.europesays.com\/fr\/wp-json\/wp\/v2\/media?parent=269569"}],"wp:term":[{"taxonomy":"category","embeddable":true,"href":"https:\/\/www.europesays.com\/fr\/wp-json\/wp\/v2\/categories?post=269569"},{"taxonomy":"post_tag","embeddable":true,"href":"https:\/\/www.europesays.com\/fr\/wp-json\/wp\/v2\/tags?post=269569"}],"curies":[{"name":"wp","href":"https:\/\/api.w.org\/{rel}","templated":true}]}}