{"id":269575,"date":"2025-07-24T03:58:15","date_gmt":"2025-07-24T03:58:15","guid":{"rendered":"https:\/\/www.europesays.com\/fr\/269575\/"},"modified":"2025-07-24T03:58:15","modified_gmt":"2025-07-24T03:58:15","slug":"inquietude-chez-les-salaries-de-novasco-anciennement-ascometal","status":"publish","type":"post","link":"https:\/\/www.europesays.com\/fr\/269575\/","title":{"rendered":"inqui\u00e9tude chez les salari\u00e9s de Novasco, anciennement Ascometal"},"content":{"rendered":"<p><img decoding=\"async\" class=\"\" style=\"width:100%\" src=\"https:\/\/www.europesays.com\/fr\/wp-content\/uploads\/2025\/07\/451259251_2847527818739451_1777334148226461165_n1721131122982.jpg\" alt=\"L'entreprise Ascom\u00e9tal.\"\/><\/p>\n<p>L&rsquo;entreprise Ascom\u00e9tal.<\/p>\n<p>Cr\u00e9dit : Facebook Ga\u00ebl Perdriau.<\/p>\n<p>Il y a tout juste un an, le groupe Novasco, anciennement Ascometal, en difficult\u00e9, \u00e9tait repris par Greybull Capital. De quoi envisager l&rsquo;avenir plus sereinement. Mais un an plus tard, il n&rsquo;en est rien, selon l&rsquo;intersyndical CGT \/ CFDT 42. \u00ab\u00a0Le nouvel actionnaire n\u2019a pas tenu ses promesses : il n\u2019a inject\u00e9 que 1.5 million d\u2019euros sur les 90 promis. L\u2019\u00c9tat, lui, via des pr\u00eats FDES a bien vers\u00e9 les 85 millions sur lesquels il s\u2019\u00e9tait engag\u00e9\u00a0\u00bb.<\/p>\n<p>La p\u00e9riode de conciliation se termine ce vendredi, afin de trouver un repreneur ou un nouveau partenaire, mais les syndicats sont inquiets, \u00ab\u00a0l\u2019avenir semble tr\u00e8s incertain et un redressement, voire une liquidation judiciaire plane fortement sur les t\u00eates des salari\u00e9s\u00a0\u00bb.<\/p>\n<p>Novasco est une entreprise qui fournit essentiellement le march\u00e9 de l&rsquo;automobile et du roulement. \u00ab\u00a0Avec une aci\u00e9rie \u00e9lectrique donc d\u00e9carbon\u00e9e, ce qui est quand m\u00eame dans l\u2019air du temps compar\u00e9 aux aci\u00e9ries traditionnelles (&#8230;) Le site du Marais \u00e0 Saint-Etienne est un site indispensable dans l\u2019aval de la sid\u00e9rurgie pour apporter une plus-value importante des aciers Novasco\u00a0\u00bb, d\u00e9fend l&rsquo;intersyndicale.<\/p>\n","protected":false},"excerpt":{"rendered":"L&rsquo;entreprise Ascom\u00e9tal. Cr\u00e9dit : Facebook Ga\u00ebl Perdriau. Il y a tout juste un an, le groupe Novasco, anciennement&hellip;\n","protected":false},"author":2,"featured_media":269576,"comment_status":"","ping_status":"","sticky":false,"template":"","format":"standard","meta":{"footnotes":""},"categories":[9653],"tags":[1111,11,2430,1270,1271,1777,674,1011,27,13225,12,40881,30431,25,4001],"class_list":{"0":"post-269575","1":"post","2":"type-post","3":"status-publish","4":"format-standard","5":"has-post-thumbnail","7":"category-saint-etienne","8":"tag-actu","9":"tag-actualites","10":"tag-auvergne-rhone-alpes","11":"tag-cfdt","12":"tag-cgt","13":"tag-eu","14":"tag-europe","15":"tag-fr","16":"tag-france","17":"tag-liquidation","18":"tag-news","19":"tag-novasco","20":"tag-redressement","21":"tag-republique-francaise","22":"tag-saint-etienne"},"share_on_mastodon":{"url":"https:\/\/pubeurope.com\/@fr\/114906208850155668","error":""},"_links":{"self":[{"href":"https:\/\/www.europesays.com\/fr\/wp-json\/wp\/v2\/posts\/269575","targetHints":{"allow":["GET"]}}],"collection":[{"href":"https:\/\/www.europesays.com\/fr\/wp-json\/wp\/v2\/posts"}],"about":[{"href":"https:\/\/www.europesays.com\/fr\/wp-json\/wp\/v2\/types\/post"}],"author":[{"embeddable":true,"href":"https:\/\/www.europesays.com\/fr\/wp-json\/wp\/v2\/users\/2"}],"replies":[{"embeddable":true,"href":"https:\/\/www.europesays.com\/fr\/wp-json\/wp\/v2\/comments?post=269575"}],"version-history":[{"count":0,"href":"https:\/\/www.europesays.com\/fr\/wp-json\/wp\/v2\/posts\/269575\/revisions"}],"wp:featuredmedia":[{"embeddable":true,"href":"https:\/\/www.europesays.com\/fr\/wp-json\/wp\/v2\/media\/269576"}],"wp:attachment":[{"href":"https:\/\/www.europesays.com\/fr\/wp-json\/wp\/v2\/media?parent=269575"}],"wp:term":[{"taxonomy":"category","embeddable":true,"href":"https:\/\/www.europesays.com\/fr\/wp-json\/wp\/v2\/categories?post=269575"},{"taxonomy":"post_tag","embeddable":true,"href":"https:\/\/www.europesays.com\/fr\/wp-json\/wp\/v2\/tags?post=269575"}],"curies":[{"name":"wp","href":"https:\/\/api.w.org\/{rel}","templated":true}]}}