{"id":269584,"date":"2025-07-24T04:06:32","date_gmt":"2025-07-24T04:06:32","guid":{"rendered":"https:\/\/www.europesays.com\/fr\/269584\/"},"modified":"2025-07-24T04:06:32","modified_gmt":"2025-07-24T04:06:32","slug":"bientot-le-debut-des-travaux-sur-le-pont-guillaume-le-conquerant","status":"publish","type":"post","link":"https:\/\/www.europesays.com\/fr\/269584\/","title":{"rendered":"bient\u00f4t le d\u00e9but des travaux sur le pont Guillaume-le-Conqu\u00e9rant"},"content":{"rendered":"\n<p style=\"text-align: left;\" align=\"justify\">Une voie de circulation automobile neutralis\u00e9e pour permettre les acc\u00e8s pi\u00e9tons et cyclistes\u00a0: <a href=\"https:\/\/www.sweetfm.fr\/rouen-un-bras-de-grue-encastre-dans-le-pont\" rel=\"noopener\" target=\"_blank\">les cons\u00e9quences de l&rsquo;accident survenu le 24 d\u00e9cembre 2023 \u00e0 Rouen<\/a> sont visibles au quotidien sur le pont Guillaume-le-Conqu\u00e9rant. <strong>Ce jour-l\u00e0, la grue d&rsquo;une p\u00e9niche, non repli\u00e9e, s&rsquo;\u00e9tait encastr\u00e9e violemment dans l&rsquo;ouvrage<\/strong>, et n&rsquo;avait \u00e9t\u00e9 retir\u00e9e que quelques jours plus tard.<\/p>\n<p>Dix nuits de fermeture en septembre et octobre<\/p>\n<p style=\"text-align: left;\" align=\"justify\">\u00ab\u00a0Apr\u00e8s une s\u00e9curisation et des \u00e9tudes pr\u00e9alables, la M\u00e9tropole Rouen Normandie va d\u00e9buter les travaux de r\u00e9habilitation du pont le 28 juillet prochain. <strong>Ces travaux se termineront \u00e0 la fin du mois de novembre et n\u2019impacteront pas la circulation automobile en journ\u00e9e<\/strong>\u00a0\u00bb annonce la collectivit\u00e9. L&rsquo;impact pour les automobilistes s&rsquo;annonce donc assez minime, \u00e0 l&rsquo;exception de dix nuits de septembre et octobre, lors desquelles le pont sera ferm\u00e9 \u00ab\u00a0afin de r\u00e9aliser des op\u00e9rations de soudure qui n\u00e9cessiteront l\u2019absence de vibrations sur l\u2019ouvrage\u00a0\u00bb ajoute-t-elle. L&rsquo;avanc\u00e9e du chantier permettra de d\u00e9finir les dates exactes de ces fermetures.<\/p>\n<p>Les cyclistes et les PMR redirig\u00e9s vers le pont Jeanne-d&rsquo;Arc<\/p>\n<p style=\"text-align: left;\" align=\"justify\">Les pi\u00e9tons et les cyclistes devront en revanche changer leurs habitudes durant cette p\u00e9riode, la partie qu&rsquo;ils empruntent actuellement se trouvant \u00e0 l&rsquo;endroit o\u00f9 les ouvriers \u0153uvreront\u00a0: \u00ab\u00a0la circulation pi\u00e9tonne sera report\u00e9e sur le trottoir aval (c\u00f4t\u00e9 pont Flaubert). Les v\u00e9los ainsi que les PMR seront redirig\u00e9s vers le pont Jeanne-d\u2019Arc\u00a0\u00bb. <strong>Le co\u00fbt de la s\u00e9curisation, des \u00e9tudes et des travaux de r\u00e9habilitation du pont est \u00e9valu\u00e9e \u00e0 pr\u00e8s d\u2019un million d\u2019euros<\/strong>.<\/p>\n","protected":false},"excerpt":{"rendered":"Une voie de circulation automobile neutralis\u00e9e pour permettre les acc\u00e8s pi\u00e9tons et cyclistes\u00a0: les cons\u00e9quences de l&rsquo;accident survenu&hellip;\n","protected":false},"author":2,"featured_media":269585,"comment_status":"","ping_status":"","sticky":false,"template":"","format":"standard","meta":{"footnotes":""},"categories":[9587],"tags":[1111,11,1777,674,1011,27,22461,9725,12,5161,40886,25,9590,5163,2086,40882,40883,40884,40885],"class_list":{"0":"post-269584","1":"post","2":"type-post","3":"status-publish","4":"format-standard","5":"has-post-thumbnail","7":"category-rouen","8":"tag-actu","9":"tag-actualites","10":"tag-eu","11":"tag-europe","12":"tag-fr","13":"tag-france","14":"tag-infos-rouen","15":"tag-metropole-rouen","16":"tag-news","17":"tag-normandie","18":"tag-pont-guillaume","19":"tag-republique-francaise","20":"tag-rouen","21":"tag-seine-maritime","22":"tag-travaux","23":"tag-travaux-pont-guillaume","24":"tag-travaux-pont-guillaume-le-conquerant","25":"tag-travaux-pont-rouen","26":"tag-travaux-rouen"},"share_on_mastodon":{"url":"https:\/\/pubeurope.com\/@fr\/114906240312946554","error":""},"_links":{"self":[{"href":"https:\/\/www.europesays.com\/fr\/wp-json\/wp\/v2\/posts\/269584","targetHints":{"allow":["GET"]}}],"collection":[{"href":"https:\/\/www.europesays.com\/fr\/wp-json\/wp\/v2\/posts"}],"about":[{"href":"https:\/\/www.europesays.com\/fr\/wp-json\/wp\/v2\/types\/post"}],"author":[{"embeddable":true,"href":"https:\/\/www.europesays.com\/fr\/wp-json\/wp\/v2\/users\/2"}],"replies":[{"embeddable":true,"href":"https:\/\/www.europesays.com\/fr\/wp-json\/wp\/v2\/comments?post=269584"}],"version-history":[{"count":0,"href":"https:\/\/www.europesays.com\/fr\/wp-json\/wp\/v2\/posts\/269584\/revisions"}],"wp:featuredmedia":[{"embeddable":true,"href":"https:\/\/www.europesays.com\/fr\/wp-json\/wp\/v2\/media\/269585"}],"wp:attachment":[{"href":"https:\/\/www.europesays.com\/fr\/wp-json\/wp\/v2\/media?parent=269584"}],"wp:term":[{"taxonomy":"category","embeddable":true,"href":"https:\/\/www.europesays.com\/fr\/wp-json\/wp\/v2\/categories?post=269584"},{"taxonomy":"post_tag","embeddable":true,"href":"https:\/\/www.europesays.com\/fr\/wp-json\/wp\/v2\/tags?post=269584"}],"curies":[{"name":"wp","href":"https:\/\/api.w.org\/{rel}","templated":true}]}}