{"id":2696,"date":"2025-04-04T12:22:24","date_gmt":"2025-04-04T12:22:24","guid":{"rendered":"https:\/\/www.europesays.com\/fr\/2696\/"},"modified":"2025-04-04T12:22:24","modified_gmt":"2025-04-04T12:22:24","slug":"combien-ca-coute-a-la-commune","status":"publish","type":"post","link":"https:\/\/www.europesays.com\/fr\/2696\/","title":{"rendered":"combien \u00e7a co\u00fbte \u00e0 la commune ?"},"content":{"rendered":"<p>Au-del\u00e0 des diff\u00e9rentes animations entourant cette date, la d\u00e9lib\u00e9ration aborde \u00e9galement la question du co\u00fbt de cet accueil, pour la collectivit\u00e9. \u00ab\u00a0L\u2019engagement aupr\u00e8s de la soci\u00e9t\u00e9 Amaury sport organisation implique une participation de 100\u00a0000\u00a0euros HT, soit 120\u00a0000\u00a0euros TTC, de l\u2019ensemble des collectivit\u00e9s et organisations partenaires de l\u2019accueil du d\u00e9part de la 18e \u00a0\u00e9tape\u00a0\u00bb, pr\u00e9cise la d\u00e9lib\u00e9ration.<\/p>\n<p>Apr\u00e8s discussion, les partenaires ont d\u00e9termin\u00e9 un partage tr\u00e8s favorable \u00e0 la Ville de Vif\u00a0: ainsi, la M\u00e9tropole, le D\u00e9partement et le Smmag participeront chacune \u00e0 hauteur de 30\u00a0000\u00a0euros HT (36\u00a0000\u00a0euros TTC), tandis que la commune paiera, elle, 10\u00a0000\u00a0euros HT (soit 12\u00a0000\u00a0euros TTC).<\/p>\n<p>\u00ab\u00a0Des communes attendent le Tour pendant des ann\u00e9es\u00a0: nous l\u2019avons eu d\u00e8s le premier coup, c\u2019est formidable\u00a0\u00bb, s\u2019est r\u00e9joui le maire Guy Gen\u00eat. La d\u00e9lib\u00e9ration a \u00e9t\u00e9 vot\u00e9e \u00e0 l\u2019unanimit\u00e9.<\/p>\n","protected":false},"excerpt":{"rendered":"Au-del\u00e0 des diff\u00e9rentes animations entourant cette date, la d\u00e9lib\u00e9ration aborde \u00e9galement la question du co\u00fbt de cet accueil,&hellip;\n","protected":false},"author":2,"featured_media":2697,"comment_status":"","ping_status":"","sticky":false,"template":"","format":"standard","meta":{"footnotes":""},"categories":[1411],"tags":[1984,1154,207,113,1011,27,108,1985,316,60,210,1986],"class_list":{"0":"post-2696","1":"post","2":"type-post","3":"status-publish","4":"format-standard","5":"has-post-thumbnail","7":"category-cyclisme","8":"tag-conseil-municipal","9":"tag-cycling","10":"tag-cyclisme","11":"tag-edition-gresivaudan-oisans","12":"tag-fr","13":"tag-france","14":"tag-isere","15":"tag-metropole-de-grenoble","16":"tag-politique","17":"tag-sports","18":"tag-tour-de-france","19":"tag-vif"},"share_on_mastodon":{"url":"https:\/\/pubeurope.com\/@fr\/114279674286573924","error":""},"_links":{"self":[{"href":"https:\/\/www.europesays.com\/fr\/wp-json\/wp\/v2\/posts\/2696","targetHints":{"allow":["GET"]}}],"collection":[{"href":"https:\/\/www.europesays.com\/fr\/wp-json\/wp\/v2\/posts"}],"about":[{"href":"https:\/\/www.europesays.com\/fr\/wp-json\/wp\/v2\/types\/post"}],"author":[{"embeddable":true,"href":"https:\/\/www.europesays.com\/fr\/wp-json\/wp\/v2\/users\/2"}],"replies":[{"embeddable":true,"href":"https:\/\/www.europesays.com\/fr\/wp-json\/wp\/v2\/comments?post=2696"}],"version-history":[{"count":0,"href":"https:\/\/www.europesays.com\/fr\/wp-json\/wp\/v2\/posts\/2696\/revisions"}],"wp:featuredmedia":[{"embeddable":true,"href":"https:\/\/www.europesays.com\/fr\/wp-json\/wp\/v2\/media\/2697"}],"wp:attachment":[{"href":"https:\/\/www.europesays.com\/fr\/wp-json\/wp\/v2\/media?parent=2696"}],"wp:term":[{"taxonomy":"category","embeddable":true,"href":"https:\/\/www.europesays.com\/fr\/wp-json\/wp\/v2\/categories?post=2696"},{"taxonomy":"post_tag","embeddable":true,"href":"https:\/\/www.europesays.com\/fr\/wp-json\/wp\/v2\/tags?post=2696"}],"curies":[{"name":"wp","href":"https:\/\/api.w.org\/{rel}","templated":true}]}}