{"id":269616,"date":"2025-07-24T04:24:13","date_gmt":"2025-07-24T04:24:13","guid":{"rendered":"https:\/\/www.europesays.com\/fr\/269616\/"},"modified":"2025-07-24T04:24:13","modified_gmt":"2025-07-24T04:24:13","slug":"la-rtm-obtient-une-nouvelle-requisition-et-le-nettoyage-quotidien","status":"publish","type":"post","link":"https:\/\/www.europesays.com\/fr\/269616\/","title":{"rendered":"la RTM obtient une nouvelle r\u00e9quisition et le nettoyage quotidien"},"content":{"rendered":"<p>La <a href=\"https:\/\/www.laprovence.com\/article\/region\/50069145362079\/nettoyage-du-metro-le-prefet-ordonne-la-requisition-donet-pour-assurer-la-salubrite-des-installations\" target=\"_blank\" rel=\"nofollow noopener\">premi\u00e8re r\u00e9quisition, ordonn\u00e9e le 20\u00a0juin dernier par le pr\u00e9fet<\/a>, n\u2019avait pas r\u00e9gl\u00e9 les probl\u00e8mes d\u2019insalubrit\u00e9 dans le m\u00e9tro marseillais. Apr\u00e8s <a href=\"https:\/\/www.laprovence.com\/article\/region\/49947281608924\/nettoyage-du-metro-a-marseille-pourquoi-la-rtm-resilie-une-nouvelle-fois-le-contrat-avec-son-prestataire\" target=\"_blank\" rel=\"nofollow noopener\">la r\u00e9siliation du contrat avec Atalian<\/a>, la RTM (op\u00e9rateur de la M\u00e9tropole) avait alors obtenu l\u2019intervention d\u2019Onet pour quatre semaines. Mais les poubelles ont continu\u00e9 \u00e0 d\u00e9border et les sols sont rest\u00e9s couverts de crasse, l\u2019entreprise ne proc\u00e9dant qu\u2019au nettoyage de sept stations chaque jour, avec un syst\u00e8me de roulement.<\/p>\n","protected":false},"excerpt":{"rendered":"La premi\u00e8re r\u00e9quisition, ordonn\u00e9e le 20\u00a0juin dernier par le pr\u00e9fet, n\u2019avait pas r\u00e9gl\u00e9 les probl\u00e8mes d\u2019insalubrit\u00e9 dans le&hellip;\n","protected":false},"author":2,"featured_media":269617,"comment_status":"","ping_status":"","sticky":false,"template":"","format":"standard","meta":{"footnotes":""},"categories":[2814],"tags":[17,1111,11,6861,154,1777,674,1011,27,884,40887,12,2043,17312,882,746,16,25],"class_list":{"0":"post-269616","1":"post","2":"type-post","3":"status-publish","4":"format-standard","5":"has-post-thumbnail","7":"category-marseille","8":"tag-17","9":"tag-actu","10":"tag-actualites","11":"tag-change","12":"tag-des","13":"tag-eu","14":"tag-europe","15":"tag-fr","16":"tag-france","17":"tag-marseille","18":"tag-metros","19":"tag-news","20":"tag-nouvelle","21":"tag-proprete","22":"tag-provence-alpes-cote-dazur","23":"tag-que","24":"tag-region","25":"tag-republique-francaise"},"share_on_mastodon":{"url":"https:\/\/pubeurope.com\/@fr\/114906311172024938","error":""},"_links":{"self":[{"href":"https:\/\/www.europesays.com\/fr\/wp-json\/wp\/v2\/posts\/269616","targetHints":{"allow":["GET"]}}],"collection":[{"href":"https:\/\/www.europesays.com\/fr\/wp-json\/wp\/v2\/posts"}],"about":[{"href":"https:\/\/www.europesays.com\/fr\/wp-json\/wp\/v2\/types\/post"}],"author":[{"embeddable":true,"href":"https:\/\/www.europesays.com\/fr\/wp-json\/wp\/v2\/users\/2"}],"replies":[{"embeddable":true,"href":"https:\/\/www.europesays.com\/fr\/wp-json\/wp\/v2\/comments?post=269616"}],"version-history":[{"count":0,"href":"https:\/\/www.europesays.com\/fr\/wp-json\/wp\/v2\/posts\/269616\/revisions"}],"wp:featuredmedia":[{"embeddable":true,"href":"https:\/\/www.europesays.com\/fr\/wp-json\/wp\/v2\/media\/269617"}],"wp:attachment":[{"href":"https:\/\/www.europesays.com\/fr\/wp-json\/wp\/v2\/media?parent=269616"}],"wp:term":[{"taxonomy":"category","embeddable":true,"href":"https:\/\/www.europesays.com\/fr\/wp-json\/wp\/v2\/categories?post=269616"},{"taxonomy":"post_tag","embeddable":true,"href":"https:\/\/www.europesays.com\/fr\/wp-json\/wp\/v2\/tags?post=269616"}],"curies":[{"name":"wp","href":"https:\/\/api.w.org\/{rel}","templated":true}]}}