{"id":269620,"date":"2025-07-24T04:26:18","date_gmt":"2025-07-24T04:26:18","guid":{"rendered":"https:\/\/www.europesays.com\/fr\/269620\/"},"modified":"2025-07-24T04:26:18","modified_gmt":"2025-07-24T04:26:18","slug":"quatrieme-journee-du-proces-de-sohaib-teima-pour-le-meurtre-de-la-lyonnaise-auriane-laisne","status":"publish","type":"post","link":"https:\/\/www.europesays.com\/fr\/269620\/","title":{"rendered":"quatri\u00e8me journ\u00e9e du proc\u00e8s de Sohaib Teima pour le meurtre de la Lyonnaise Auriane Laisn\u00e9"},"content":{"rendered":"<p>Ce mercredi 23\u00a0juillet, la quatri\u00e8me audience du proc\u00e8s de Sohaib Teima, 22 ans, meurtrier pr\u00e9sum\u00e9 de la Lyonnaise Auriane Laisn\u00e9, retrouv\u00e9e sans vie \u00e0 seulement 21 ans dans une chapelle abandonn\u00e9e sur la commune de La Salle, dans le nord-ouest de l\u2019Italie en avril\u00a02024, s\u2019est tenue devant la Cour d\u2019assises d\u2019Aoste. Les d\u00e9bats, organis\u00e9s par sessions espac\u00e9es, ont d\u00e9but\u00e9 le 7\u00a0mai dernier et se tiennent \u00e0 raison d\u2019une \u00e0 deux fois par mois.<\/p>\n<p>Contr\u00f4le m\u00e9thodique<\/p>\n<p>De&#8230;<\/p>\n","protected":false},"excerpt":{"rendered":"Ce mercredi 23\u00a0juillet, la quatri\u00e8me audience du proc\u00e8s de Sohaib Teima, 22 ans, meurtrier pr\u00e9sum\u00e9 de la Lyonnaise&hellip;\n","protected":false},"author":2,"featured_media":269621,"comment_status":"","ping_status":"","sticky":false,"template":"","format":"standard","meta":{"footnotes":""},"categories":[1889],"tags":[1111,11,2430,271,272,2757,1777,674,274,107,1011,27,2428,2756,12,25,2429],"class_list":{"0":"post-269620","1":"post","2":"type-post","3":"status-publish","4":"format-standard","5":"has-post-thumbnail","7":"category-lyon","8":"tag-actu","9":"tag-actualites","10":"tag-auvergne-rhone-alpes","11":"tag-crime","12":"tag-delit-et-contravention","13":"tag-edition-lyon-villeurbanne","14":"tag-eu","15":"tag-europe","16":"tag-faits-divers-justice","17":"tag-fil-info","18":"tag-fr","19":"tag-france","20":"tag-lyon","21":"tag-lyon-bassin","22":"tag-news","23":"tag-republique-francaise","24":"tag-rhone"},"share_on_mastodon":{"url":"https:\/\/pubeurope.com\/@fr\/114906319455050833","error":""},"_links":{"self":[{"href":"https:\/\/www.europesays.com\/fr\/wp-json\/wp\/v2\/posts\/269620","targetHints":{"allow":["GET"]}}],"collection":[{"href":"https:\/\/www.europesays.com\/fr\/wp-json\/wp\/v2\/posts"}],"about":[{"href":"https:\/\/www.europesays.com\/fr\/wp-json\/wp\/v2\/types\/post"}],"author":[{"embeddable":true,"href":"https:\/\/www.europesays.com\/fr\/wp-json\/wp\/v2\/users\/2"}],"replies":[{"embeddable":true,"href":"https:\/\/www.europesays.com\/fr\/wp-json\/wp\/v2\/comments?post=269620"}],"version-history":[{"count":0,"href":"https:\/\/www.europesays.com\/fr\/wp-json\/wp\/v2\/posts\/269620\/revisions"}],"wp:featuredmedia":[{"embeddable":true,"href":"https:\/\/www.europesays.com\/fr\/wp-json\/wp\/v2\/media\/269621"}],"wp:attachment":[{"href":"https:\/\/www.europesays.com\/fr\/wp-json\/wp\/v2\/media?parent=269620"}],"wp:term":[{"taxonomy":"category","embeddable":true,"href":"https:\/\/www.europesays.com\/fr\/wp-json\/wp\/v2\/categories?post=269620"},{"taxonomy":"post_tag","embeddable":true,"href":"https:\/\/www.europesays.com\/fr\/wp-json\/wp\/v2\/tags?post=269620"}],"curies":[{"name":"wp","href":"https:\/\/api.w.org\/{rel}","templated":true}]}}