{"id":269627,"date":"2025-07-24T04:31:37","date_gmt":"2025-07-24T04:31:37","guid":{"rendered":"https:\/\/www.europesays.com\/fr\/269627\/"},"modified":"2025-07-24T04:31:37","modified_gmt":"2025-07-24T04:31:37","slug":"tour-de-france-un-cycliste-est-mort-electrocute-en-tombant-sur-les-rails-du-metro-a-paris","status":"publish","type":"post","link":"https:\/\/www.europesays.com\/fr\/269627\/","title":{"rendered":"Tour de France : un cycliste est mort \u00e9lectrocut\u00e9 en tombant sur les rails du m\u00e9tro \u00e0 Paris"},"content":{"rendered":"<p>Alors que le Tour de France 2025 se d\u00e9roule dans une ambiance intense entre sommets alpins et \u00e9tapes de prestige, une trag\u00e9die a boulevers\u00e9 le monde du cyclisme. Un jeune Irlandais de 25 ans, venu assister \u00e0 la 16\u1d49 \u00e9tape, a perdu la vie dans une station de m\u00e9tro parisienne.<\/p>\n<p>La 112\u1d49 \u00e9dition du Tour de France a d\u00e9but\u00e9 le 5 juillet dernier \u00e0 Lille et se terminera le 27 juillet sur les Champs\u2011\u00c9lys\u00e9es. Compos\u00e9e de 21 \u00e9tapes et couvrant plus de 3\u00a0338 km \u00e0 travers la France, la course cycliste bat ainsi son plein avec une 17\u00e8me \u00e9tape, ce mercredi 23 juillet, entre Boll\u00e8ne et Valence. Une nouvelle phase de la comp\u00e9tition qui succ\u00e8de \u00e0 celle du Mont Ventoux de la veille. Un moment important pour les fans de la discipline alors que Tadej Poga\u010dar est toujours en t\u00eate au classement g\u00e9n\u00e9ral.<\/p>\n<p>Le 22 juillet, la 16\u1d49 \u00e9tape joignant Montpellier au Mont\u202fVentoux a ainsi vu le Fran\u00e7ais Valentin Paret\u2011Peintre l\u2019emporter, tandis que Poga\u010dar et Vingegaard renfor\u00e7aient leur position respective en t\u00eate de course. Mais pendant que certains savouraient leurs scores dans la Grande boucle, un drame est survenu.<\/p>\n<p>                                                                        Venu assister au Tour de France, un jeune cycliste irlandais a trouv\u00e9 la mort dans le m\u00e9tro parisien<\/p>\n<p>Comme l&rsquo;a rapport\u00e9 <a href=\"https:\/\/www.leparisien.fr\/faits-divers\/un-gentleman-absolu-sur-et-hors-du-velo-tomas-25-ans-est-mort-dans-le-metro-a-paris-en-venant-assister-au-tour-de-france-23-07-2025-KSOACFDAHFDXFPLOJAIKPBX6SU.php\" target=\"_blank\" rel=\"noopener\">Le Parisien<\/a>, qui a repris une information de l&rsquo;Irish Independent, un jeune Irlandais, Tom\u00e1s Walsh, \u00e2g\u00e9 de 25 ans et membre du Comeragh Cycling Club, a trouv\u00e9 la mort, alors qu&rsquo;il passait \u00e0 Paris pour se rendre au Mont Ventoux et vivre l\u2019effervescence de cette \u00e9tape. Selon les \u00e9l\u00e9ments relay\u00e9s par le club, le jeune homme serait tomb\u00e9 sur les rails du m\u00e9tro parisien d\u2019une station non pr\u00e9cis\u00e9e, o\u00f9 il aurait \u00e9t\u00e9 \u00e9lectrocut\u00e9 lundi matin.<\/p>\n<p>Le Comeragh Cycling Club a exprim\u00e9 son immense tristesse dans un message poignant : \u00ab\u00a0Nous sommes boulevers\u00e9s par cette nouvelle\u00a0\u00bb, rendant hommage au jeune homme comme \u00e0 un \u00ab\u00a0personnage formidable et plein de fun\u00a0\u00bb. Un terrible accident qui vient ternir le Tour de France, alors que Le Parisien r\u00e9v\u00e8le que ce drame n\u2019a pas encore \u00e9t\u00e9 confirm\u00e9 par le parquet de Paris.<\/p>\n<p>                                    L&rsquo;hommage \u00e0 Tom\u00e1s Walsh de son club de cyclisme<\/p>\n<p>Dans un autre communiqu\u00e9, le porte-parole du club du regrett\u00e9 Tom\u00e1s Walsh a r\u00e9v\u00e9l\u00e9 que les d\u00e9tails autour de l&rsquo;accident \u00ab\u00a0restent encore un peu flous pour le moment\u00a0\u00bb. \u00ab\u00a0Il avait 25 ans depuis avril. Tom\u00e0s nous avait rejoints pendant son adolescence et avait connu de grands succ\u00e8s \u00e0 v\u00e9lo, tant au niveau junior que senior. Il manquera \u00e9norm\u00e9ment \u00e0 sa famille, \u00e0 ses amis et \u00e0 tous ceux qui l\u2019ont crois\u00e9 dans le monde du cyclisme\u00a0\u00bb, peut-on \u00e9galement lire.<\/p>\n<blockquote cite=\"https:\/\/graph.facebook.com\/100057876810600\/posts\/1145106160761934\/\" class=\"fb-xfbml-parse-ignore\">\n<p>It is with great sadness that we have learned that our clubmate and friend young Tom\u00e1s Walsh has lost his life in&#8230;<\/p>\n<p>Posted by <a href=\"https:\/\/www.facebook.com\/comeraghcyclingclub\" target=\"_blank\" rel=\"noopener\">Comeragh Cycling Club<\/a> on\u00a0<a href=\"https:\/\/graph.facebook.com\/100057876810600\/posts\/1145106160761934\/\" target=\"_blank\" rel=\"noopener\">Tuesday, July 22, 2025<\/a><\/p><\/blockquote>\n","protected":false},"excerpt":{"rendered":"Alors que le Tour de France 2025 se d\u00e9roule dans une ambiance intense entre sommets alpins et \u00e9tapes&hellip;\n","protected":false},"author":2,"featured_media":269628,"comment_status":"","ping_status":"","sticky":false,"template":"","format":"standard","meta":{"footnotes":""},"categories":[1888],"tags":[1111,1928,11,1927,22098,3348,1777,674,1011,27,18,16077,12,1926,626,1925,25,210,4063],"class_list":{"0":"post-269627","1":"post","2":"type-post","3":"status-publish","4":"format-standard","5":"has-post-thumbnail","7":"category-paris","8":"tag-actu","9":"tag-actu-paris","10":"tag-actualites","11":"tag-actualites-paris","12":"tag-cycliste","13":"tag-drame","14":"tag-eu","15":"tag-europe","16":"tag-fr","17":"tag-france","18":"tag-mort","19":"tag-mu00e9tro","20":"tag-news","21":"tag-news-paris","22":"tag-paris","23":"tag-paris-news","24":"tag-republique-francaise","25":"tag-tour-de-france","26":"tag-vu00e9lo"},"share_on_mastodon":{"url":"https:\/\/pubeurope.com\/@fr\/114906338623784216","error":""},"_links":{"self":[{"href":"https:\/\/www.europesays.com\/fr\/wp-json\/wp\/v2\/posts\/269627","targetHints":{"allow":["GET"]}}],"collection":[{"href":"https:\/\/www.europesays.com\/fr\/wp-json\/wp\/v2\/posts"}],"about":[{"href":"https:\/\/www.europesays.com\/fr\/wp-json\/wp\/v2\/types\/post"}],"author":[{"embeddable":true,"href":"https:\/\/www.europesays.com\/fr\/wp-json\/wp\/v2\/users\/2"}],"replies":[{"embeddable":true,"href":"https:\/\/www.europesays.com\/fr\/wp-json\/wp\/v2\/comments?post=269627"}],"version-history":[{"count":0,"href":"https:\/\/www.europesays.com\/fr\/wp-json\/wp\/v2\/posts\/269627\/revisions"}],"wp:featuredmedia":[{"embeddable":true,"href":"https:\/\/www.europesays.com\/fr\/wp-json\/wp\/v2\/media\/269628"}],"wp:attachment":[{"href":"https:\/\/www.europesays.com\/fr\/wp-json\/wp\/v2\/media?parent=269627"}],"wp:term":[{"taxonomy":"category","embeddable":true,"href":"https:\/\/www.europesays.com\/fr\/wp-json\/wp\/v2\/categories?post=269627"},{"taxonomy":"post_tag","embeddable":true,"href":"https:\/\/www.europesays.com\/fr\/wp-json\/wp\/v2\/tags?post=269627"}],"curies":[{"name":"wp","href":"https:\/\/api.w.org\/{rel}","templated":true}]}}