{"id":269629,"date":"2025-07-24T04:32:12","date_gmt":"2025-07-24T04:32:12","guid":{"rendered":"https:\/\/www.europesays.com\/fr\/269629\/"},"modified":"2025-07-24T04:32:12","modified_gmt":"2025-07-24T04:32:12","slug":"lile-saint-denis-la-femme-qui-avait-asperge-les-policiers-dammoniaque-a-ete-internee","status":"publish","type":"post","link":"https:\/\/www.europesays.com\/fr\/269629\/","title":{"rendered":"L\u2019\u00cele-Saint-Denis\u00a0: la femme qui avait asperg\u00e9 les policiers d\u2019ammoniaque a \u00e9t\u00e9 intern\u00e9e"},"content":{"rendered":"<p class=\"paragraph text_align_left lp-f-body-02\">C\u2019est bien un coup de folie qui a conduit une femme \u00e0 asperger d\u2019ammoniaque<a href=\"https:\/\/www.leparisien.fr\/seine-saint-denis-93\/lile-saint-denis-une-femme-asperge-trois-policiers-dammoniaque-lors-dun-differend-de-voisinage-21-07-2025-OO4HUNYGRNHBDF2MR6RTT3OP3E.php\" target=\"_self\" rel=\"nofollow noopener\"> trois policiers de la brigade territoriale de contact (BTC) de Saint-Denis <\/a>qui intervenaient dimanche \u00e0 23h30 \u00e0 L\u2019\u00cele-Saint-Denis (Seine-Saint-Denis) pour un diff\u00e9rend entre voisins. Un fonctionnaire qui avait re\u00e7u une projection du liquide m\u00e9nager dans l\u2019\u0153il avait d\u00fb \u00eatre hospitalis\u00e9.<\/p>\n<p class=\"paragraph text_align_left lp-f-body-02\">Apr\u00e8s le placement de la femme en garde \u00e0 vue, il a \u00e9t\u00e9 constat\u00e9 qu\u2019elle \u00e9tait dans un \u00e9tat de grande confusion mentale. \u00ab Elle \u00e9tait incompatible avec la mesure de garde \u00e0 vue et a fait l\u2019objet d\u2019une hospitalisation d\u2019office \u00bb, pr\u00e9cise le parquet de Bobigny qui ajoute qu\u2019une \u00ab expertise psychiatrique a \u00e9t\u00e9 ordonn\u00e9e \u00bb. Son fils et sa fille qui avaient aussi \u00e9t\u00e9 mis en cause dans l\u2019agression l\u2019avaient suivi au commissariat de Saint-Denis. Leurs gardes \u00e0 vue ont \u00e9t\u00e9 lev\u00e9es.<\/p>\n<p class=\"paragraph text_align_left lp-f-body-02\">Les trois policiers de la BTC intervenaient pour une querelle de voisinage dans la rue du Bocage. Quand ils avaient p\u00e9n\u00e9tr\u00e9 dans cet immeuble d\u00e9labr\u00e9, ils avaient \u00e9t\u00e9 pris \u00e0 partie par une femme en furie et ses deux enfants. Arm\u00e9e d\u2019une bouteille de produit m\u00e9nager, elle en avait asperg\u00e9 \u00e0 plusieurs reprises les agents.<\/p>\n<p class=\"paragraph text_align_left lp-f-body-02\">Laurent Nu\u00f1ez, pr\u00e9fet de police de Paris, les avait assur\u00e9s de son soutien sur le r\u00e9seau social X.<\/p>\n<p class=\"paragraph text_align_left lp-f-body-02\">L\u2019enqu\u00eate, elle, se poursuit.<\/p>\n","protected":false},"excerpt":{"rendered":"C\u2019est bien un coup de folie qui a conduit une femme \u00e0 asperger d\u2019ammoniaque trois policiers de la&hellip;\n","protected":false},"author":2,"featured_media":269630,"comment_status":"","ping_status":"","sticky":false,"template":"","format":"standard","meta":{"footnotes":""},"categories":[1888],"tags":[11,1777,674,1011,27,1944,12,626,25,1945],"class_list":{"0":"post-269629","1":"post","2":"type-post","3":"status-publish","4":"format-standard","5":"has-post-thumbnail","7":"category-paris","8":"tag-actualites","9":"tag-eu","10":"tag-europe","11":"tag-fr","12":"tag-france","13":"tag-ma-ville","14":"tag-news","15":"tag-paris","16":"tag-republique-francaise","17":"tag-seine-saint-denis"},"share_on_mastodon":{"url":"https:\/\/pubeurope.com\/@fr\/114906342573204569","error":""},"_links":{"self":[{"href":"https:\/\/www.europesays.com\/fr\/wp-json\/wp\/v2\/posts\/269629","targetHints":{"allow":["GET"]}}],"collection":[{"href":"https:\/\/www.europesays.com\/fr\/wp-json\/wp\/v2\/posts"}],"about":[{"href":"https:\/\/www.europesays.com\/fr\/wp-json\/wp\/v2\/types\/post"}],"author":[{"embeddable":true,"href":"https:\/\/www.europesays.com\/fr\/wp-json\/wp\/v2\/users\/2"}],"replies":[{"embeddable":true,"href":"https:\/\/www.europesays.com\/fr\/wp-json\/wp\/v2\/comments?post=269629"}],"version-history":[{"count":0,"href":"https:\/\/www.europesays.com\/fr\/wp-json\/wp\/v2\/posts\/269629\/revisions"}],"wp:featuredmedia":[{"embeddable":true,"href":"https:\/\/www.europesays.com\/fr\/wp-json\/wp\/v2\/media\/269630"}],"wp:attachment":[{"href":"https:\/\/www.europesays.com\/fr\/wp-json\/wp\/v2\/media?parent=269629"}],"wp:term":[{"taxonomy":"category","embeddable":true,"href":"https:\/\/www.europesays.com\/fr\/wp-json\/wp\/v2\/categories?post=269629"},{"taxonomy":"post_tag","embeddable":true,"href":"https:\/\/www.europesays.com\/fr\/wp-json\/wp\/v2\/tags?post=269629"}],"curies":[{"name":"wp","href":"https:\/\/api.w.org\/{rel}","templated":true}]}}