{"id":269631,"date":"2025-07-24T04:33:10","date_gmt":"2025-07-24T04:33:10","guid":{"rendered":"https:\/\/www.europesays.com\/fr\/269631\/"},"modified":"2025-07-24T04:33:10","modified_gmt":"2025-07-24T04:33:10","slug":"face-a-la-fragilite-de-paris-la-defense-la-chambre-regionale-des-comptes-cible-le-pactole-des-elus-locaux","status":"publish","type":"post","link":"https:\/\/www.europesays.com\/fr\/269631\/","title":{"rendered":"Face \u00e0 la fragilit\u00e9 de Paris-La D\u00e9fense, la Chambre r\u00e9gionale des Comptes cible le pactole des \u00e9lus locaux"},"content":{"rendered":"<p><strong>EXCLUSIF<\/strong>. \u00ab\u00a0Un environnement \u00e9conomique marqu\u00e9 par la crise de l&rsquo;immobilier tertiaire\u00a0\u00bb et \u00ab\u00a0un mod\u00e8le \u00e9conomique aux hypoth\u00e8ses initiales optimistes dont l&rsquo;obsolescence est acc\u00e9l\u00e9r\u00e9e par divers facteurs\u00a0\u00bb. Deux des sous-titres de la synth\u00e8se du rapport de la Chambre r\u00e9gionale des comptes \u00cele-de-France (CRC) sur la gestion et la gouvernance de l&rsquo;\u00e9tablissement public Paris-La D\u00e9fense et du d\u00e9partement des Hauts-de-Seine, que La Tribune a pu consulter, sont \u00e9loquents.<\/p>\n<p>Ils viennent en effet confirmer les dires des utilisateurs et des propri\u00e9taires des tours de bureaux qui alertent publiquement depuis fin 2024 sur le mod\u00e8le en sursis du premier quartier d&rsquo;affaires europ\u00e9en. Ce dernier est en effet administr\u00e9 par un EPIC, un \u00e9tablissement 100% public, unique en son genre\u00a0: Paris-La D\u00e9fense. Il est \u00e0 la fois un am\u00e9nageur de la dalle et des communes de Nanterre et de La Garenne-Colombes. Mais aussi le gestionnaire des ouvrages et des espaces publics situ\u00e9s sur ladite dalle.<\/p>\n","protected":false},"excerpt":{"rendered":"EXCLUSIF. \u00ab\u00a0Un environnement \u00e9conomique marqu\u00e9 par la crise de l&rsquo;immobilier tertiaire\u00a0\u00bb et \u00ab\u00a0un mod\u00e8le \u00e9conomique aux hypoth\u00e8ses initiales&hellip;\n","protected":false},"author":2,"featured_media":269632,"comment_status":"","ping_status":"","sticky":false,"template":"","format":"standard","meta":{"footnotes":""},"categories":[1888],"tags":[17,11,15760,554,154,645,1777,674,2823,1011,4248,27,12,626,40891,17878,25],"class_list":{"0":"post-269631","1":"post","2":"type-post","3":"status-publish","4":"format-standard","5":"has-post-thumbnail","7":"category-paris","8":"tag-17","9":"tag-actualites","10":"tag-chambre","11":"tag-defense","12":"tag-des","13":"tag-entreprises-finance","14":"tag-eu","15":"tag-europe","16":"tag-face","17":"tag-fr","18":"tag-fragilite","19":"tag-france","20":"tag-news","21":"tag-paris","22":"tag-paris-la","23":"tag-regionale","24":"tag-republique-francaise"},"share_on_mastodon":{"url":"https:\/\/pubeurope.com\/@fr\/114906346519969473","error":""},"_links":{"self":[{"href":"https:\/\/www.europesays.com\/fr\/wp-json\/wp\/v2\/posts\/269631","targetHints":{"allow":["GET"]}}],"collection":[{"href":"https:\/\/www.europesays.com\/fr\/wp-json\/wp\/v2\/posts"}],"about":[{"href":"https:\/\/www.europesays.com\/fr\/wp-json\/wp\/v2\/types\/post"}],"author":[{"embeddable":true,"href":"https:\/\/www.europesays.com\/fr\/wp-json\/wp\/v2\/users\/2"}],"replies":[{"embeddable":true,"href":"https:\/\/www.europesays.com\/fr\/wp-json\/wp\/v2\/comments?post=269631"}],"version-history":[{"count":0,"href":"https:\/\/www.europesays.com\/fr\/wp-json\/wp\/v2\/posts\/269631\/revisions"}],"wp:featuredmedia":[{"embeddable":true,"href":"https:\/\/www.europesays.com\/fr\/wp-json\/wp\/v2\/media\/269632"}],"wp:attachment":[{"href":"https:\/\/www.europesays.com\/fr\/wp-json\/wp\/v2\/media?parent=269631"}],"wp:term":[{"taxonomy":"category","embeddable":true,"href":"https:\/\/www.europesays.com\/fr\/wp-json\/wp\/v2\/categories?post=269631"},{"taxonomy":"post_tag","embeddable":true,"href":"https:\/\/www.europesays.com\/fr\/wp-json\/wp\/v2\/tags?post=269631"}],"curies":[{"name":"wp","href":"https:\/\/api.w.org\/{rel}","templated":true}]}}