{"id":269651,"date":"2025-07-24T04:46:12","date_gmt":"2025-07-24T04:46:12","guid":{"rendered":"https:\/\/www.europesays.com\/fr\/269651\/"},"modified":"2025-07-24T04:46:12","modified_gmt":"2025-07-24T04:46:12","slug":"top-14-beria-van-tonder-diaby-paiaaua-ritchie-les-argentins-quand-lusap-va-t-elle-recuperer-ses-joueurs-manquants","status":"publish","type":"post","link":"https:\/\/www.europesays.com\/fr\/269651\/","title":{"rendered":"Top 14\u00a0: Beria, Van Tonder, Diaby, Paia&rsquo;aua, Ritchie, les Argentins&#8230; Quand l&rsquo;USAP va-t-elle r\u00e9cup\u00e9rer ses joueurs manquants ?"},"content":{"rendered":"<p>\n                                                                Priv\u00e9e d\u2019une partie de son effectif en ce d\u00e9but de pr\u00e9paration, l\u2019USAP compose avec les absences li\u00e9es aux obligations internationales et aux cong\u00e9s estivaux. Entre retours progressifs et joueurs encore retenus en s\u00e9lection, l\u2019effectif catalan va se reconstituer peu \u00e0 peu. On fait le point.\n                            <\/p>\n<p>Comme \u00e0 chaque d\u00e9but de pr\u00e9paration estivale, les clubs du Top 14 sont amput\u00e9s de plusieurs joueurs en raison des fen\u00eatres internationales qui se terminent \u00e0 la mi-juillet, ou encore des cong\u00e9s obligatoires quand certains ont boucl\u00e9 la saison plus tard avec leurs autres clubs. L\u2019USAP n\u2019y a pas \u00e9chapp\u00e9. Et elle va r\u00e9cup\u00e9rer les absents au compte-goutte.<\/p>\n<p>\u00c0 commencer par le troisi\u00e8me ligne\u00a0<strong>Matt\u00e9o Le Corvec\u00a0<\/strong>qui a fait sa rentr\u00e9e au centre d\u2019entra\u00eenement \u00e0 Perpignan ce lundi 22\u00a0juillet. Arriv\u00e9 jusqu\u2019en demi-finale du Top 14 \u2013 o\u00f9 il \u00e9tait rempla\u00e7ant \u2013, celui qui a jou\u00e9 21 matches avec le RCT la saison derni\u00e8re avait encore une semaine de cong\u00e9s \u00e0 \u00e9cluser.<\/p>\n<p>Le troisi\u00e8me ligne\u00a0<strong>Mahamadou Diaby<\/strong>, lui, est attendu la semaine prochaine. Il a fini sa saison le 28\u00a0juin avec l\u2019Union Bordeaux-B\u00e8gles, m\u00eame s\u2019il n\u2019a pas particip\u00e9 \u00e0 la phase finale du Top 14.<\/p>\n<p>La plupart des internationaux de retour le 18\u00a0ao\u00fbt<\/p>\n<p>Pour les autres, il faudra attendre encore un peu pour les voir fouler la pelouse synth\u00e9tique de la Plaine des jeux. Les internationaux fran\u00e7ais\u00a0<strong>Giorgi Beria<\/strong>, <strong>Jacobus van Tonder\u00a0<\/strong>et\u00a0<strong>Alivereti Duguivalu\u00a0<\/strong>feront leur retour \u00e0 l\u2019entra\u00eenement le lundi 18\u00a0ao\u00fbt, tout comme le troisi\u00e8me ligne \u00e9cossais\u00a0<strong>Jamie Ritchie\u00a0<\/strong>qui se remet d\u2019une blessure \u00e0 un pied. Ce dernier devrait arriver dans les prochains jours \u00e0 Perpignan pour s\u2019installer. Enfin, la bonne nouvelle concerne \u00e9galement le centre\u00a0<strong>Duncan Paia\u2019aua<\/strong>, qui sera pr\u00e9sent le 18\u00a0ao\u00fbt avec l\u2019USAP et ne participera pas \u00e0 la Pacific Nations Cup avec les Samoa (23\u00a0ao\u00fbt-20\u00a0septembre). Un renfort de poids pour la ligne arri\u00e8re catalane.<\/p>\n<p>En revanche, les Argentins\u00a0<strong>Ignacio Ruiz<\/strong> et\u00a0<strong>Joaqu\u00edn Oviedo\u00a0<\/strong>manqueront, comme d\u2019habitude, le d\u00e9but de championnat.\u00a0Le talonneur et le num\u00e9ro\u00a08 ont six matches \u00e0 disputer contre la Nouvelle-Z\u00e9lande (16 et 23\u00a0ao\u00fbt), l\u2019Australie (6 et 13\u00a0septembre) et l\u2019Afrique du Sud (27\u00a0septembre et 4\u00a0octobre). Ce qui signifie qu\u2019ils manqueront, au moins, les cinq premi\u00e8res journ\u00e9es de Top 14. Ils seront de retour pour le d\u00e9placement \u00e0 Lyon (11\u00a0octobre) ou la r\u00e9ception de Bordeaux-B\u00e8gles (18\u00a0octobre), avant de repartir en s\u00e9lection pour la tourn\u00e9e d\u2019automne en Europe (pays de Galles, \u00c9cosse et Angleterre).<\/p>\n","protected":false},"excerpt":{"rendered":"Priv\u00e9e d\u2019une partie de son effectif en ce d\u00e9but de pr\u00e9paration, l\u2019USAP compose avec les absences li\u00e9es aux&hellip;\n","protected":false},"author":2,"featured_media":269652,"comment_status":"","ping_status":"","sticky":false,"template":"","format":"standard","meta":{"footnotes":""},"categories":[1416],"tags":[1011,27,479,1468,60],"class_list":{"0":"post-269651","1":"post","2":"type-post","3":"status-publish","4":"format-standard","5":"has-post-thumbnail","7":"category-rugby","8":"tag-fr","9":"tag-france","10":"tag-rugby","11":"tag-rugby-football","12":"tag-sports"},"share_on_mastodon":{"url":"https:\/\/pubeurope.com\/@fr\/114906397612066029","error":""},"_links":{"self":[{"href":"https:\/\/www.europesays.com\/fr\/wp-json\/wp\/v2\/posts\/269651","targetHints":{"allow":["GET"]}}],"collection":[{"href":"https:\/\/www.europesays.com\/fr\/wp-json\/wp\/v2\/posts"}],"about":[{"href":"https:\/\/www.europesays.com\/fr\/wp-json\/wp\/v2\/types\/post"}],"author":[{"embeddable":true,"href":"https:\/\/www.europesays.com\/fr\/wp-json\/wp\/v2\/users\/2"}],"replies":[{"embeddable":true,"href":"https:\/\/www.europesays.com\/fr\/wp-json\/wp\/v2\/comments?post=269651"}],"version-history":[{"count":0,"href":"https:\/\/www.europesays.com\/fr\/wp-json\/wp\/v2\/posts\/269651\/revisions"}],"wp:featuredmedia":[{"embeddable":true,"href":"https:\/\/www.europesays.com\/fr\/wp-json\/wp\/v2\/media\/269652"}],"wp:attachment":[{"href":"https:\/\/www.europesays.com\/fr\/wp-json\/wp\/v2\/media?parent=269651"}],"wp:term":[{"taxonomy":"category","embeddable":true,"href":"https:\/\/www.europesays.com\/fr\/wp-json\/wp\/v2\/categories?post=269651"},{"taxonomy":"post_tag","embeddable":true,"href":"https:\/\/www.europesays.com\/fr\/wp-json\/wp\/v2\/tags?post=269651"}],"curies":[{"name":"wp","href":"https:\/\/api.w.org\/{rel}","templated":true}]}}