{"id":269653,"date":"2025-07-24T04:47:09","date_gmt":"2025-07-24T04:47:09","guid":{"rendered":"https:\/\/www.europesays.com\/fr\/269653\/"},"modified":"2025-07-24T04:47:09","modified_gmt":"2025-07-24T04:47:09","slug":"titouan-droguet-en-quart-a-umag-une-premiere-dans-sa-carriere","status":"publish","type":"post","link":"https:\/\/www.europesays.com\/fr\/269653\/","title":{"rendered":"Titouan Droguet en quart \u00e0 Umag, une premi\u00e8re dans sa carri\u00e8re"},"content":{"rendered":"<p>Le Fran\u00e7ais de 24 ans a sorti le Tch\u00e8que Vit Kopriva (79e, 6-2, 6-3) ce mercredi \u00e0 Umag en Croatie.<\/p>\n<p class=\"fig-paragraph\">Le Fran\u00e7ais Titouan Droguet (176e mondial) s&rsquo;est qualifi\u00e9 pour la premi\u00e8re fois de sa carri\u00e8re, \u00e0 24 ans, pour un quart de finale d&rsquo;un tournoi du circuit ATP, celui sur terre battue cat\u00e9gorie 250 d&rsquo;Umag (Croatie), mercredi.<\/p>\n<p class=\"fig-paragraph\">Sur la terre battue croate, Droguet, qui a d\u00fb passer par les qualifications pour entrer dans le tableau principal, a domin\u00e9 le Tch\u00e8que Vit Kopriva (79e) 6-2, 6-3 en 1 h 20 min. Il rencontrera pour une place dans le dernier carr\u00e9 le vainqueur du huiti\u00e8me entre le Suisse Stan Wawrinka (156e) et le Bosnien Damir Dzumhur (61e).<\/p>\n<p>                                    <a class=\"fig-a11y-skip a11y-hidden\" href=\"#fig-a11y-skip-main-inarticle\"><br \/>\n        Passer la publicit\u00e9<br \/>\n    <\/a><\/p>\n<p class=\"fig-paragraph\">Jusqu&rsquo;alors, le principal fait d&rsquo;armes de Droguet avait \u00e9t\u00e9 de se hisser au deuxi\u00e8me tour de l&rsquo;US Open en septembre 2023 apr\u00e8s \u00eatre sorti des qualifications.<\/p>\n","protected":false},"excerpt":{"rendered":"Le Fran\u00e7ais de 24 ans a sorti le Tch\u00e8que Vit Kopriva (79e, 6-2, 6-3) ce mercredi \u00e0 Umag&hellip;\n","protected":false},"author":2,"featured_media":269654,"comment_status":"","ping_status":"","sticky":false,"template":"","format":"standard","meta":{"footnotes":""},"categories":[1415],"tags":[4169,1011,27,60,1467],"class_list":{"0":"post-269653","1":"post","2":"type-post","3":"status-publish","4":"format-standard","5":"has-post-thumbnail","7":"category-tennis","8":"tag-atp","9":"tag-fr","10":"tag-france","11":"tag-sports","12":"tag-tennis"},"share_on_mastodon":{"url":"https:\/\/pubeurope.com\/@fr\/114906401551145901","error":""},"_links":{"self":[{"href":"https:\/\/www.europesays.com\/fr\/wp-json\/wp\/v2\/posts\/269653","targetHints":{"allow":["GET"]}}],"collection":[{"href":"https:\/\/www.europesays.com\/fr\/wp-json\/wp\/v2\/posts"}],"about":[{"href":"https:\/\/www.europesays.com\/fr\/wp-json\/wp\/v2\/types\/post"}],"author":[{"embeddable":true,"href":"https:\/\/www.europesays.com\/fr\/wp-json\/wp\/v2\/users\/2"}],"replies":[{"embeddable":true,"href":"https:\/\/www.europesays.com\/fr\/wp-json\/wp\/v2\/comments?post=269653"}],"version-history":[{"count":0,"href":"https:\/\/www.europesays.com\/fr\/wp-json\/wp\/v2\/posts\/269653\/revisions"}],"wp:featuredmedia":[{"embeddable":true,"href":"https:\/\/www.europesays.com\/fr\/wp-json\/wp\/v2\/media\/269654"}],"wp:attachment":[{"href":"https:\/\/www.europesays.com\/fr\/wp-json\/wp\/v2\/media?parent=269653"}],"wp:term":[{"taxonomy":"category","embeddable":true,"href":"https:\/\/www.europesays.com\/fr\/wp-json\/wp\/v2\/categories?post=269653"},{"taxonomy":"post_tag","embeddable":true,"href":"https:\/\/www.europesays.com\/fr\/wp-json\/wp\/v2\/tags?post=269653"}],"curies":[{"name":"wp","href":"https:\/\/api.w.org\/{rel}","templated":true}]}}