{"id":269655,"date":"2025-07-24T04:49:16","date_gmt":"2025-07-24T04:49:16","guid":{"rendered":"https:\/\/www.europesays.com\/fr\/269655\/"},"modified":"2025-07-24T04:49:16","modified_gmt":"2025-07-24T04:49:16","slug":"motogp-nouveau-classement-apres-la-tchequie-avec-un-changement-de-taille-dans-le-top-6","status":"publish","type":"post","link":"https:\/\/www.europesays.com\/fr\/269655\/","title":{"rendered":"MotoGP Nouveau classement apr\u00e8s la Tch\u00e9quie, avec un changement de taille, dans le top 6 !"},"content":{"rendered":"<p>La mauvaise passe travers\u00e9e par l\u2019\u00e9curie VR46 et ses deux pilotes a eu des cons\u00e9quences imm\u00e9diates, en termes de hi\u00e9rarchie, apr\u00e8s le Grand-Prix de R\u00e9publique Tch\u00e8que de MotoGP. En effet, Franco Morbidelli et Fabio di Giannantonio ont r\u00e9trograd\u00e9, tout deux, \u00e0 l\u2019avantage de Marco Bezzecchi. Le pilote italien devient, ainsi, le mieux plac\u00e9 des pilotes non-Ducati au classement et emp\u00eache la dominatrice marque de verrouiller le top 5 !<\/p>\n<p>MotoGP : Marco Bezzecchi, le rem\u00e8de anti-domination de Ducati ?<\/p>\n<p>Car \u00e0 Brno, le week-end dernier, entre l\u2019absence de Franco Morbidelli, bless\u00e9 et le week-end myst\u00e9rieusement anonyme de Fabio di Giannantonio, Marco Bezzecchi n\u2019avait qu\u2019\u00e0 porter l\u2019estocade \u00e0 ses compatriotes. Quatri\u00e8me du sprint, samedi, le transalpin a ensuite termin\u00e9 l\u2019\u00e9preuve principale \u00e0 une brillante deuxi\u00e8me place. De quoi passer quatri\u00e8me au g\u00e9n\u00e9ral et m\u00eame, esp\u00e9rer monter sur le podium, en revenant sur un Francesco Bagnaia f\u00e9brile, fragile et irr\u00e9gulier.<\/p>\n<blockquote class=\"twitter-tweet\">\n<p dir=\"ltr\" lang=\"en\">\u23f1\ufe0f <a href=\"https:\/\/twitter.com\/marcmarquez93?ref_src=twsrc%5Etfw\" target=\"_blank\" rel=\"noopener\">@marcmarquez93<\/a>\u2018s pace made the outcome feel inevitable, but that was a strong display nonetheless from Marco Bezzecchi \ud83e\udd1c<a href=\"https:\/\/twitter.com\/hashtag\/CzechGP?src=hash&amp;ref_src=twsrc%5Etfw\" target=\"_blank\" rel=\"noopener\">#CzechGP<\/a> \ud83c\udde8\ud83c\uddff<a href=\"https:\/\/t.co\/i9n15vbeG8\">https:\/\/t.co\/i9n15vbeG8<\/a><\/p>\n<p>\u2014 MotoGP\u2122\ud83c\udfc1 (@MotoGP) <a href=\"https:\/\/twitter.com\/MotoGP\/status\/1946956697630646456?ref_src=twsrc%5Etfw\" target=\"_blank\" rel=\"noopener\">July 20, 2025<\/a><\/p>\n<\/blockquote>\n<p>Ainsi, \u201cBezz\u201d compte 156 unit\u00e9s soit 14 de mieux que \u201cDiGia\u201d et 17 de plus que Morbidelli. Evidemment, tout cela envoie aussi un message tr\u00e8s positif \u00e0 Jorge Martin, septi\u00e8me pour son retour en comp\u00e9tition, dimanche et qui sait qu\u2019il dispose d\u00e9sormais de la meilleure r\u00e9plique possible \u00e0 l\u2019outrageuse domination de Ducati. Sachant il faut le rappeler, que Bezzecchi s\u2019\u00e9tait impos\u00e9 en Grande Bretagne, il y a quelques semaines\u2026<\/p>\n<p>\u00ab Le week-end a \u00e9t\u00e9 globalement difficile\u201c, confirmait Fabio di Giannantonio, dimanche soir dernier. \u201cLes sensations des derni\u00e8res courses nous ont manqu\u00e9. C\u2019\u00e9tait formidable d\u2019\u00eatre de retour \u00e0 Brno, le circuit est incroyable, mais nous n\u2019avons pas r\u00e9ussi \u00e0 trouver la bonne direction pour aller vite. J\u2019assume toutes les responsabilit\u00e9s ; je dois \u00eatre plus pr\u00e9cis avec l\u2019\u00e9quipe pour donner un meilleur retour. Il faut juste se ressaisir, se recentrer et repartir d\u2019Autriche avec les bonnes sensations des derni\u00e8res courses. \u00bb, analysait l\u2019int\u00e9ress\u00e9, assez dur envers lui-m\u00eame, endossant une bonne partie de la responsabilit\u00e9 de ce mauvais week-end, sans l\u2019ombre d\u2019un point.<\/p>\n<p>De son c\u00f4t\u00e9, Pablo Niet, Team Manager du VR46, confirmait les difficult\u00e9s \u00e9voqu\u00e9es par son unique pilote pr\u00e9sent, \u00e0 Brno :<\/p>\n<p>\u00ab Ce fut un GP compliqu\u00e9. Nous avons commenc\u00e9 le week-end avec l\u2019absence de Franky. Nous avons d\u00e9cid\u00e9 de faire l\u2019impasse sur cette course pour \u00e9viter de prendre des risques et arriver en Autriche en pleine forme. Franky est rest\u00e9 avec nous tout le week-end et a travaill\u00e9 avec son \u00e9quipe au garage et sur la voie d\u2019assistance. Quant \u00e0 Fabio, pour une raison ou une autre, il n\u2019a jamais r\u00e9ussi \u00e0 trouver les bonnes sensations pour \u00eatre rapide. Nous connaissons certaines causes, mais nous devons \u00e9galement en analyser d\u2019autres. Il est temps de profiter de ces trois semaines pour nous reposer et nous pr\u00e9parer pour l\u2019Autriche, o\u00f9 nous devons retrouver le combat dans le groupe de t\u00eate. \u00bb<\/p>\n<p>Autre modification au classement, comme nous l\u2019\u00e9voquions dimanche, au lendemain du sprint, la perte de la septi\u00e8me place par Johann Zarco. Chute le dimanche sur le Sachsenring puis, 2 points samedi dernier et 3 apr\u00e8s la course principale, insuffisant pour r\u00e9sister au retour en forme de KTM et de Pedro Acosta. Ce dernier ayant r\u00e9alis\u00e9 le doubl\u00e9 avec un podium (P2) samedi puis la troisi\u00e8me place, \u00e0 Brno, \u00e0 l\u2019issue de la course principale. Johann est maintenant huiti\u00e8me, \u00e0 15 points de l\u2019Espagnol. De plus, Fabio Quartararo est revenu tout pr\u00e8s, \u00e0 7 longueurs de son compatriote\u2026<\/p>\n<p>Il faudra trouver un second souffle, \u00e0 la rentr\u00e9e -\u00e0 l\u2019image de l\u2019an pass\u00e9, pour esp\u00e9rer conserver cette place voire, en gagner une ou deux, d\u2019ici la fin de la saison 2025. Voici la hi\u00e9rarchie compl\u00e8te apr\u00e8s le Grand-Prix de Tch\u00e9quie de MotoGP 2025.<\/p>\n<tr class=\"standings-table__body-row\">\n<td class=\"standings-table__body-cell standings-table__body-cell--pos\">1<\/td>\n<td class=\"standings-table__body-cell standings-table__body-cell--rider\">\n<\/td>\n<td class=\"standings-table__body-cell standings-table__body-cell--team u-hide-tablet\">Ducati Lenovo Team<\/td>\n<td class=\"standings-table__body-cell standings-table__body-cell--points\">381 points<\/td>\n<td class=\"standings-table__body-cell standings-table__body-cell--gap u-hide-phablet\"\/>\n<\/tr>\n<tr class=\"standings-table__body-row\">\n<td class=\"standings-table__body-cell standings-table__body-cell--pos\">2<\/td>\n<td class=\"standings-table__body-cell standings-table__body-cell--rider\">\n<\/td>\n<td class=\"standings-table__body-cell standings-table__body-cell--team u-hide-tablet\">BK8 Gresini Racing MotoGP<\/td>\n<td class=\"standings-table__body-cell standings-table__body-cell--points\">261 points<\/td>\n<td class=\"standings-table__body-cell standings-table__body-cell--gap u-hide-phablet\">-120<\/td>\n<\/tr>\n<tr class=\"standings-table__body-row\">\n<td class=\"standings-table__body-cell standings-table__body-cell--pos\">3<\/td>\n<td class=\"standings-table__body-cell standings-table__body-cell--rider\">\n<\/td>\n<td class=\"standings-table__body-cell standings-table__body-cell--team u-hide-tablet\">Ducati Lenovo Team<\/td>\n<td class=\"standings-table__body-cell standings-table__body-cell--points\">213 points<\/td>\n<td class=\"standings-table__body-cell standings-table__body-cell--gap u-hide-phablet\">-168<\/td>\n<\/tr>\n<tr class=\"standings-table__body-row\">\n<td class=\"standings-table__body-cell standings-table__body-cell--pos\">4<\/td>\n<td class=\"standings-table__body-cell standings-table__body-cell--rider\">\n<\/td>\n<td class=\"standings-table__body-cell standings-table__body-cell--team u-hide-tablet\">Aprilia Racing<\/td>\n<td class=\"standings-table__body-cell standings-table__body-cell--points\">156 points<\/td>\n<td class=\"standings-table__body-cell standings-table__body-cell--gap u-hide-phablet\">-225<\/td>\n<\/tr>\n<tr class=\"standings-table__body-row\">\n<td class=\"standings-table__body-cell standings-table__body-cell--pos\">5<\/td>\n<td class=\"standings-table__body-cell standings-table__body-cell--rider\">\n<\/td>\n<td class=\"standings-table__body-cell standings-table__body-cell--team u-hide-tablet\">Pertamina Enduro VR46 Racing Team<\/td>\n<td class=\"standings-table__body-cell standings-table__body-cell--points\">142 points<\/td>\n<td class=\"standings-table__body-cell standings-table__body-cell--gap u-hide-phablet\">-239<\/td>\n<\/tr>\n<tr class=\"standings-table__body-row\">\n<td class=\"standings-table__body-cell standings-table__body-cell--pos\">6<\/td>\n<td class=\"standings-table__body-cell standings-table__body-cell--rider\">\n<\/td>\n<td class=\"standings-table__body-cell standings-table__body-cell--team u-hide-tablet\">Pertamina Enduro VR46 Racing Team<\/td>\n<td class=\"standings-table__body-cell standings-table__body-cell--points\">139 points<\/td>\n<td class=\"standings-table__body-cell standings-table__body-cell--gap u-hide-phablet\">-242<\/td>\n<\/tr>\n<tr class=\"standings-table__body-row\">\n<td class=\"standings-table__body-cell standings-table__body-cell--pos\">7<\/td>\n<td class=\"standings-table__body-cell standings-table__body-cell--rider\">\n<\/td>\n<td class=\"standings-table__body-cell standings-table__body-cell--team u-hide-tablet\">Red Bull KTM Factory Racing<\/td>\n<td class=\"standings-table__body-cell standings-table__body-cell--points\">124 points<\/td>\n<td class=\"standings-table__body-cell standings-table__body-cell--gap u-hide-phablet\">-257<\/td>\n<\/tr>\n<tr class=\"standings-table__body-row\">\n<td class=\"standings-table__body-cell standings-table__body-cell--pos\">8<\/td>\n<td class=\"standings-table__body-cell standings-table__body-cell--rider\">\n<\/td>\n<td class=\"standings-table__body-cell standings-table__body-cell--team u-hide-tablet\">CASTROL Honda LCR<\/td>\n<td class=\"standings-table__body-cell standings-table__body-cell--points\">109 points<\/td>\n<td class=\"standings-table__body-cell standings-table__body-cell--gap u-hide-phablet\">-272<\/td>\n<\/tr>\n<tr class=\"standings-table__body-row\">\n<td class=\"standings-table__body-cell standings-table__body-cell--pos\">9<\/td>\n<td class=\"standings-table__body-cell standings-table__body-cell--rider\">\n<\/td>\n<td class=\"standings-table__body-cell standings-table__body-cell--team u-hide-tablet\">Monster Energy Yamaha MotoGP Team<\/td>\n<td class=\"standings-table__body-cell standings-table__body-cell--points\">102 points<\/td>\n<td class=\"standings-table__body-cell standings-table__body-cell--gap u-hide-phablet\">-279<\/td>\n<\/tr>\n<tr class=\"standings-table__body-row\">\n<td class=\"standings-table__body-cell standings-table__body-cell--pos\">10<\/td>\n<td class=\"standings-table__body-cell standings-table__body-cell--rider\">\n<\/td>\n<td class=\"standings-table__body-cell standings-table__body-cell--team u-hide-tablet\">BK8 Gresini Racing MotoGP<\/td>\n<td class=\"standings-table__body-cell standings-table__body-cell--points\">97 points<\/td>\n<td class=\"standings-table__body-cell standings-table__body-cell--gap u-hide-phablet\">-284<\/td>\n<\/tr>\n<tr class=\"standings-table__body-row\">\n<td class=\"standings-table__body-cell standings-table__body-cell--pos\">11<\/td>\n<td class=\"standings-table__body-cell standings-table__body-cell--rider\">\n<\/td>\n<td class=\"standings-table__body-cell standings-table__body-cell--team u-hide-tablet\">Red Bull KTM Tech3<\/td>\n<td class=\"standings-table__body-cell standings-table__body-cell--points\">69 points<\/td>\n<td class=\"standings-table__body-cell standings-table__body-cell--gap u-hide-phablet\">-312<\/td>\n<\/tr>\n<tr class=\"standings-table__body-row\">\n<td class=\"standings-table__body-cell standings-table__body-cell--pos\">12<\/td>\n<td class=\"standings-table__body-cell standings-table__body-cell--rider\">\n<\/td>\n<td class=\"standings-table__body-cell standings-table__body-cell--team u-hide-tablet\">Red Bull KTM Factory Racing<\/td>\n<td class=\"standings-table__body-cell standings-table__body-cell--points\">68 points<\/td>\n<td class=\"standings-table__body-cell standings-table__body-cell--gap u-hide-phablet\">-313<\/td>\n<\/tr>\n<tr class=\"standings-table__body-row\">\n<td class=\"standings-table__body-cell standings-table__body-cell--pos\">13<\/td>\n<td class=\"standings-table__body-cell standings-table__body-cell--rider\">\n<\/td>\n<td class=\"standings-table__body-cell standings-table__body-cell--team u-hide-tablet\">Trackhouse MotoGP Team<\/td>\n<td class=\"standings-table__body-cell standings-table__body-cell--points\">66 points<\/td>\n<td class=\"standings-table__body-cell standings-table__body-cell--gap u-hide-phablet\">-315<\/td>\n<\/tr>\n<tr class=\"standings-table__body-row\">\n<td class=\"standings-table__body-cell standings-table__body-cell--pos\">14<\/td>\n<td class=\"standings-table__body-cell standings-table__body-cell--rider\">\n<\/td>\n<td class=\"standings-table__body-cell standings-table__body-cell--team u-hide-tablet\">Prima Pramac Yamaha MotoGP<\/td>\n<td class=\"standings-table__body-cell standings-table__body-cell--points\">52 points<\/td>\n<td class=\"standings-table__body-cell standings-table__body-cell--gap u-hide-phablet\">-329<\/td>\n<\/tr>\n<tr class=\"standings-table__body-row\">\n<td class=\"standings-table__body-cell standings-table__body-cell--pos\">15<\/td>\n<td class=\"standings-table__body-cell standings-table__body-cell--rider\">\n<\/td>\n<td class=\"standings-table__body-cell standings-table__body-cell--team u-hide-tablet\">Honda HRC Castrol<\/td>\n<td class=\"standings-table__body-cell standings-table__body-cell--points\">52 points<\/td>\n<td class=\"standings-table__body-cell standings-table__body-cell--gap u-hide-phablet\">-329<\/td>\n<\/tr>\n<tr class=\"standings-table__body-row\">\n<td class=\"standings-table__body-cell standings-table__body-cell--pos\">16<\/td>\n<td class=\"standings-table__body-cell standings-table__body-cell--rider\">\n<\/td>\n<td class=\"standings-table__body-cell standings-table__body-cell--team u-hide-tablet\">Trackhouse MotoGP Team<\/td>\n<td class=\"standings-table__body-cell standings-table__body-cell--points\">51 points<\/td>\n<td class=\"standings-table__body-cell standings-table__body-cell--gap u-hide-phablet\">-330<\/td>\n<\/tr>\n<tr class=\"standings-table__body-row\">\n<td class=\"standings-table__body-cell standings-table__body-cell--pos\">17<\/td>\n<td class=\"standings-table__body-cell standings-table__body-cell--rider\">\n<\/td>\n<td class=\"standings-table__body-cell standings-table__body-cell--team u-hide-tablet\">Red Bull KTM Tech3<\/td>\n<td class=\"standings-table__body-cell standings-table__body-cell--points\">49 points<\/td>\n<td class=\"standings-table__body-cell standings-table__body-cell--gap u-hide-phablet\">-332<\/td>\n<\/tr>\n<tr class=\"standings-table__body-row\">\n<td class=\"standings-table__body-cell standings-table__body-cell--pos\">18<\/td>\n<td class=\"standings-table__body-cell standings-table__body-cell--rider\">\n<\/td>\n<td class=\"standings-table__body-cell standings-table__body-cell--team u-hide-tablet\">Monster Energy Yamaha MotoGP Team<\/td>\n<td class=\"standings-table__body-cell standings-table__body-cell--points\">42 points<\/td>\n<td class=\"standings-table__body-cell standings-table__body-cell--gap u-hide-phablet\">-339<\/td>\n<\/tr>\n<tr class=\"standings-table__body-row\">\n<td class=\"standings-table__body-cell standings-table__body-cell--pos\">19<\/td>\n<td class=\"standings-table__body-cell standings-table__body-cell--rider\">\n<\/td>\n<td class=\"standings-table__body-cell standings-table__body-cell--team u-hide-tablet\">Honda HRC Castrol<\/td>\n<td class=\"standings-table__body-cell standings-table__body-cell--points\">32 points<\/td>\n<td class=\"standings-table__body-cell standings-table__body-cell--gap u-hide-phablet\">-349<\/td>\n<\/tr>\n<tr class=\"standings-table__body-row\">\n<td class=\"standings-table__body-cell standings-table__body-cell--pos\">20<\/td>\n<td class=\"standings-table__body-cell standings-table__body-cell--rider\">\n<\/td>\n<td class=\"standings-table__body-cell standings-table__body-cell--team u-hide-tablet\">Honda HRC Castrol<\/td>\n<td class=\"standings-table__body-cell standings-table__body-cell--points\">10 points<\/td>\n<td class=\"standings-table__body-cell standings-table__body-cell--gap u-hide-phablet\">-371<\/td>\n<\/tr>\n<tr class=\"standings-table__body-row\">\n<td class=\"standings-table__body-cell standings-table__body-cell--pos\">21<\/td>\n<td class=\"standings-table__body-cell standings-table__body-cell--rider\">\n<\/td>\n<td class=\"standings-table__body-cell standings-table__body-cell--team u-hide-tablet\">Aprilia Racing<\/td>\n<td class=\"standings-table__body-cell standings-table__body-cell--points\">9 points<\/td>\n<td class=\"standings-table__body-cell standings-table__body-cell--gap u-hide-phablet\">-372<\/td>\n<\/tr>\n<tr class=\"standings-table__body-row\">\n<td class=\"standings-table__body-cell standings-table__body-cell--pos\">22<\/td>\n<td class=\"standings-table__body-cell standings-table__body-cell--rider\">\n<\/td>\n<td class=\"standings-table__body-cell standings-table__body-cell--team u-hide-tablet\">Aprilia Racing<\/td>\n<td class=\"standings-table__body-cell standings-table__body-cell--points\">8 points<\/td>\n<td class=\"standings-table__body-cell standings-table__body-cell--gap u-hide-phablet\">-373<\/td>\n<\/tr>\n<tr class=\"standings-table__body-row\">\n<td class=\"standings-table__body-cell standings-table__body-cell--pos\">23<\/td>\n<td class=\"standings-table__body-cell standings-table__body-cell--rider\">\n<\/td>\n<td class=\"standings-table__body-cell standings-table__body-cell--team u-hide-tablet\">Red Bull KTM Tech3<\/td>\n<td class=\"standings-table__body-cell standings-table__body-cell--points\">8 points<\/td>\n<td class=\"standings-table__body-cell standings-table__body-cell--gap u-hide-phablet\">-373<\/td>\n<\/tr>\n<tr class=\"standings-table__body-row\">\n<td class=\"standings-table__body-cell standings-table__body-cell--pos\">24<\/td>\n<td class=\"standings-table__body-cell standings-table__body-cell--rider\">\n<\/td>\n<td class=\"standings-table__body-cell standings-table__body-cell--team u-hide-tablet\">Yamaha Factory Racing Team<\/td>\n<td class=\"standings-table__body-cell standings-table__body-cell--points\">6 points<\/td>\n<td class=\"standings-table__body-cell standings-table__body-cell--gap u-hide-phablet\">-375<\/td>\n<\/tr>\n<tr class=\"standings-table__body-row\">\n<td class=\"standings-table__body-cell standings-table__body-cell--pos\">25<\/td>\n<td class=\"standings-table__body-cell standings-table__body-cell--rider\">\n<\/td>\n<td class=\"standings-table__body-cell standings-table__body-cell--team u-hide-tablet\">Prima Pramac Yamaha MotoGP<\/td>\n<td class=\"standings-table__body-cell standings-table__body-cell--points\">6 points<\/td>\n<td class=\"standings-table__body-cell standings-table__body-cell--gap u-hide-phablet\">-375<\/td>\n<\/tr>\n<tr class=\"standings-table__body-row\">\n<td class=\"standings-table__body-cell standings-table__body-cell--pos\">26<\/td>\n<td class=\"standings-table__body-cell standings-table__body-cell--rider\">\n<\/td>\n<td class=\"standings-table__body-cell standings-table__body-cell--team u-hide-tablet\">IDEMITSU Honda LCR<\/td>\n<td class=\"standings-table__body-cell standings-table__body-cell--points\">1 point<\/td>\n<td class=\"standings-table__body-cell standings-table__body-cell--gap u-hide-phablet\">-380<\/td>\n<\/tr>\n<p>Article publi\u00e9 le 22\/07\/2025 \u00e0 6h00<\/p>\n<p>                                                            <script async src=\"https:\/\/platform.twitter.com\/widgets.js\" charset=\"utf-8\"><\/script><\/p>\n","protected":false},"excerpt":{"rendered":"La mauvaise passe travers\u00e9e par l\u2019\u00e9curie VR46 et ses deux pilotes a eu des cons\u00e9quences imm\u00e9diates, en termes&hellip;\n","protected":false},"author":2,"featured_media":269656,"comment_status":"","ping_status":"","sticky":false,"template":"","format":"standard","meta":{"footnotes":""},"categories":[1413],"tags":[1981,1011,27,1457,1456,1458,60],"class_list":{"0":"post-269655","1":"post","2":"type-post","3":"status-publish","4":"format-standard","5":"has-post-thumbnail","7":"category-moto","8":"tag-classement","9":"tag-fr","10":"tag-france","11":"tag-moto","12":"tag-motocycle","13":"tag-motogp","14":"tag-sports"},"share_on_mastodon":{"url":"https:\/\/pubeurope.com\/@fr\/114906409472312220","error":""},"_links":{"self":[{"href":"https:\/\/www.europesays.com\/fr\/wp-json\/wp\/v2\/posts\/269655","targetHints":{"allow":["GET"]}}],"collection":[{"href":"https:\/\/www.europesays.com\/fr\/wp-json\/wp\/v2\/posts"}],"about":[{"href":"https:\/\/www.europesays.com\/fr\/wp-json\/wp\/v2\/types\/post"}],"author":[{"embeddable":true,"href":"https:\/\/www.europesays.com\/fr\/wp-json\/wp\/v2\/users\/2"}],"replies":[{"embeddable":true,"href":"https:\/\/www.europesays.com\/fr\/wp-json\/wp\/v2\/comments?post=269655"}],"version-history":[{"count":0,"href":"https:\/\/www.europesays.com\/fr\/wp-json\/wp\/v2\/posts\/269655\/revisions"}],"wp:featuredmedia":[{"embeddable":true,"href":"https:\/\/www.europesays.com\/fr\/wp-json\/wp\/v2\/media\/269656"}],"wp:attachment":[{"href":"https:\/\/www.europesays.com\/fr\/wp-json\/wp\/v2\/media?parent=269655"}],"wp:term":[{"taxonomy":"category","embeddable":true,"href":"https:\/\/www.europesays.com\/fr\/wp-json\/wp\/v2\/categories?post=269655"},{"taxonomy":"post_tag","embeddable":true,"href":"https:\/\/www.europesays.com\/fr\/wp-json\/wp\/v2\/tags?post=269655"}],"curies":[{"name":"wp","href":"https:\/\/api.w.org\/{rel}","templated":true}]}}