{"id":269674,"date":"2025-07-24T04:59:15","date_gmt":"2025-07-24T04:59:15","guid":{"rendered":"https:\/\/www.europesays.com\/fr\/269674\/"},"modified":"2025-07-24T04:59:15","modified_gmt":"2025-07-24T04:59:15","slug":"en-cartes-comment-le-moustique-tigre-sest-diffuse-largement-en-europe-jusquen-bretagne","status":"publish","type":"post","link":"https:\/\/www.europesays.com\/fr\/269674\/","title":{"rendered":"En cartes, comment le moustique-tigre s\u2019est diffus\u00e9 largement en Europe, jusqu\u2019en Bretagne"},"content":{"rendered":"<p>1 En Europe, du bassin m\u00e9diterran\u00e9en \u00e0 une large implantation<\/p>\n<p>L\u2019arriv\u00e9e du moustique-tigre en Europe n\u2019est pas nouvelle en tant que telle. Les premi\u00e8res observations d\u2019aedes albopictus, son nom scientifique, sur le continent, remontent \u00e0 1979, en Albanie, et 1990, en Italie, d\u2019apr\u00e8s le <a href=\"https:\/\/www.ecdc.europa.eu\/en\/publications-data\/guidelines-surveillance-invasive-mosquitoes-europe\" target=\"_blank\" rel=\"noopener\">Centre europ\u00e9en de pr\u00e9vention et de contr\u00f4le des maladies<\/a> (ECDC). La rapidit\u00e9 r\u00e9cente de la prolif\u00e9ration du moustique tigre en Europe est toutefois frappante.<\/p>\n<p><img decoding=\"async\" src=\"https:\/\/www.europesays.com\/fr\/wp-content\/uploads\/2025\/07\/keep_ratio\" style=\"max-width: 100%\" alt=\"Quatre cartes d'Europe montrant la diffusion du moustique-tigre autour du bassin m\u00e9diterran\u00e9en entre 1995 et 2011\"\/>En rouge, les zones dans lesquelles la pr\u00e9sence du moustique-tigre a \u00e9t\u00e9 \u00e9tablie en Europe, entre 1995 et 2011. (ECDC)<\/p>\n<p>En 2013, l\u2019ECDC\ufeff <a href=\"https:\/\/www.ecdc.europa.eu\/en\/news-events\/increasing-risk-mosquito-borne-diseases-eueea-following-spread-aedes-species\" target=\"_blank\" rel=\"noopener\">comptabilisait<\/a> huit pays dans lesquels le moustique-tigre s\u2019\u00e9tait \u00e9tabli. Dix ans plus tard, en 2023, on en d\u00e9nombrait treize. En 2025, la <a href=\"https:\/\/www.ecdc.europa.eu\/en\/publications-data\/aedes-albopictus-current-known-distribution-june-2025#:~:text=Aedes%20albopictus%20is%20known%20to,Slovakia%2C%20Slovenia%2C%20and%20Spain.\" target=\"_blank\" rel=\"noopener\">liste<\/a> s\u2019est \u00e9largie \u00e0 seize\u00a0pays. On parle l\u00e0 de territoires dans lesquels une reproduction du moustique-tigre est identifi\u00e9e, pas seulement de lieux o\u00f9 l\u2019insecte a \u00e9t\u00e9 observ\u00e9.<\/p>\n<p><img decoding=\"async\" src=\"https:\/\/www.europesays.com\/fr\/wp-content\/uploads\/2025\/07\/1753333154_393_keep_ratio\" style=\"max-width: 100%\" alt=\"Comparaison des zones d'installation du moustique-tigre en Europe en 2017, 2020, 2023 et 2025\"\/>Zones de pr\u00e9sence nouvelle ou \u00e9tablie du moustique-tigre en Europe, en 2017, 2020, 2023 et 2025. (ECDC)<\/p>\n<p>Le moustique-tigre \u00ab a connu une expansion mondiale spectaculaire, facilit\u00e9e par les activit\u00e9s humaines \u00bb et notamment \u00ab le transport passif d\u2019\u0153ufs dans des pneus usag\u00e9s ou du \u00ab\u00a0lucky bambou\u00a0\u00bb\u00a0\u00bb, les bambous import\u00e9s d\u2019Asie, rappelle l\u2019organisme. L\u2019esp\u00e8ce a \u00e9t\u00e9 class\u00e9e, en 2021, comme l\u2019une des plus invasives au monde dans la <a href=\"https:\/\/www.iucngisd.org\/gisd\/100_worst.php\" target=\"_blank\" rel=\"noopener\">base de donn\u00e9es mondiale des esp\u00e8ces envahissantes<\/a>.<\/p>\n<p>Le croisement de facteurs environnementaux, notamment le changement climatique, et les caract\u00e9ristiques de cet insecte expliquent aussi cette expansion, qui ne peut qu\u2019\u00eatre ralentie, \u00e0 d\u00e9faut d\u2019\u00eatre emp\u00each\u00e9e. \u00ab L\u2019augmentation des temp\u00e9ratures moyennes, l\u2019allongement des p\u00e9riodes estivales et l\u2019accroissement de la fr\u00e9quence des inondations sont des facteurs susceptibles de contribuer \u00e0 l\u2019augmentation de la densit\u00e9 des moustiques et \u00e0 l\u2019\u00e9mergence de maladies zoonotiques \u00bb, observe un article paru en f\u00e9vrier dans la publication scientifique <a href=\"https:\/\/www.sciencedirect.com\/science\/article\/pii\/S0248866325000505\" target=\"_blank\" rel=\"noopener\">La Revue de m\u00e9decine interne<\/a>.<\/p>\n<p>2 Dans l\u2019Hexagone, plus aucune r\u00e9gion \u00e9pargn\u00e9e<\/p>\n<p>En France continentale, la premi\u00e8re implantation de moustique-tigre a \u00e9t\u00e9 identifi\u00e9e dans les Alpes-Maritimes, dans la commune de Menton, en 2004. \u00ab Ce moustique s\u2019est d\u00e9velopp\u00e9 rapidement depuis 2004 et est d\u00e9sormais implant\u00e9 dans 81 d\u00e9partements \u00bb, d\u2019apr\u00e8s le bilan du minist\u00e8re de la Sant\u00e9 actualis\u00e9 en mai 2025.<\/p>\n<p>L\u2019installation du moustique-tigre dans un territoire est d\u2019autant plus surveill\u00e9e qu\u2019elle est souvent irr\u00e9versible. \u00ab Le moustique-tigre est inf\u00e9od\u00e9 aux activit\u00e9s humaines \u00bb et aime les lieux habit\u00e9s par l\u2019homme, ce qui \u00ab explique qu\u2019une fois install\u00e9 dans une commune ou un d\u00e9partement, il est pratiquement impossible de s\u2019en d\u00e9barrasser \u00bb, d\u00e9taille le minist\u00e8re.<\/p>\n<p><img decoding=\"async\" src=\"https:\/\/www.europesays.com\/fr\/wp-content\/uploads\/2025\/07\/1753333155_422_keep_ratio\" style=\"max-width: 100%\" alt=\"Carte des communes consid\u00e9r\u00e9es officiellement comme colonis\u00e9es par le moustique-tigre, en France, d'apr\u00e8s les donn\u00e9es recueillies par l'Anses\"\/>Communes officiellement colonis\u00e9es par le moustique-tigre en juillet 2025 (Donn\u00e9es Anses &#8211; Carte Le T\u00e9l\u00e9gramme) <\/p>\n<p>Comment cette pr\u00e9sence est-elle surveill\u00e9e ? D\u2019abord, par les signalements de citoyens, recens\u00e9s par l\u2019Anses sur <a href=\"https:\/\/signalement-moustique.anses.fr\/signalement_albopictus\/\" target=\"_blank\" rel=\"noopener\">signalement-moustique.anses.fr<\/a>. Ces t\u00e9moignages avec photos peuvent ensuite d\u00e9clencher une surveillance active des autorit\u00e9s de sant\u00e9, notamment \u00e0 l\u2019aide de pi\u00e8ges pondoir. Une commune peut ensuite \u00eatre class\u00e9e comme \u00ab colonis\u00e9e \u00bb lorsqu\u2019un de ces trois crit\u00e8res est rempli : des \u0153ufs observ\u00e9s trois fois de suite dans un pi\u00e8ge ; une pr\u00e9sence \u00e0 plus de 150 m\u00e8tres autour d\u2019un signalement ou d\u2019un pi\u00e8ge positif ; plus de 500 m\u00e8tres s\u00e9parent deux pi\u00e8ges ou signalements positifs. D\u00e9but 2025, plus de 6 500 communes de l\u2019Hexagone sont colonis\u00e9es, d\u2019apr\u00e8s les autorit\u00e9s de sant\u00e9.<\/p>\n<p>3 En Bretagne, prolif\u00e9ration in\u00e9luctable mais sous surveillance<\/p>\n<p>La r\u00e9gion administrative est officiellement concern\u00e9e par le moustique-tigre depuis 2022, date \u00e0 laquelle la commune de Domagn\u00e9, en Ille-et-Vilaine, a \u00e9t\u00e9 class\u00e9e comme colonis\u00e9e. M\u00eame statut officiel, depuis 2023, pour Rennes. Le Morbihan est le deuxi\u00e8me d\u00e9partement \u00e0 compter une commune colonis\u00e9e, La Gacilly, en 2023 \u00e9galement. Ces <a href=\"https:\/\/www.letelegramme.fr\/bretagne\/en-bretagne-voici-les-communes-colonisees-par-le-moustique-tigre-6560834.php\" target=\"_blank\" rel=\"noopener\">trois communes sont, pour l\u2019heure, les seules officiellement colonis\u00e9es<\/a>.<\/p>\n<p>Des observations ont toutefois \u00e9t\u00e9 document\u00e9es dans le Finist\u00e8re, \u00e0 Brest et Quimper, ainsi qu\u2019\u00e0 Plomelin. Cette derni\u00e8re commune abrite un site de recyclage de pneus. Ces lieux industriels sont un vecteur identifi\u00e9 de la prolif\u00e9ration du moustique-tigre. Ils font l\u2019objet d\u2019une surveillance sp\u00e9cifique au titre de sites \u00e0 risque, tout comme certains sites touristiques, des \u00e9tablissements de sant\u00e9 et des ports ou a\u00e9roports, pr\u00e9cise l\u2019<a href=\"https:\/\/bretagne-environnement.fr\/article\/le-moustique-tigre-bretagne\" target=\"_blank\" rel=\"noopener\">Observatoire de l\u2019environnement en Bretagne<\/a>. La surveillance concerne \u00e9galement les unit\u00e9s urbaines de plus de 10 000 habitants.<\/p>\n<p>Cette surveillance va de pair avec <a href=\"https:\/\/www.letelegramme.fr\/sante\/contre-le-moustique-tigre-les-bons-reflexes-6618118.php?from_pumba=true\" target=\"_blank\" rel=\"noopener\">une lutte pr\u00e9ventive, pour limiter l\u2019implantation de ces moustiques<\/a> et des maladies qu\u2019ils diffusent, notamment la dengue, <a href=\"https:\/\/www.letelegramme.fr\/sante\/chikungunya-un-premier-cas-autochtone-en-2025-en-metropole-dans-le-var-6835255.php\" target=\"_blank\" rel=\"noopener\">le chikungunya<\/a> et le virus Zika. En Bretagne, des op\u00e9rations de porte-\u00e0-porte ont \u00e9t\u00e9 men\u00e9es apr\u00e8s les d\u00e9tections de 2023, d\u00e9taille l\u2019ARS. Celles-ci peuvent impliquer un traitement insecticide sp\u00e9cifique, mais surtout une sensibilisation des habitants sur le principe cl\u00e9 pour limiter la pr\u00e9sence de ce moustique : supprimer ou prot\u00e9ger les points d\u2019eau stagnante tels que les coupelles de plantes, les r\u00e9cup\u00e9rateurs d\u2019eau, seaux ou bassins.<\/p>\n","protected":false},"excerpt":{"rendered":"1 En Europe, du bassin m\u00e9diterran\u00e9en \u00e0 une large implantation L\u2019arriv\u00e9e du moustique-tigre en Europe n\u2019est pas nouvelle&hellip;\n","protected":false},"author":2,"featured_media":269675,"comment_status":"","ping_status":"","sticky":false,"template":"","format":"standard","meta":{"footnotes":""},"categories":[10],"tags":[40893,11,1867,3450,829,3321,1011,27,72,848,29668,3729,40894,3319,584,71],"class_list":{"0":"post-269674","1":"post","2":"type-post","3":"status-publish","4":"format-standard","5":"has-post-thumbnail","7":"category-sante","8":"tag-dataspot","9":"tag-actualites","10":"tag-animaux","11":"tag-brest","12":"tag-bretagne","13":"tag-finistere","14":"tag-fr","15":"tag-france","16":"tag-health","17":"tag-ille-et-vilaine","18":"tag-la-gacilly","19":"tag-morbihan","20":"tag-plomelin","21":"tag-quimper","22":"tag-rennes","23":"tag-sante"},"share_on_mastodon":{"url":"https:\/\/pubeurope.com\/@fr\/114906448765902555","error":""},"_links":{"self":[{"href":"https:\/\/www.europesays.com\/fr\/wp-json\/wp\/v2\/posts\/269674","targetHints":{"allow":["GET"]}}],"collection":[{"href":"https:\/\/www.europesays.com\/fr\/wp-json\/wp\/v2\/posts"}],"about":[{"href":"https:\/\/www.europesays.com\/fr\/wp-json\/wp\/v2\/types\/post"}],"author":[{"embeddable":true,"href":"https:\/\/www.europesays.com\/fr\/wp-json\/wp\/v2\/users\/2"}],"replies":[{"embeddable":true,"href":"https:\/\/www.europesays.com\/fr\/wp-json\/wp\/v2\/comments?post=269674"}],"version-history":[{"count":0,"href":"https:\/\/www.europesays.com\/fr\/wp-json\/wp\/v2\/posts\/269674\/revisions"}],"wp:featuredmedia":[{"embeddable":true,"href":"https:\/\/www.europesays.com\/fr\/wp-json\/wp\/v2\/media\/269675"}],"wp:attachment":[{"href":"https:\/\/www.europesays.com\/fr\/wp-json\/wp\/v2\/media?parent=269674"}],"wp:term":[{"taxonomy":"category","embeddable":true,"href":"https:\/\/www.europesays.com\/fr\/wp-json\/wp\/v2\/categories?post=269674"},{"taxonomy":"post_tag","embeddable":true,"href":"https:\/\/www.europesays.com\/fr\/wp-json\/wp\/v2\/tags?post=269674"}],"curies":[{"name":"wp","href":"https:\/\/api.w.org\/{rel}","templated":true}]}}