{"id":269692,"date":"2025-07-24T05:09:11","date_gmt":"2025-07-24T05:09:11","guid":{"rendered":"https:\/\/www.europesays.com\/fr\/269692\/"},"modified":"2025-07-24T05:09:11","modified_gmt":"2025-07-24T05:09:11","slug":"villers-les-nancy-tintin-le-phallus-de-titan-devrait-faire-son-grand-retour-lundi","status":"publish","type":"post","link":"https:\/\/www.europesays.com\/fr\/269692\/","title":{"rendered":"Villers-l\u00e8s-Nancy. Tintin, le phallus de titan, devrait faire son grand \u00ab\u00a0retour\u00a0\u00bb lundi"},"content":{"rendered":"<p>Il se fait attendre un peu, le Tintin\u00a0! Apr\u00e8s tout, \u00e7a ne lui donnera que plus de chances d\u2019\u00e9merveiller ses fans, quand bien m\u00eame son petit fr\u00e8re \u00c9ros a tent\u00e9 de lui faire concurrence en juin dernier.<\/p>\n<p>Tintin l\u2019arum titan, alias amorphophallus titanum de son vrai nom scientifique (p\u00e9nis ou phallus de titan pour les intimes) a l\u00e9g\u00e8rement d\u00e9tromp\u00e9 les pronostics qui annon\u00e7aient sa floraison d\u00e8s cette semaine. Or pour l\u2019instant, il se \u00ab\u00a0contente\u00a0\u00bb de grandir. Et ne devrait donner le meilleur de lui-m\u00eame qu\u2019en d\u00e9but de semaine prochaine. \u00ab\u00a0A priori plut\u00f4t lundi 28\u00a0juillet, dimanche nous para\u00eet peu probable\u00a0\u00bb, proph\u00e9tise Fr\u00e9d\u00e9ric Pautz, directeur du Jardin botanique Jean-Marie-Pelt, o\u00f9 est attendu l\u2019\u00e9v\u00e9nement.<\/p>\n<p>En quoi la floraison de cette plante constitue-t-elle un \u00e9v\u00e9nement\u00a0? En ce que cet individu, surnomm\u00e9 Tintin par les visiteurs, offre ce spectacle pour la seconde fois en deux ans. Or, une floraison \u00e9tant d\u00e9j\u00e0 rare (on n\u2019en compte que 8 en France \u00e0 ce jour depuis 1850), une deuxi\u00e8me pour la m\u00eame plante rel\u00e8ve du rarissime\u00a0! C\u2019est m\u00eame une premi\u00e8re en France\u00a0!<\/p>\n<p>  Tintin devrait pulv\u00e9riser son propre record national<\/p>\n<p>Certes, en juin dernier, un autre individu avait d\u00e9j\u00e0 pris les devants en ce m\u00eame lieu. Le d\u00e9nomm\u00e9 \u00c9ros qui, lui, fleurissait pour la premi\u00e8re fois de son existence. Sous les yeux de milliers de curieux.<\/p>\n<p>Mais Tintin est plus gros (42\u00a0kilos contre 21\u00a0kilos pour \u00c9ros), et sera plus grand. \u00c0 1,77\u00a0m mercredi, Tintin a d\u00e9j\u00e0 d\u00e9pass\u00e9 \u00c9ros. Et devrait \u00e0 terme, \u00e0 savoir lors de son inflorescence, d\u00e9passer largement les 2,10\u00a0m. Pulv\u00e9risant au passage son propre record, national, \u00e9tabli en juillet\u00a02023 \u00e0 1,95m.<\/p>\n<p>Le spectacle n\u2019en sera que plus beau. Et se pr\u00eatera \u00e0 contemplation, cette fois, \u00e0 l\u2019extr\u00e9mit\u00e9 des tunnels des serres du jardin botanique, et non \u00e0 leur entr\u00e9e.<\/p>\n<p>Mais les r\u00e8gles restent les m\u00eames\u00a0: une fois \u00ab\u00a0ouverte\u00a0\u00bb, la plante g\u00e9ante entamera aussit\u00f4t son d\u00e9clin. Avec l\u2019arum titan, nous avons affaire \u00e0 une beaut\u00e9 rare et plus \u00e9ph\u00e9m\u00e8re encore que la rose de Ronsard\u2026<\/p>\n<p>C\u2019est dans les premi\u00e8res 24-36 heures qu\u2019il faudra donc venir la voir alors que, par ailleurs, elle r\u00e9pand ses \u00ab\u00a0d\u00e9licieuses\u00a0\u00bb effluves mortif\u00e8res. Deux singularit\u00e9s qui font, elles aussi, le prix de ce show que nous offre la nature. Avec une g\u00e9n\u00e9rosit\u00e9 redoubl\u00e9e dans le jardin botanique de Villers\u00a0!<\/p>\n","protected":false},"excerpt":{"rendered":"Il se fait attendre un peu, le Tintin\u00a0! Apr\u00e8s tout, \u00e7a ne lui donnera que plus de chances&hellip;\n","protected":false},"author":2,"featured_media":269693,"comment_status":"","ping_status":"","sticky":false,"template":"","format":"standard","meta":{"footnotes":""},"categories":[9635],"tags":[1111,11,1707,1704,1706,1705,436,1777,674,1011,27,775,1757,10262,1702,12,25,767,10261],"class_list":{"0":"post-269692","1":"post","2":"type-post","3":"status-publish","4":"format-standard","5":"has-post-thumbnail","7":"category-nancy","8":"tag-actu","9":"tag-actualites","10":"tag-edition-luneville","11":"tag-edition-nancy-et-agglomeration","12":"tag-edition-pont-a-mousson","13":"tag-edition-toul","14":"tag-environnement","15":"tag-eu","16":"tag-europe","17":"tag-fr","18":"tag-france","19":"tag-grand-est","20":"tag-insolite","21":"tag-metropole-du-grand-nancy-54b5","22":"tag-nancy","23":"tag-news","24":"tag-republique-francaise","25":"tag-science-et-technologie","26":"tag-villers-les-nancy"},"share_on_mastodon":{"url":"https:\/\/pubeurope.com\/@fr\/114906488192790104","error":""},"_links":{"self":[{"href":"https:\/\/www.europesays.com\/fr\/wp-json\/wp\/v2\/posts\/269692","targetHints":{"allow":["GET"]}}],"collection":[{"href":"https:\/\/www.europesays.com\/fr\/wp-json\/wp\/v2\/posts"}],"about":[{"href":"https:\/\/www.europesays.com\/fr\/wp-json\/wp\/v2\/types\/post"}],"author":[{"embeddable":true,"href":"https:\/\/www.europesays.com\/fr\/wp-json\/wp\/v2\/users\/2"}],"replies":[{"embeddable":true,"href":"https:\/\/www.europesays.com\/fr\/wp-json\/wp\/v2\/comments?post=269692"}],"version-history":[{"count":0,"href":"https:\/\/www.europesays.com\/fr\/wp-json\/wp\/v2\/posts\/269692\/revisions"}],"wp:featuredmedia":[{"embeddable":true,"href":"https:\/\/www.europesays.com\/fr\/wp-json\/wp\/v2\/media\/269693"}],"wp:attachment":[{"href":"https:\/\/www.europesays.com\/fr\/wp-json\/wp\/v2\/media?parent=269692"}],"wp:term":[{"taxonomy":"category","embeddable":true,"href":"https:\/\/www.europesays.com\/fr\/wp-json\/wp\/v2\/categories?post=269692"},{"taxonomy":"post_tag","embeddable":true,"href":"https:\/\/www.europesays.com\/fr\/wp-json\/wp\/v2\/tags?post=269692"}],"curies":[{"name":"wp","href":"https:\/\/api.w.org\/{rel}","templated":true}]}}