{"id":269702,"date":"2025-07-24T05:15:12","date_gmt":"2025-07-24T05:15:12","guid":{"rendered":"https:\/\/www.europesays.com\/fr\/269702\/"},"modified":"2025-07-24T05:15:12","modified_gmt":"2025-07-24T05:15:12","slug":"a-rouen-un-homme-de-28-ans-tombe-dans-la-seine-en-pleine-nuit","status":"publish","type":"post","link":"https:\/\/www.europesays.com\/fr\/269702\/","title":{"rendered":"\u00c0 Rouen, un homme de 28 ans tombe dans la Seine en pleine nuit"},"content":{"rendered":"<p>            Par<br \/>\n        <strong><br \/>\n            <a href=\"https:\/\/actu.fr\/auteur\/adrien-filoche\" title=\"Consulter tous les articles de Adrien Filoche\" target=\"_blank\" rel=\"noopener\">Adrien Filoche<\/a><br \/>\n        <\/strong><\/p>\n<p>        Publi\u00e9 le<\/p>\n<p>            24 juil. 2025 \u00e0 7h04        <\/p>\n<p><strong>Une grosse frayeur.<\/strong> Vers 5\u00a0heures du matin le jeudi 24\u00a0juillet 2025, les pompiers sont intervenus sur les quais de Rouen, entre les ponts <a href=\"https:\/\/actu.fr\/normandie\/rouen_76540\/rouen-les-travaux-du-pont-guillaume-le-conquerant-vont-debuter-quel-impact-sur-la-circulation_62939613.html\" target=\"_blank\" rel=\"noopener\">Guillaume-le-Conqu\u00e9rant<\/a> et <a href=\"https:\/\/actu.fr\/tag\/rouen-flaubert\" target=\"_blank\" rel=\"noopener\">Flaubert<\/a>. Un homme est tomb\u00e9 dans la Seine.<\/p>\n<p>Une chute accidentelle<\/p>\n<p class=\" wall-content\">\u00c2g\u00e9e de 28\u00a0ans, la victime est tomb\u00e9e \u00ab\u2009accidentellement\u2009\u00bb, relate le Sdis76 (Service d\u00e9partemental d\u2019incendie et de secours de la Seine-Maritime). Toujours selon le Sdis, l\u2019homme est r\u00e9cup\u00e9r\u00e9 et sorti hors de l\u2019eau avant l\u2019arriv\u00e9e des pompiers.<\/p>\n<p class=\" wall-content\">Une fois sur place, les pompiers le prennent en charge. Il est finalement transport\u00e9 \u00e0 l\u2019h\u00f4pital.<\/p>\n<p class=\" wall-content\">Ce n\u2019est pas la premi\u00e8re chute dans la Seine. En octobre\u00a02024, <a href=\"https:\/\/actu.fr\/normandie\/rouen_76540\/mort-d-owen-a-rouen-pour-que-ca-n-arrive-a-personne-d-autre-sa-famille-lance-une-association_62382506.html\" target=\"_blank\" rel=\"noopener\">le jeune Owen<\/a>, 19\u00a0ans, tombait dans le fleuve en rentrant de soir\u00e9e. La conclusion sera dramatique puisque le jeune homme \u00e9tait d\u00e9c\u00e9d\u00e9.<\/p>\n<p>Suivez l\u2019actualit\u00e9 de Rouen sur <a href=\"https:\/\/www.whatsapp.com\/channel\/0029VaKfnf99hXF2ddApFB1D\" target=\"_blank\" rel=\"noopener\">notre cha\u00eene WhatsApp<\/a> et sur <a href=\"https:\/\/www.tiktok.com\/@76actu.fr?lang=fr\" target=\"_blank\" rel=\"noopener\">notre compte TikTok<\/a><\/p>\n<p class=\" wall-content\">Suivez toute l\u2019actualit\u00e9 de vos villes et m\u00e9dias favoris en vous inscrivant \u00e0 <a href=\"https:\/\/moncompte.actu.fr\" title=\"D\u00e9couvez Mon Actu\" rel=\"nofollow noopener\" data-trk=\"{&quot;cta&quot;:{&quot;action&quot;:&quot;https:\\\/\\\/moncompte.actu.fr&quot;,&quot;category&quot;:&quot;mon compte&quot;,&quot;from&quot;:&quot;article footer&quot;,&quot;name&quot;:&quot;Mon actu&quot;,&quot;type&quot;:&quot;cta&quot;}}\" target=\"_blank\">Mon Actu<\/a>.<\/p>\n<p>                    <script async src=\"\/\/www.tiktok.com\/embed.js\"><\/script><\/p>\n","protected":false},"excerpt":{"rendered":"Par Adrien Filoche Publi\u00e9 le 24 juil. 2025 \u00e0 7h04 Une grosse frayeur. Vers 5\u00a0heures du matin le&hellip;\n","protected":false},"author":2,"featured_media":269703,"comment_status":"","ping_status":"","sticky":false,"template":"","format":"standard","meta":{"footnotes":""},"categories":[9587],"tags":[119,1111,11,1777,674,118,1011,27,5353,12,5161,1311,25,9590],"class_list":{"0":"post-269702","1":"post","2":"type-post","3":"status-publish","4":"format-standard","5":"has-post-thumbnail","7":"category-rouen","8":"tag-accident","9":"tag-actu","10":"tag-actualites","11":"tag-eu","12":"tag-europe","13":"tag-faits-divers","14":"tag-fr","15":"tag-france","16":"tag-la-seine","17":"tag-news","18":"tag-normandie","19":"tag-pompiers","20":"tag-republique-francaise","21":"tag-rouen"},"share_on_mastodon":{"url":"https:\/\/pubeurope.com\/@fr\/114906511700895915","error":""},"_links":{"self":[{"href":"https:\/\/www.europesays.com\/fr\/wp-json\/wp\/v2\/posts\/269702","targetHints":{"allow":["GET"]}}],"collection":[{"href":"https:\/\/www.europesays.com\/fr\/wp-json\/wp\/v2\/posts"}],"about":[{"href":"https:\/\/www.europesays.com\/fr\/wp-json\/wp\/v2\/types\/post"}],"author":[{"embeddable":true,"href":"https:\/\/www.europesays.com\/fr\/wp-json\/wp\/v2\/users\/2"}],"replies":[{"embeddable":true,"href":"https:\/\/www.europesays.com\/fr\/wp-json\/wp\/v2\/comments?post=269702"}],"version-history":[{"count":0,"href":"https:\/\/www.europesays.com\/fr\/wp-json\/wp\/v2\/posts\/269702\/revisions"}],"wp:featuredmedia":[{"embeddable":true,"href":"https:\/\/www.europesays.com\/fr\/wp-json\/wp\/v2\/media\/269703"}],"wp:attachment":[{"href":"https:\/\/www.europesays.com\/fr\/wp-json\/wp\/v2\/media?parent=269702"}],"wp:term":[{"taxonomy":"category","embeddable":true,"href":"https:\/\/www.europesays.com\/fr\/wp-json\/wp\/v2\/categories?post=269702"},{"taxonomy":"post_tag","embeddable":true,"href":"https:\/\/www.europesays.com\/fr\/wp-json\/wp\/v2\/tags?post=269702"}],"curies":[{"name":"wp","href":"https:\/\/api.w.org\/{rel}","templated":true}]}}