{"id":269716,"date":"2025-07-24T05:23:09","date_gmt":"2025-07-24T05:23:09","guid":{"rendered":"https:\/\/www.europesays.com\/fr\/269716\/"},"modified":"2025-07-24T05:23:09","modified_gmt":"2025-07-24T05:23:09","slug":"on-ne-peut-pas-laisser-des-barrieres-en-permanence-les-habitues-de-la-rue-tiranty-fermee-pendant-une-semaine-a-nice-dressent-le-bilan-de-loperation-municipale-anti-toxicomanes","status":"publish","type":"post","link":"https:\/\/www.europesays.com\/fr\/269716\/","title":{"rendered":"\u00ab\u00a0On ne peut pas laisser des barri\u00e8res en permanence\u00a0\u00bb: les habitu\u00e9s de la rue Tiranty, ferm\u00e9e pendant une semaine \u00e0 Nice, dressent le bilan de l\u2019op\u00e9ration municipale anti-toxicomanes"},"content":{"rendered":"<p>Ils sont partag\u00e9s entre la satisfaction d\u2019avoir eu une rue paisible et le constat d\u2019une solution pas viable \u00e0 long terme. Les commer\u00e7ants et r\u00e9sidents de la rue Tiranty \u00e0 Nice dressent un bilan plut\u00f4t positif de <a href=\"https:\/\/www.nicematin.com\/social\/-il-n-y-avait-plus-d-autres-solutions-nice-teste-durant-une-semaine-la-fermeture-de-la-rue-tiranty-pour-en-eloigner-les-toxicomanes-994558\" rel=\"nofollow noopener\" target=\"_blank\">l\u2019arr\u00eat\u00e9 municipal qui a permis, pendant une semaine jusqu\u2019au mardi 22 juillet, de limiter l\u2019acc\u00e8s \u00e0 cette art\u00e8re perpendiculaire \u00e0 l\u2019avenue Jean-M\u00e9decin<\/a>. Seuls les r\u00e9sidents, clients et commer\u00e7ants avaient l\u2019autorisation d\u2019entrer. \u00ab\u00a0Les pi\u00e9tons pouvaient passer librement, sans se pr\u00e9senter. En voiture, il fallait justifier pour qu\u2019on nous laisse passer\u00a0\u00bb, se souvient Julia, employ\u00e9e d\u2019un commerce de services dans la rue.<\/p>\n<p>Alors pendant une semaine, les personnes errantes qui occupent habituellement la rue ont d\u00fb changer d\u2019endroit. Une disposition b\u00e9n\u00e9fique pour l\u2019ensemble des riverains rencontr\u00e9s, dont Julia. \u00ab\u00a0D\u2019habitude, quand j\u2019arrive au travail, il faut regarder o\u00f9 sont les SDF pour les \u00e9viter. Pendant une semaine, \u00e7\u2019a \u00e9t\u00e9 beaucoup plus calme\u00a0\u00bb. M\u00eame son de cloche pour Isabelle, qui travaille pour le centre respiratoire au num\u00e9ro 12. \u00ab\u00a0D\u2019habitude, la vue et l\u2019odeur ne sont pas agr\u00e9ables. Donc on ne peut en penser que du bien\u00a0\u00bb, assure-t-elle, en pr\u00e9cisant qu\u2019elle ne s\u2019est jamais sentie en ins\u00e9curit\u00e9 dans la rue, malgr\u00e9 la pr\u00e9sence de toxicomanes.<\/p>\n<p>Pas une solution durable<\/p>\n<p>Mais pass\u00e9e l\u2019euphorie de cette semaine d\u2019essai, r\u00e9sidents et commer\u00e7ants pr\u00e9f\u00e8rent tenir un discours de raison. \u00ab\u00a0Oui, c\u2019est bien. Mais on ne peut pas laisser des barri\u00e8res en permanence, \u00e7a fait un peu peur aux touristes\u00a0\u00bb, nuance Julia. Il y a aussi les six agents de s\u00fbret\u00e9 de la voie publique (ASVP), plac\u00e9s de part et d\u2019autre de la rue pour filtrer les entr\u00e9es. \u00ab\u00a0On ne pourrait pas les laisser comme \u00e7a, plant\u00e9s toute la journ\u00e9e devant des barri\u00e8res\u00a0\u00bb, observe Isabelle. \u00ab\u00a0Ils me faisaient de la peine\u00a0\u00bb, poursuit \u00c9velyne, qui reconna\u00eet pourtant avoir appr\u00e9ci\u00e9 ne plus voir d\u2019\u00a0\u00bbindividus disjonct\u00e9s\u00a0\u00bb errer dans la rue o\u00f9 elle habite. Mais m\u00eame d\u2019un point de vue l\u00e9gal, conserver cette mesure \u00e0 long terme \u00e9tait impossible: un arr\u00eat\u00e9 municipal devant obligatoirement \u00eatre limit\u00e9 dans le temps, cette mise sous cloche de la rue ne pouvait pas durer \u00e9ternellement.<\/p>\n<p>\u00ab\u00a0Ils vont revenir\u00a0\u00bb<\/p>\n<p>D\u00e9sormais, les usagers de la rue Tiranty attendent de voir. Car la rue, en quasi-impasse et en sens unique, est peu passante et donc plut\u00f4t propice au squat. \u00ab\u00a0Ils se mettent au bout, sur le trottoir, toujours c\u00f4t\u00e9 Jean-M\u00e9decin, parfois en groupe, et c\u2019est comme s\u2019ils vivaient l\u00e0\u00a0\u00bb, d\u00e9crit \u00c9velyne. Pendant cette semaine test, les personnes errantes se sont tr\u00e8s probablement d\u00e9plac\u00e9es dans les rues adjacentes. Mais moins de 24 heures apr\u00e8s la r\u00e9ouverture, Isabelle affirme d\u00e9j\u00e0 les avoir revues. \u00ab\u00a0Ils vont revenir, forc\u00e9ment. J\u2019ai l\u2019impression qu\u2019il n\u2019y a pas de solutions: on va sur la Lune, on invente l\u2019intelligence artificielle, mais on n\u2019arrive pas \u00e0 trouver une solution pour prendre en charge les SDF. Alors on p\u00e9nalise les autres, en fermant des rues ou en retirant des bancs\u00a0\u00bb, tacle Isabelle, faisant allusion <a href=\"https:\/\/www.nicematin.com\/securite\/les-bancs-ont-de-nouveau-disparu-d-un-grand-boulevard-de-nice-on-vous-explique-pourquoi-994103\" rel=\"nofollow noopener\" target=\"_blank\">au retrait des bancs sur le boulevard Franck-Pilatte<\/a>. \u00ab\u00a0On a fait que d\u00e9placer le probl\u00e8me. Soit les nuisances se sont report\u00e9es ailleurs, soit elles vont revenir\u00a0\u00bb, glisse une autre commer\u00e7ante.<\/p>\n<p>De son c\u00f4t\u00e9, Christian Estrosi a affirm\u00e9 dans un communiqu\u00e9 mardi que son arr\u00eat\u00e9 a \u00ab\u00a0permis de restaurer le calme\u00a0\u00bb et appelle d\u00e9sormais l\u2019\u00c9tat \u00e0 poursuivre cet engagement pour \u00ab\u00a0le maintien de la tranquillit\u00e9 publique dans ce secteur\u00a0\u00bb.<\/p>\n","protected":false},"excerpt":{"rendered":"Ils sont partag\u00e9s entre la satisfaction d\u2019avoir eu une rue paisible et le constat d\u2019une solution pas viable&hellip;\n","protected":false},"author":2,"featured_media":269717,"comment_status":"","ping_status":"","sticky":false,"template":"","format":"standard","meta":{"footnotes":""},"categories":[2819],"tags":[1111,11,1777,674,1011,27,12,2401,882,25,3366],"class_list":{"0":"post-269716","1":"post","2":"type-post","3":"status-publish","4":"format-standard","5":"has-post-thumbnail","7":"category-nice","8":"tag-actu","9":"tag-actualites","10":"tag-eu","11":"tag-europe","12":"tag-fr","13":"tag-france","14":"tag-news","15":"tag-nice","16":"tag-provence-alpes-cote-dazur","17":"tag-republique-francaise","18":"tag-vie-locale"},"share_on_mastodon":{"url":"https:\/\/pubeurope.com\/@fr\/114906543107119639","error":""},"_links":{"self":[{"href":"https:\/\/www.europesays.com\/fr\/wp-json\/wp\/v2\/posts\/269716","targetHints":{"allow":["GET"]}}],"collection":[{"href":"https:\/\/www.europesays.com\/fr\/wp-json\/wp\/v2\/posts"}],"about":[{"href":"https:\/\/www.europesays.com\/fr\/wp-json\/wp\/v2\/types\/post"}],"author":[{"embeddable":true,"href":"https:\/\/www.europesays.com\/fr\/wp-json\/wp\/v2\/users\/2"}],"replies":[{"embeddable":true,"href":"https:\/\/www.europesays.com\/fr\/wp-json\/wp\/v2\/comments?post=269716"}],"version-history":[{"count":0,"href":"https:\/\/www.europesays.com\/fr\/wp-json\/wp\/v2\/posts\/269716\/revisions"}],"wp:featuredmedia":[{"embeddable":true,"href":"https:\/\/www.europesays.com\/fr\/wp-json\/wp\/v2\/media\/269717"}],"wp:attachment":[{"href":"https:\/\/www.europesays.com\/fr\/wp-json\/wp\/v2\/media?parent=269716"}],"wp:term":[{"taxonomy":"category","embeddable":true,"href":"https:\/\/www.europesays.com\/fr\/wp-json\/wp\/v2\/categories?post=269716"},{"taxonomy":"post_tag","embeddable":true,"href":"https:\/\/www.europesays.com\/fr\/wp-json\/wp\/v2\/tags?post=269716"}],"curies":[{"name":"wp","href":"https:\/\/api.w.org\/{rel}","templated":true}]}}