{"id":269718,"date":"2025-07-24T05:24:10","date_gmt":"2025-07-24T05:24:10","guid":{"rendered":"https:\/\/www.europesays.com\/fr\/269718\/"},"modified":"2025-07-24T05:24:10","modified_gmt":"2025-07-24T05:24:10","slug":"la-ville-de-nice-songe-a-faire-installer-des-boutons-dalerte-dans-les-grosses-coproprietes-qui-le-souhaiteraient","status":"publish","type":"post","link":"https:\/\/www.europesays.com\/fr\/269718\/","title":{"rendered":"La Ville de Nice songe \u00e0 faire installer des boutons d\u2019alerte dans les grosses copropri\u00e9t\u00e9s qui le souhaiteraient"},"content":{"rendered":"<p>\u00ab\u00a0Des boutons d\u2019alerte pourraient \u00eatre install\u00e9s dans les grosses copropri\u00e9t\u00e9s ni\u00e7oises\u00a0\u00bb, a annonc\u00e9 Anthony Borr\u00e9, premier adjoint au maire d\u00e9l\u00e9gu\u00e9 \u00e0 la S\u00e9curit\u00e9, lors d\u2019une r\u00e9union, mardi 22 juillet, avec les pr\u00e9sidents de conseils syndicaux ni\u00e7ois. \u00ab\u00a0La Ville en compte d\u00e9j\u00e0 2.000, install\u00e9s chez des commer\u00e7ants, dans des \u00e9coles, etc. Lorsqu\u2019ils sont actionn\u00e9s, cela permet d\u2019entrer en contact avec la police municipale qui peut entendre ce qu\u2019il se passe sur place et la cam\u00e9ra la plus proche est visionn\u00e9e en temps r\u00e9el. Nous avons d\u00e9cid\u00e9 de proposer de doter des copropri\u00e9t\u00e9s de ce dispositif, si elles le souhaitent et donc d\u2019abord passer des conventions avec elles.\u00a0\u00bb L\u2019\u00e9lu n\u2019a pas donn\u00e9 davantage de d\u00e9tails, le projet \u00e9tant encore en cours.<\/p>\n<p>Le but de ce rendez-vous \u2013 \u00ab\u00a0le premier mais il y en aura d\u2019autres\u00a0\u00bb, promet Anthony Borr\u00e9 \u2013 \u00e9tait de \u00ab\u00a0renforcer le dialogue\u00a0\u00bb. Car face aux Ni\u00e7ois repr\u00e9sentant leurs copropri\u00e9t\u00e9s, il y avait les \u00e9lus des territoires. Une heure trente de discussion \u00e9tait pr\u00e9vue, il y en a eu quasiment une de plus et \u00e7\u2019aurait pu durer encore, tant l\u2019assembl\u00e9e avait de choses \u00e0 dire. Beaucoup de r\u00e8gles et principes ont \u00e9t\u00e9 rappel\u00e9s.<\/p>\n<p>Beaucoup de probl\u00e8mes d\u2019incivilit\u00e9s<\/p>\n<p>              <img ci-src=\"https:\/\/www.nicematin.com\/securite\/protec\/DATA_ART_15955359-tJCG1TKr.jpg?vh=d3aeb9&amp;ci_seal=b6cb00c133\" alt=\"\"\/><br \/>\n         <strong>Les pr\u00e9sidents des conseils syndicaux de la Ville ont \u00e9t\u00e9 convi\u00e9s \u00e0 \u00e9changer avec les \u00e9lus. Photo Ax. T..<\/strong> <\/p>\n<p>Le sujet de la s\u00e9curit\u00e9 a donc \u00e9t\u00e9 largement \u00e9voqu\u00e9. L\u2019adjoint au maire a ainsi soulign\u00e9 que Nice s\u2019est dot\u00e9e de \u00ab\u00a05.000 cam\u00e9ras reli\u00e9es au centre de supervision urbain. Les images sont exploit\u00e9es sur demande du procureur &#8211; cela arrive pr\u00e8s de 2000 fois par an soit plusieurs fois par jour.\u00a0\u00bb<\/p>\n<p>Plusieurs personnes se sont \u00e9mues de \u00ab\u00a0la dangerosit\u00e9 des trottinettes \u00e9lectriques\u00a0\u00bb. Une habitante de l\u2019avenue de la R\u00e9publique a ainsi confi\u00e9 que \u00ab\u00a0ses enfants avaient \u00e9t\u00e9 percut\u00e9s par des individus qui ont ensuite pris la fuite, et ce, plusieurs fois\u00a0\u00bb. Anthony Borr\u00e9 a assur\u00e9 que \u00ab\u00a0deux op\u00e9rations de contr\u00f4les sont r\u00e9alis\u00e9es par semaine avec saisie des engins car la plupart du temps, ils ne sont pas assur\u00e9s. Les trottinettes, c\u2019est un fl\u00e9au. C\u2019est la raison pour laquelle la Ville a toujours refus\u00e9 \u00e0 des op\u00e9rateurs d\u2019en proposer en libre-service et que nous militons pour l\u2019obligation d\u2019immatriculation.\u00a0\u00bb<\/p>\n<p>Les \u00e9changes ont aussi beaucoup tourn\u00e9 autour de la probl\u00e9matique de la propret\u00e9. Les situations sur le boulevard Franck-Pilatte, les places Garibaldi, Mass\u00e9na mais aussi les escaliers pr\u00e8s de l\u2019avenue du Petit-Fabron ont \u00e9t\u00e9 \u00e9voqu\u00e9es. L\u2019adjoint en charge de la question, Pierre-Paul L\u00e9onelli, a martel\u00e9 son message: \u00ab\u00a0Lorsque vous constatez des d\u00e9p\u00f4ts sauvages d\u2019ordures, des d\u00e9tritus \u00e9parpill\u00e9s, des endroits souill\u00e9s, des d\u00e9gradations, n\u2019h\u00e9sitez pas \u00e0 contacter la Frap (Force rapide d\u2019action propret\u00e9) au 0800.06.06.40. Elle intervient gratuitement dans les deux heures.\u00a0\u00bb<\/p>\n<p>La grande majorit\u00e9 des plaintes des pr\u00e9sidents des conseils syndicaux sont li\u00e9es aux incivilit\u00e9s. Mais il a aussi \u00e9t\u00e9 question de salubrit\u00e9 avec la prolif\u00e9ration de rats, en particulier dans le quartier Vauban Saint-Roch.<\/p>\n","protected":false},"excerpt":{"rendered":"\u00ab\u00a0Des boutons d\u2019alerte pourraient \u00eatre install\u00e9s dans les grosses copropri\u00e9t\u00e9s ni\u00e7oises\u00a0\u00bb, a annonc\u00e9 Anthony Borr\u00e9, premier adjoint au&hellip;\n","protected":false},"author":2,"featured_media":269719,"comment_status":"","ping_status":"","sticky":false,"template":"","format":"standard","meta":{"footnotes":""},"categories":[2819],"tags":[1111,11,1777,674,1011,27,12,2401,882,25,656,3366],"class_list":{"0":"post-269718","1":"post","2":"type-post","3":"status-publish","4":"format-standard","5":"has-post-thumbnail","7":"category-nice","8":"tag-actu","9":"tag-actualites","10":"tag-eu","11":"tag-europe","12":"tag-fr","13":"tag-france","14":"tag-news","15":"tag-nice","16":"tag-provence-alpes-cote-dazur","17":"tag-republique-francaise","18":"tag-securite","19":"tag-vie-locale"},"share_on_mastodon":{"url":"https:\/\/pubeurope.com\/@fr\/114906547058181951","error":""},"_links":{"self":[{"href":"https:\/\/www.europesays.com\/fr\/wp-json\/wp\/v2\/posts\/269718","targetHints":{"allow":["GET"]}}],"collection":[{"href":"https:\/\/www.europesays.com\/fr\/wp-json\/wp\/v2\/posts"}],"about":[{"href":"https:\/\/www.europesays.com\/fr\/wp-json\/wp\/v2\/types\/post"}],"author":[{"embeddable":true,"href":"https:\/\/www.europesays.com\/fr\/wp-json\/wp\/v2\/users\/2"}],"replies":[{"embeddable":true,"href":"https:\/\/www.europesays.com\/fr\/wp-json\/wp\/v2\/comments?post=269718"}],"version-history":[{"count":0,"href":"https:\/\/www.europesays.com\/fr\/wp-json\/wp\/v2\/posts\/269718\/revisions"}],"wp:featuredmedia":[{"embeddable":true,"href":"https:\/\/www.europesays.com\/fr\/wp-json\/wp\/v2\/media\/269719"}],"wp:attachment":[{"href":"https:\/\/www.europesays.com\/fr\/wp-json\/wp\/v2\/media?parent=269718"}],"wp:term":[{"taxonomy":"category","embeddable":true,"href":"https:\/\/www.europesays.com\/fr\/wp-json\/wp\/v2\/categories?post=269718"},{"taxonomy":"post_tag","embeddable":true,"href":"https:\/\/www.europesays.com\/fr\/wp-json\/wp\/v2\/tags?post=269718"}],"curies":[{"name":"wp","href":"https:\/\/api.w.org\/{rel}","templated":true}]}}