{"id":269722,"date":"2025-07-24T05:26:21","date_gmt":"2025-07-24T05:26:21","guid":{"rendered":"https:\/\/www.europesays.com\/fr\/269722\/"},"modified":"2025-07-24T05:26:21","modified_gmt":"2025-07-24T05:26:21","slug":"un-cadre-du-fc-nantes-file-au-qatar-qatar-al-duhail","status":"publish","type":"post","link":"https:\/\/www.europesays.com\/fr\/269722\/","title":{"rendered":"Un cadre du FC Nantes file au Qatar &#8211; Qatar &#8211; Al-Duhail"},"content":{"rendered":"<p>Y a-t-il encore un pilote au FC Nantes ?<\/p>\n<p>Le <a target=\"_blank\" href=\"https:\/\/www.sofoot.com\/breves\/mercato-le-fc-nantes-dit-au-revoir-au-french-paul-scholes-aka-florent-mollet\" rel=\"nofollow noopener\">\u00ab\u202fFrench Paul Scholes\u202f\u00bb<\/a>, <a target=\"_blank\" href=\"https:\/\/www.sofoot.com\/breves\/nicolas-pallois-et-marcus-coco-non-prolonge-par-le-fc-nantes\" rel=\"nofollow noopener\">le divin chauve<\/a>\u2026 <strong>tant de cadres nantais quittent les Canaris<\/strong>. Un bon gros m\u00e9nage d\u2019\u00e9t\u00e9 et non de printemps pour des Nantais cherchant \u00e0 d\u00e9graisser \u00e0 tour prix. Cette fois, c\u2019est au tour de Jean-Charles Castelletto de quitter le vainqueur de la Coupe de France 2022, pour filer tout droit au Qatar, \u00e0 Al-Duhail.<\/p>\n<p>Castro va devoir tout reconstruire de A \u00e0 Z<\/p>\n<p>Cinq saisons et 163 rencontres plus tard, <strong>JC va partir prendre un joli p\u2019tit ch\u00e8que chez les Qataris<\/strong>. Les Nantais ont d\u2019ores et d\u00e9j\u00e0 trouv\u00e9 son rempla\u00e7ant en se tournant <a target=\"_blank\" href=\"https:\/\/www.sofoot.com\/breves\/mercato-chidozie-awaziem-signe-son-retour-a-nantes\" rel=\"nofollow noopener\">vers un ex, Chidozie Awaziem<\/a>. Avec Uros Radakovic, ils auront la lourde t\u00e2che de prot\u00e9ger Anthony Lopes. Enfin bref, un joli boxon pour Castro qui va devoir \u00eatre brave et rester fid\u00e8le pour ne pas craquer mentalement dans un effectif pour l\u2019instant affaibli.<\/p>\n<p>Courage.<\/p>\n<p>\t\t\t\t\t\t\t\t\t\t<a class=\"lien-connexe\" href=\"https:\/\/www.sofoot.com\/breves\/mercato-chidozie-awaziem-signe-son-retour-a-nantes\" rel=\"nofollow noopener\" target=\"_blank\">Un ancien Nantais fait son retour chez les Canaris<\/a>\t\t\t\t\t<\/p>\n","protected":false},"excerpt":{"rendered":"Y a-t-il encore un pilote au FC Nantes ? Le \u00ab\u202fFrench Paul Scholes\u202f\u00bb, le divin chauve\u2026 tant de&hellip;\n","protected":false},"author":2,"featured_media":269723,"comment_status":"","ping_status":"","sticky":false,"template":"","format":"standard","meta":{"footnotes":""},"categories":[2818],"tags":[1111,47,11,61,69,65,64,1777,674,63,1011,27,68,66,766,12,62,2636,70,25,67],"class_list":{"0":"post-269722","1":"post","2":"type-post","3":"status-publish","4":"format-standard","5":"has-post-thumbnail","7":"category-nantes","8":"tag-actu","9":"tag-actualite","10":"tag-actualites","11":"tag-actus-football","12":"tag-bundesliga","13":"tag-championnats-europeens","14":"tag-equipe-de-france","15":"tag-eu","16":"tag-europe","17":"tag-football","18":"tag-fr","19":"tag-france","20":"tag-ligua","21":"tag-ligue-1","22":"tag-nantes","23":"tag-news","24":"tag-news-foot","25":"tag-pays-de-la-loire","26":"tag-premier-league","27":"tag-republique-francaise","28":"tag-serie-a"},"share_on_mastodon":{"url":"https:\/\/pubeurope.com\/@fr\/114906554908132217","error":""},"_links":{"self":[{"href":"https:\/\/www.europesays.com\/fr\/wp-json\/wp\/v2\/posts\/269722","targetHints":{"allow":["GET"]}}],"collection":[{"href":"https:\/\/www.europesays.com\/fr\/wp-json\/wp\/v2\/posts"}],"about":[{"href":"https:\/\/www.europesays.com\/fr\/wp-json\/wp\/v2\/types\/post"}],"author":[{"embeddable":true,"href":"https:\/\/www.europesays.com\/fr\/wp-json\/wp\/v2\/users\/2"}],"replies":[{"embeddable":true,"href":"https:\/\/www.europesays.com\/fr\/wp-json\/wp\/v2\/comments?post=269722"}],"version-history":[{"count":0,"href":"https:\/\/www.europesays.com\/fr\/wp-json\/wp\/v2\/posts\/269722\/revisions"}],"wp:featuredmedia":[{"embeddable":true,"href":"https:\/\/www.europesays.com\/fr\/wp-json\/wp\/v2\/media\/269723"}],"wp:attachment":[{"href":"https:\/\/www.europesays.com\/fr\/wp-json\/wp\/v2\/media?parent=269722"}],"wp:term":[{"taxonomy":"category","embeddable":true,"href":"https:\/\/www.europesays.com\/fr\/wp-json\/wp\/v2\/categories?post=269722"},{"taxonomy":"post_tag","embeddable":true,"href":"https:\/\/www.europesays.com\/fr\/wp-json\/wp\/v2\/tags?post=269722"}],"curies":[{"name":"wp","href":"https:\/\/api.w.org\/{rel}","templated":true}]}}