{"id":269729,"date":"2025-07-24T05:30:18","date_gmt":"2025-07-24T05:30:18","guid":{"rendered":"https:\/\/www.europesays.com\/fr\/269729\/"},"modified":"2025-07-24T05:30:18","modified_gmt":"2025-07-24T05:30:18","slug":"au-nord-de-toulouse-les-travaux-dune-zone-dactivite-debutent-des-centaines-demplois-y-sont-attendus","status":"publish","type":"post","link":"https:\/\/www.europesays.com\/fr\/269729\/","title":{"rendered":"Au nord de Toulouse, les travaux d&rsquo;une zone d&rsquo;activit\u00e9 d\u00e9butent, des centaines d&#8217;emplois y sont attendus"},"content":{"rendered":"<p>            Par<br \/>\n        <strong><br \/>\n            <a href=\"https:\/\/actu.fr\/auteur\/lucie-2\" title=\"Consulter tous les articles de Lucie Fraisse\" rel=\"nofollow noopener\" target=\"_blank\">Lucie Fraisse<\/a><br \/>\n        <\/strong><\/p>\n<p>        Publi\u00e9 le<\/p>\n<p>            24 juil. 2025 \u00e0 6h42        <\/p>\n<p>Les travaux du <a href=\"https:\/\/actu.fr\/occitanie\/merville_31341\/au-nord-de-toulouse-une-immense-zone-d-activite-sort-de-terre-des-centaines-d-emplois-doivent-y-etre-crees_62385367.html\" rel=\"nofollow noopener\" target=\"_blank\">mail Tolosan, un immense parc d\u2019activit\u00e9s<\/a> qui doit voir le jour \u00e0 <strong>Merville<\/strong> (Haute-Garonne), au nord-ouest de <strong>Toulouse<\/strong> viennent d\u2019\u00eatre officiellement lanc\u00e9s. Sous l\u2019\u00e9gide de la communaut\u00e9 de communes des Hauts Tolosans, ma\u00eetre d\u2019ouvrage de l\u2019op\u00e9ration et avec le soutien d\u2019Oppidea, l\u2019am\u00e9nageur public de Toulouse m\u00e9tropole, c\u2019est une zone d\u2019activit\u00e9 de 26 hectares qui doit voir le jour. Les d\u00e9tails.<\/p>\n<p>Cinq entreprises d\u00e9j\u00e0 int\u00e9ress\u00e9es<\/p>\n<p class=\" wall-content\">Sur les 26 hectares du projet, 20 seront d\u00e9di\u00e9s \u00e0 l\u2019accueil d\u2019activit\u00e9s \u00e9conomiques.<\/p>\n<p class=\" wall-content\">Un d\u00e9veloppement en bonne voie\u2009: cinq entreprises ont d\u2019ores et d\u00e9j\u00e0 r\u00e9serv\u00e9 leur foncier sur le futur Mail Tolosan.<\/p>\n<p>D\u00e9j\u00e0 cinq terrains r\u00e9serv\u00e9s<\/p>\n<p class=\" wall-content\">La livraison des premiers terrains doit intervenir en 2026, les constructions de b\u00e2timents d\u00e9buteront en suivant. Plusieurs fonciers sont toujours disponibles\u2009: le futur mail Tolosan peut accueillir des activit\u00e9s vari\u00e9es\u2009: <strong>artisanat, industrie, innovation<\/strong>\u2026<\/p>\n<p class=\" wall-content\">Interrog\u00e9 par Actu Toulouse en mars dernier, Yoann Peres, \u00e9lu \u00e0 Saint-Paul-sur-Save et vice-pr\u00e9sident de la communaut\u00e9 de communes des Hauts-Tolosans en charge du d\u00e9veloppement \u00e9conomique <a href=\"https:\/\/actu.fr\/occitanie\/merville_31341\/au-nord-de-toulouse-une-immense-zone-d-activite-sort-de-terre-des-centaines-d-emplois-doivent-y-etre-crees_62385367.html\" rel=\"nofollow noopener\" target=\"_blank\">expliquait alors<\/a>\u2009:<\/p>\n<blockquote class=\"ac-article-quote wall-content\">\n<p>Les terrains s&rsquo;adressent \u00e0 des petites et moyennes industries, notamment des sous-traitants a\u00e9ronautiques, le secteur \u00e9tant situ\u00e9 \u00e0 quinze minutes de la zone a\u00e9roportuaire. Ce sera en tout cas des activit\u00e9s pourvoyeuses d&#8217;emplois.<\/p>\n<p>    <strong>Yoann Peres<\/strong>\n            <\/p><\/blockquote>\n<p>800 emplois attendus \u00e0 terme<\/p>\n<p class=\" wall-content\">C\u2019est en effet l\u2019un des enjeux important de ce futur mail Tolosan\u2009: apporter de l\u2019emploi dans un secteur de l\u2019agglom\u00e9ration toulousaine qui est plut\u00f4t en d\u00e9ficit sur ce sujet. Dans les Hauts-Tolosan, l\u2019indice de concentration de l\u2019emploi est consid\u00e9r\u00e9 comme le plus faible du d\u00e9partement, avec un taux de 38 emplois pour 100 actifs, quand celui de la Haute-Garonne est de 105 emplois pour 100 actifs.<\/p>\n<p class=\" wall-content\">Selon les projections, <strong>800 emplois doivent \u00eatre cr\u00e9\u00e9s<\/strong> sur les 50 terrains d\u00e9di\u00e9s aux entreprises.<\/p>\n<p>20\u00a0millions d\u2019euros d\u2019investissement<\/p>\n<p class=\" wall-content\">Oppidea est en charge des travaux et de la commercialisation des lots de ce projet qui n\u00e9cessite 20\u00a0millions d\u2019euros d\u2019investissement (dont quatre apport\u00e9s par la communaut\u00e9 de communes des Hauts-Tolosans). En plus des entreprises, <strong>un tiers lieu et 25\u2009000 m\u00b2 de parcs<\/strong>, cheminements pi\u00e9tons et espaces verts sont pr\u00e9vus.<\/p>\n<p class=\" wall-content\">Cette zone d\u2019activit\u00e9 s\u2019inscrit dans un projet \u00e9conomique plus vaste, qui s\u2019\u00e9talera \u00e0 terme sur\u00a0120 hectares.<\/p>\n<p class=\" wall-content\">Suivez toute l\u2019actualit\u00e9 de vos villes et m\u00e9dias favoris en vous inscrivant \u00e0 <a href=\"https:\/\/moncompte.actu.fr\" title=\"D\u00e9couvez Mon Actu\" rel=\"nofollow noopener\" data-trk=\"{&quot;cta&quot;:{&quot;action&quot;:&quot;https:\\\/\\\/moncompte.actu.fr&quot;,&quot;category&quot;:&quot;mon compte&quot;,&quot;from&quot;:&quot;article footer&quot;,&quot;name&quot;:&quot;Mon actu&quot;,&quot;type&quot;:&quot;cta&quot;}}\" target=\"_blank\">Mon Actu<\/a>.<\/p>\n","protected":false},"excerpt":{"rendered":"Par Lucie Fraisse Publi\u00e9 le 24 juil. 2025 \u00e0 6h42 Les travaux du mail Tolosan, un immense parc&hellip;\n","protected":false},"author":2,"featured_media":269730,"comment_status":"","ping_status":"","sticky":false,"template":"","format":"standard","meta":{"footnotes":""},"categories":[2816],"tags":[1111,11,1777,674,1011,27,12,2680,25,104,2312,2086],"class_list":{"0":"post-269729","1":"post","2":"type-post","3":"status-publish","4":"format-standard","5":"has-post-thumbnail","7":"category-toulouse","8":"tag-actu","9":"tag-actualites","10":"tag-eu","11":"tag-europe","12":"tag-fr","13":"tag-france","14":"tag-news","15":"tag-occitanie","16":"tag-republique-francaise","17":"tag-societe","18":"tag-toulouse","19":"tag-travaux"},"share_on_mastodon":{"url":"https:\/\/pubeurope.com\/@fr\/114906570622417637","error":""},"_links":{"self":[{"href":"https:\/\/www.europesays.com\/fr\/wp-json\/wp\/v2\/posts\/269729","targetHints":{"allow":["GET"]}}],"collection":[{"href":"https:\/\/www.europesays.com\/fr\/wp-json\/wp\/v2\/posts"}],"about":[{"href":"https:\/\/www.europesays.com\/fr\/wp-json\/wp\/v2\/types\/post"}],"author":[{"embeddable":true,"href":"https:\/\/www.europesays.com\/fr\/wp-json\/wp\/v2\/users\/2"}],"replies":[{"embeddable":true,"href":"https:\/\/www.europesays.com\/fr\/wp-json\/wp\/v2\/comments?post=269729"}],"version-history":[{"count":0,"href":"https:\/\/www.europesays.com\/fr\/wp-json\/wp\/v2\/posts\/269729\/revisions"}],"wp:featuredmedia":[{"embeddable":true,"href":"https:\/\/www.europesays.com\/fr\/wp-json\/wp\/v2\/media\/269730"}],"wp:attachment":[{"href":"https:\/\/www.europesays.com\/fr\/wp-json\/wp\/v2\/media?parent=269729"}],"wp:term":[{"taxonomy":"category","embeddable":true,"href":"https:\/\/www.europesays.com\/fr\/wp-json\/wp\/v2\/categories?post=269729"},{"taxonomy":"post_tag","embeddable":true,"href":"https:\/\/www.europesays.com\/fr\/wp-json\/wp\/v2\/tags?post=269729"}],"curies":[{"name":"wp","href":"https:\/\/api.w.org\/{rel}","templated":true}]}}