{"id":269731,"date":"2025-07-24T05:32:13","date_gmt":"2025-07-24T05:32:13","guid":{"rendered":"https:\/\/www.europesays.com\/fr\/269731\/"},"modified":"2025-07-24T05:32:13","modified_gmt":"2025-07-24T05:32:13","slug":"jam-session-evenements-ville-de-lille-adresses-horaires-calendriers-et-histoire","status":"publish","type":"post","link":"https:\/\/www.europesays.com\/fr\/269731\/","title":{"rendered":"Jam Session \/ \u00c9v\u00e9nements &#8211; Ville de Lille : adresses, horaires, calendriers et histoire"},"content":{"rendered":"<p>\n                                                                        Le 4 mars 2026<br \/>\n\t\t\t\t\t\t\t\t\t\t\tde 20h30 \u00e0 23h00\n\t\t\t\t\t                                        <\/p>\n<p class=\"subtitle\">\u00e0 <strong><br \/>\nLa malterie<\/strong><\/p>\n<p>Les jam sessions du Conservatoire sont de retour \u00e0 la Malterie !<\/p>\n<p>            <img loading=\"lazy\" decoding=\"async\" src=\"\/var\/www\/storage\/images\/mediatheque\/mairie-de-lille\/images-openagenda\/jam-session19\/3824638-1-fre-FR\/Jam-Session_news_image_top.jpg\" width=\"779\" height=\"519\" alt=\"Jam Session\"\/><\/p>\n<p>Ambiance \u00e9lectrique, improvisations enflamm\u00e9es et rencontres musicales : la sc\u00e8ne jazz lilloise s&rsquo;anime un mercredi par mois, de novembre 2025 \u00e0 mai 2026.<\/p>\n<p>En partenariat avec l\u2019association et le collectif lillois Muzzix, ces soir\u00e9es s\u2019ouvrent avec un concert des \u00e9l\u00e8ves du D\u00e9partement Jazz, avant de laisser place \u00e0 une jam session ouverte \u00e0 tous les musiciens, d\u00e9butants, confirm\u00e9s ou curieux bienvenus !<\/p>\n<p>Une super occasion de d\u00e9couvrir des musiciens talentueux, profiter d\u2019un bon moment autour du jazz et passer une soir\u00e9e conviviale et festive !<\/p>\n<p>\n<strong>INFOS :<\/strong><br \/>Mercredi 4 mars 2026 \u2013 20h30<br \/>La Malterie<\/p>\n<p>\n\ufe0f Acc\u00e8s libre, sans r\u00e9servation, avec une adh\u00e9sion de 1 \u20ac \u00e0 la Malterie (valable pour toute la saison 2025-2026).<br \/>Merci de penser \u00e0 apporter de la monnaie !<\/p>\n<p>        \t\t                                                    Infos pratiques<\/p>\n<p>                    Adresse<\/p>\n<p>\n42 rue kuhlmann <br \/>59000 Lille <\/p>\n<p>                                                            Voir le plan<\/p>\n<p>                        Contact<\/p>\n<p>03 20 15 13 21<\/p>\n<p>            Acc\u00e8s<\/p>\n<p>M\u00e9tro Porte des postes (lignes 1 et 2) ou Wazemmes (ligne 1)<\/p>\n<p>\n                    PublicsDe  \u00e0  ans<\/p>\n","protected":false},"excerpt":{"rendered":"Le 4 mars 2026 de 20h30 \u00e0 23h00 \u00e0 La malterie Les jam sessions du Conservatoire sont de&hellip;\n","protected":false},"author":2,"featured_media":269732,"comment_status":"","ping_status":"","sticky":false,"template":"","format":"standard","meta":{"footnotes":""},"categories":[2815],"tags":[1111,11,4763,1777,674,1011,27,811,1307,5415,12,25],"class_list":{"0":"post-269731","1":"post","2":"type-post","3":"status-publish","4":"format-standard","5":"has-post-thumbnail","7":"category-lille","8":"tag-actu","9":"tag-actualites","10":"tag-agenda","11":"tag-eu","12":"tag-europe","13":"tag-fr","14":"tag-france","15":"tag-hauts-de-france","16":"tag-lille","17":"tag-mairie","18":"tag-news","19":"tag-republique-francaise"},"share_on_mastodon":{"url":"https:\/\/pubeurope.com\/@fr\/114906578607923239","error":""},"_links":{"self":[{"href":"https:\/\/www.europesays.com\/fr\/wp-json\/wp\/v2\/posts\/269731","targetHints":{"allow":["GET"]}}],"collection":[{"href":"https:\/\/www.europesays.com\/fr\/wp-json\/wp\/v2\/posts"}],"about":[{"href":"https:\/\/www.europesays.com\/fr\/wp-json\/wp\/v2\/types\/post"}],"author":[{"embeddable":true,"href":"https:\/\/www.europesays.com\/fr\/wp-json\/wp\/v2\/users\/2"}],"replies":[{"embeddable":true,"href":"https:\/\/www.europesays.com\/fr\/wp-json\/wp\/v2\/comments?post=269731"}],"version-history":[{"count":0,"href":"https:\/\/www.europesays.com\/fr\/wp-json\/wp\/v2\/posts\/269731\/revisions"}],"wp:featuredmedia":[{"embeddable":true,"href":"https:\/\/www.europesays.com\/fr\/wp-json\/wp\/v2\/media\/269732"}],"wp:attachment":[{"href":"https:\/\/www.europesays.com\/fr\/wp-json\/wp\/v2\/media?parent=269731"}],"wp:term":[{"taxonomy":"category","embeddable":true,"href":"https:\/\/www.europesays.com\/fr\/wp-json\/wp\/v2\/categories?post=269731"},{"taxonomy":"post_tag","embeddable":true,"href":"https:\/\/www.europesays.com\/fr\/wp-json\/wp\/v2\/tags?post=269731"}],"curies":[{"name":"wp","href":"https:\/\/api.w.org\/{rel}","templated":true}]}}