{"id":269733,"date":"2025-07-24T05:33:09","date_gmt":"2025-07-24T05:33:09","guid":{"rendered":"https:\/\/www.europesays.com\/fr\/269733\/"},"modified":"2025-07-24T05:33:09","modified_gmt":"2025-07-24T05:33:09","slug":"denormes-bouchons-attendus-a-marseille-et-dans-les-bouches-du-rhone-ce-week-end-les-routes-a-eviter","status":"publish","type":"post","link":"https:\/\/www.europesays.com\/fr\/269733\/","title":{"rendered":"D&rsquo;\u00e9normes bouchons attendus \u00e0 Marseille et dans les Bouches-du-Rh\u00f4ne ce week-end : les routes \u00e0 \u00e9viter"},"content":{"rendered":"<p>            Par<br \/>\n        <strong><br \/>\n            <a href=\"https:\/\/actu.fr\/auteur\/thibault-nadal-actu-fr\" title=\"Consulter tous les articles de Thibault Nadal\" target=\"_blank\" rel=\"noopener\">Thibault Nadal<\/a><br \/>\n        <\/strong><\/p>\n<p>        Publi\u00e9 le<\/p>\n<p>            24 juil. 2025 \u00e0 7h14        <\/p>\n<p>Il va falloir s\u2019armer de patience. Lors de la p\u00e9riode estivale, les week-ends sont souvent synonymes de <strong>chass\u00e9s-crois\u00e9s<\/strong> entre ceux qui quittent leurs lieux de vacances et ceux qui s\u2019y installent.<\/p>\n<p class=\" wall-content\">Ce dernier week-end de juillet ne va pas \u00e9chapper \u00e0 la r\u00e8gle puisque d\u2019importants bouchons sont \u00e0 pr\u00e9voir \u00e0 <a href=\"https:\/\/actu.fr\/marseille\/\" target=\"_blank\" rel=\"noopener\">Marseille<\/a> et dans les <a href=\"https:\/\/actu.fr\/provence-alpes-cote-d-azur\/bouches-du-rhone_13\" target=\"_blank\" rel=\"noopener\">Bouches-du-Rh\u00f4ne<\/a>. \u00ab\u2009La circulation (sera) tr\u00e8s difficile pour les journ\u00e9es de vendredi et samedi\u2009\u00bb, pr\u00e9voit Bison Fut\u00e9 qui \u00ab\u2009recommande vivement aux usagers et aux particuliers de <strong>circuler le dimanche<\/strong>\u2009\u00bb.<\/p>\n<p class=\" wall-content\">On fait le point sur les routes \u00e0 \u00e9viter \u00e0 tout prix.<\/p>\n<p>\u00ab\u2009Une tr\u00e8s forte fr\u00e9quentation dans le quart sud-est\u2009\u00bb<\/p>\n<p class=\" wall-content\">Les embouteillages commenceront d\u00e8s ce vendredi 25\u00a0juillet 2025 puisque la journ\u00e9e a \u00e9t\u00e9 class\u00e9e rouge dans le sens des d\u00e9parts. \u00ab\u2009Le quart Sud-Est (A7, A8, <a href=\"https:\/\/actu.fr\/tag\/autoroute-50-a50\" target=\"_blank\" rel=\"noopener\">A50<\/a>, A9) devrait conna\u00eetre une tr\u00e8s forte fr\u00e9quentation\u2009\u00bb, pr\u00e9voit Bison Fut\u00e9 dans son bulletin.<\/p>\n<p class=\" wall-content\">\u00ab\u2009Les difficult\u00e9s de circulation devraient <strong>appara\u00eetre d\u00e8s la fin de la matin\u00e9e et se poursuivre jusqu\u2019en soir\u00e9e<\/strong>\u2009\u00bb, fait-il savoir.<\/p>\n<p class=\" wall-content\">Dans le sens des retours, la journ\u00e9e va \u00eatre \u00e9galement difficile. \u00ab\u2009La circulation devrait \u00eatre dense sur l\u2019ensemble de l\u2019hexagone et tout particuli\u00e8rement <strong>au d\u00e9part de l\u2019Arc m\u00e9diterran\u00e9en<\/strong>\u2009\u00bb, explique Bison Fut\u00e9 qui cible notamment <a href=\"https:\/\/actu.fr\/tag\/autoroute-a9\" target=\"_blank\" rel=\"noopener\">l\u2019A9<\/a> et l\u2019A54.<\/p>\n<p>Jusqu\u2019\u00e0 dimanche<\/p>\n<p class=\" wall-content\">Comme vendredi, la journ\u00e9e du samedi 26\u00a0juillet est <strong>class\u00e9e<\/strong> <strong>rouge<\/strong> avec des difficult\u00e9s de circulation du matin au soir. \u00ab\u2009Les encombrements les plus importants devraient \u00eatre observ\u00e9s sur les routes <strong>en direction de la c\u00f4te m\u00e9diterran\u00e9enne<\/strong> (<a href=\"https:\/\/actu.fr\/tag\/autoroute-8-a8\" target=\"_blank\" rel=\"noopener\">A8<\/a>, A9, A75, A61)\u2009\u00bb, explique Bison Fut\u00e9.<\/p>\n<p class=\" wall-content\">\u00ab\u2009Dans le sens des retours, les encombrements les plus importants concerneront <strong>la fa\u00e7ade m\u00e9diterran\u00e9enne<\/strong> (<a href=\"https:\/\/actu.fr\/tag\/autoroute-7-a7\" target=\"_blank\" rel=\"noopener\">A7<\/a>, A8, A9, A61)\u2009\u00bb, poursuit Bison Fut\u00e9.<\/p>\n<p class=\" wall-content\">Enfin, pour la journ\u00e9e du dimanche 26\u00a0juillet, <strong>seuls les retours seront difficiles<\/strong> avec des \u00ab\u2009congestions (qui) se porteront sur l\u2019Arc m\u00e9diterran\u00e9en (A50, A9, A54)\u2009\u00bb.<\/p>\n<p class=\" wall-content\">Suivez toute l\u2019actualit\u00e9 de vos villes et m\u00e9dias favoris en vous inscrivant \u00e0 <a href=\"https:\/\/moncompte.actu.fr\" title=\"D\u00e9couvez Mon Actu\" rel=\"nofollow noopener\" data-trk=\"{&quot;cta&quot;:{&quot;action&quot;:&quot;https:\\\/\\\/moncompte.actu.fr&quot;,&quot;category&quot;:&quot;mon compte&quot;,&quot;from&quot;:&quot;article footer&quot;,&quot;name&quot;:&quot;Mon actu&quot;,&quot;type&quot;:&quot;cta&quot;}}\" target=\"_blank\">Mon Actu<\/a>.<\/p>\n","protected":false},"excerpt":{"rendered":"Par Thibault Nadal Publi\u00e9 le 24 juil. 2025 \u00e0 7h14 Il va falloir s\u2019armer de patience. Lors de&hellip;\n","protected":false},"author":2,"featured_media":269734,"comment_status":"","ping_status":"","sticky":false,"template":"","format":"standard","meta":{"footnotes":""},"categories":[2814],"tags":[1111,11,6423,5397,33978,1777,674,1011,27,884,12,882,25,104],"class_list":{"0":"post-269733","1":"post","2":"type-post","3":"status-publish","4":"format-standard","5":"has-post-thumbnail","7":"category-marseille","8":"tag-actu","9":"tag-actualites","10":"tag-autoroute-7-a7","11":"tag-autoroute-8-a8","12":"tag-autoroute-a9","13":"tag-eu","14":"tag-europe","15":"tag-fr","16":"tag-france","17":"tag-marseille","18":"tag-news","19":"tag-provence-alpes-cote-dazur","20":"tag-republique-francaise","21":"tag-societe"},"share_on_mastodon":{"url":"https:\/\/pubeurope.com\/@fr\/114906582495587980","error":""},"_links":{"self":[{"href":"https:\/\/www.europesays.com\/fr\/wp-json\/wp\/v2\/posts\/269733","targetHints":{"allow":["GET"]}}],"collection":[{"href":"https:\/\/www.europesays.com\/fr\/wp-json\/wp\/v2\/posts"}],"about":[{"href":"https:\/\/www.europesays.com\/fr\/wp-json\/wp\/v2\/types\/post"}],"author":[{"embeddable":true,"href":"https:\/\/www.europesays.com\/fr\/wp-json\/wp\/v2\/users\/2"}],"replies":[{"embeddable":true,"href":"https:\/\/www.europesays.com\/fr\/wp-json\/wp\/v2\/comments?post=269733"}],"version-history":[{"count":0,"href":"https:\/\/www.europesays.com\/fr\/wp-json\/wp\/v2\/posts\/269733\/revisions"}],"wp:featuredmedia":[{"embeddable":true,"href":"https:\/\/www.europesays.com\/fr\/wp-json\/wp\/v2\/media\/269734"}],"wp:attachment":[{"href":"https:\/\/www.europesays.com\/fr\/wp-json\/wp\/v2\/media?parent=269733"}],"wp:term":[{"taxonomy":"category","embeddable":true,"href":"https:\/\/www.europesays.com\/fr\/wp-json\/wp\/v2\/categories?post=269733"},{"taxonomy":"post_tag","embeddable":true,"href":"https:\/\/www.europesays.com\/fr\/wp-json\/wp\/v2\/tags?post=269733"}],"curies":[{"name":"wp","href":"https:\/\/api.w.org\/{rel}","templated":true}]}}