{"id":269744,"date":"2025-07-24T05:39:17","date_gmt":"2025-07-24T05:39:17","guid":{"rendered":"https:\/\/www.europesays.com\/fr\/269744\/"},"modified":"2025-07-24T05:39:17","modified_gmt":"2025-07-24T05:39:17","slug":"heure-darrivee-des-coureurs-rues-fermees-tout-savoir-sur-le-passage-du-tour-de-france-a-montmartre","status":"publish","type":"post","link":"https:\/\/www.europesays.com\/fr\/269744\/","title":{"rendered":"heure d&rsquo;arriv\u00e9e des coureurs, rues ferm\u00e9es\u2026 Tout savoir sur le passage du Tour de France \u00e0 Montmartre"},"content":{"rendered":"<p>            Par<br \/>\n        <strong><br \/>\n            <a href=\"https:\/\/actu.fr\/auteur\/redaction-paris\" title=\"Consulter tous les articles de R\u00e9daction Paris\" rel=\"nofollow noopener\" target=\"_blank\">R\u00e9daction Paris<\/a><br \/>\n        <\/strong><\/p>\n<p>        Publi\u00e9 le<\/p>\n<p>            24 juil. 2025 \u00e0 6h16        <\/p>\n<p>\u00c7a a \u00e9t\u00e9 l\u2019une des images marquantes des <a href=\"https:\/\/actu.fr\/tag\/jo-paris-2024\" rel=\"nofollow noopener\" target=\"_blank\">Jeux olympiques de Paris 2024<\/a>. Le 3 ao\u00fbt dernier, la rue Lepic \u00e0 Paris (18e) a rugi trois fois avec le passage des meilleurs cyclistes mondiaux sous ses fen\u00eatres. Une liesse m\u00e9morable pour ceux qui l\u2019ont v\u00e9cue, rappelant \u00e0 certains une c\u00e9l\u00e8bre toile de Claude Monet, expos\u00e9e au <a href=\"https:\/\/actu.fr\/tag\/musee-d-orsay\" rel=\"nofollow noopener\" target=\"_blank\">Mus\u00e9e d\u2019Orsay<\/a>. Une r\u00e9ussite totale sur laquelle le <a href=\"https:\/\/actu.fr\/tag\/tour-de-france\" rel=\"nofollow noopener\" target=\"_blank\">Tour de France<\/a> a d\u00e9cid\u00e9 de capitaliser l\u2019ann\u00e9e suivante, en faisant passer <a href=\"https:\/\/actu.fr\/ile-de-france\/paris_75056\/montmartre-champs-elysees-le-tour-de-france-devoile-le-parcours-inedit-de-son-ultime-etape-a-paris_62666043.html\" rel=\"nofollow noopener\" target=\"_blank\">sa derni\u00e8re \u00e9tape<\/a> par la Butte, dimanche 27 juillet 2025. Voici ce qu\u2019il y a \u00e0 savoir sur le passage de la Grande Boucle \u00e0 <a href=\"https:\/\/actu.fr\/tag\/montmartre\" rel=\"nofollow noopener\" target=\"_blank\">Montmartre<\/a>, si vous \u00eates riverain, commer\u00e7ant ou que vous comptez assister \u00e0 l\u2019\u00e9v\u00e9nement.<\/p>\n<p>\u00c0 quelle heure \u00eatre sur place pour ne rien manquer\u00a0<\/p>\n<p class=\" wall-content\">Pour cette ultime \u00e9tape entre Mantes-la-Jolie et les <a href=\"https:\/\/actu.fr\/tag\/champs-elysees\" rel=\"nofollow noopener\" target=\"_blank\">Champs-\u00c9lys\u00e9es<\/a>, les coureurs vont <strong>entrer dans Paris en fin de journ\u00e9e<\/strong>. Apr\u00e8s avoir long\u00e9 <a href=\"https:\/\/actu.fr\/tag\/la-seine\" rel=\"nofollow noopener\" target=\"_blank\">la Seine<\/a> et r\u00e9alis\u00e9 plusieurs passages sur les Champs, ils devraient arriver sur la boucle de Montmartre <a href=\"https:\/\/www.letour.fr\/fr\/etape-21\" rel=\"nofollow noopener\" target=\"_blank\">aux alentours de 18 heures<\/a>, selon le site officiel du Tour.\u00a0<\/p>\n<p class=\" wall-content\">\n<p class=\" wall-content\">Si vous voulez avoir une bonne place, on vous conseille d\u2019arriver bien en avance (d\u2019autant que l\u2019ambiance devrait d\u00e9j\u00e0 commencer \u00e0 monter avant l\u2019apparition des cyclistes). Quant aux meilleurs spots, chacun se fera son id\u00e9e : l\u2019ascension rue Lepic, des zones de sprint rues Lamarck et Caulaincourt, ou en bas du <a href=\"https:\/\/actu.fr\/tag\/sacre-coeur\" rel=\"nofollow noopener\" target=\"_blank\">Sacr\u00e9-Coeur<\/a> pour un clich\u00e9 instagrammable \u00e0 souhait.<\/p>\n<p>Faut-il un justificatif de domicile pour acc\u00e9der aux rues ?<\/p>\n<p class=\" wall-content\">Trois axes sont en effet concern\u00e9s parce qu\u2019ils sont particuli\u00e8rement \u00e9troits. Pour acc\u00e9der \u00e0 la <strong>rue Norvins<\/strong> (entre la rue des Saules et la place du Tertre), la <strong>rue Coustou<\/strong> et la r<strong>ue Puget<\/strong>, il sera n\u00e9cessaire de pr\u00e9senter un justificatif de domicile.\u00a0<\/p>\n<p>    <img   decoding=\"async\" loading=\"lazy\" src=\"https:\/\/www.europesays.com\/fr\/wp-content\/uploads\/2025\/07\/tdf-montmartre-960x640.jpg\" alt=\"Boucle Montmartre \" width=\"960\" height=\"640\"\/><br \/>\n    Comment circuler \u00e0 Montmartre dimanche 27 juillet 2025. (\u00a9ASO)<\/p>\n<p class=\" wall-content\">Pour le reste, les pi\u00e9tons pourront circuler sur les 22 cisaillements pr\u00e9vus (voir sur la carte ci-dessus). Des<strong> cisaillements qui seront ferm\u00e9s au moment du passage des coureurs<\/strong>.<\/p>\n<p>Des restrictions de stationnement d\u00e8s le vendredi 25 juillet\u00a0<\/p>\n<p class=\" wall-content\">Quarante-huit heures avant l\u2019arriv\u00e9e des coureurs, d\u00e8s vendredi 25 juillet 18 heures et jusqu\u2019au dimanche 27 juillet 23h59, le <strong>stationnement le long du parcours sera interdit<\/strong> pour l\u2019ensemble des v\u00e9hicules \u2013 y compris les v\u00e9los.<\/p>\n<p class=\" wall-content\">La <strong>circulation sera, elle, ferm\u00e9e \u00e0 partir du dimanche 27 juillet 13 heures<\/strong> et jusqu\u2019\u00e0 20 heures.<\/p>\n<p class=\" wall-content\"><strong>La liste des rues concern\u00e9es par les restrictions :\u00a0<\/strong><\/p>\n<ul class=\" wall-content\">\n<li>Place de Clichy<\/li>\n<li>Boulevard de Clichy<\/li>\n<li>Place Blanche<\/li>\n<li>Rue Puget<\/li>\n<li>Rue Coustou, entre la rue Puget et la rue Lepic<\/li>\n<li>Rue Lepic<\/li>\n<li>Place Jean-Baptiste Cl\u00e9ment<\/li>\n<li>Rue Norvins<\/li>\n<li>Place du Tertre<\/li>\n<li>Place Jean Marais<\/li>\n<li>Rue du Mont-Cenis<\/li>\n<li>Rue Saint-Eleuth\u00e8re<\/li>\n<li>Rue du Cardinal Dubois<\/li>\n<li>Rue Lamarck<\/li>\n<li>Rue Caulaincourt<\/li>\n<\/ul>\n<p>Quid de la collecte des d\u00e9chets et des terrasses des commerces ?\u00a0\u00a0<\/p>\n<p class=\" wall-content\">Les collectes des d\u00e9chets du 27 juillet 2025, autour du parcours du Tour de France, sur la Butte Montmartre, vont conna\u00eetre \u00e9galement quelques ajustements. Dans la zone orange (sur la carte), la <strong>sortie des bacs se fera le soir apr\u00e8s 20 heures<\/strong>, tandis que rue Lepic et rue des Abbesses il n\u2019y aura pas de collecte en apr\u00e8s-midi. En dehors de ces cas, la sortie de bacs se fera aux horaires habituels.\u00a0<\/p>\n<p>    <img   decoding=\"async\" loading=\"lazy\" src=\"https:\/\/www.europesays.com\/fr\/wp-content\/uploads\/2025\/07\/tour-de-france-18e-960x640.jpg\" alt=\"Tour_de_France_18e 2025\" width=\"960\" height=\"640\"\/><br \/>\n    La collecte des d\u00e9chets \u00e0 Montmartre, dimanche 27 juillet 2025. (\u00a9Ville de Paris)<\/p>\n<p class=\" wall-content\">Concernant les <strong>commerces pr\u00e9sents sur le parcours du Tour<\/strong>, ils devront quant \u00e0 eux fermer leur terrasse de 15 \u00e0 19 heures, il sera cependant possible d\u2019acc\u00e9der \u00e0 leur int\u00e9rieur.<\/p>\n<p class=\" wall-content\">Suivez toute l\u2019actualit\u00e9 de vos villes et m\u00e9dias favoris en vous inscrivant \u00e0 <a href=\"https:\/\/moncompte.actu.fr\" title=\"D\u00e9couvez Mon Actu\" rel=\"nofollow noopener\" data-trk=\"{&quot;cta&quot;:{&quot;action&quot;:&quot;https:\\\/\\\/moncompte.actu.fr&quot;,&quot;category&quot;:&quot;mon compte&quot;,&quot;from&quot;:&quot;article footer&quot;,&quot;name&quot;:&quot;Mon actu&quot;,&quot;type&quot;:&quot;cta&quot;}}\" target=\"_blank\">Mon Actu<\/a>.<\/p>\n<ul class=\"ac-article-tag wall-content\">\n<li><a href=\"https:\/\/actu.fr\/tag\/montmartre\" data-trk=\"{&quot;cta&quot;:{&quot;action&quot;:&quot;Montmartre&quot;,&quot;category&quot;:&quot;tag&quot;,&quot;from&quot;:&quot;article footer&quot;,&quot;name&quot;:&quot;Montmartre&quot;,&quot;type&quot;:&quot;cta&quot;}}\" rel=\"nofollow noopener\" target=\"_blank\">#Montmartre<\/a><\/li>\n<li><a href=\"https:\/\/actu.fr\/tag\/tour-de-france-2025\" data-trk=\"{&quot;cta&quot;:{&quot;action&quot;:&quot;Tour de France 2025&quot;,&quot;category&quot;:&quot;tag&quot;,&quot;from&quot;:&quot;article footer&quot;,&quot;name&quot;:&quot;Tour de France 2025&quot;,&quot;type&quot;:&quot;cta&quot;}}\" rel=\"nofollow noopener\" target=\"_blank\">#Tour de France 2025<\/a><\/li>\n<\/ul>\n","protected":false},"excerpt":{"rendered":"Par R\u00e9daction Paris Publi\u00e9 le 24 juil. 2025 \u00e0 6h16 \u00c7a a \u00e9t\u00e9 l\u2019une des images marquantes des&hellip;\n","protected":false},"author":2,"featured_media":269745,"comment_status":"","ping_status":"","sticky":false,"template":"","format":"standard","meta":{"footnotes":""},"categories":[1888],"tags":[1111,1928,11,1927,207,1777,674,1011,27,7661,12,1926,626,1925,25,60,2116],"class_list":{"0":"post-269744","1":"post","2":"type-post","3":"status-publish","4":"format-standard","5":"has-post-thumbnail","7":"category-paris","8":"tag-actu","9":"tag-actu-paris","10":"tag-actualites","11":"tag-actualites-paris","12":"tag-cyclisme","13":"tag-eu","14":"tag-europe","15":"tag-fr","16":"tag-france","17":"tag-montmartre","18":"tag-news","19":"tag-news-paris","20":"tag-paris","21":"tag-paris-news","22":"tag-republique-francaise","23":"tag-sports","24":"tag-tour-de-france-2025"},"share_on_mastodon":{"url":"https:\/\/pubeurope.com\/@fr\/114906606062642052","error":""},"_links":{"self":[{"href":"https:\/\/www.europesays.com\/fr\/wp-json\/wp\/v2\/posts\/269744","targetHints":{"allow":["GET"]}}],"collection":[{"href":"https:\/\/www.europesays.com\/fr\/wp-json\/wp\/v2\/posts"}],"about":[{"href":"https:\/\/www.europesays.com\/fr\/wp-json\/wp\/v2\/types\/post"}],"author":[{"embeddable":true,"href":"https:\/\/www.europesays.com\/fr\/wp-json\/wp\/v2\/users\/2"}],"replies":[{"embeddable":true,"href":"https:\/\/www.europesays.com\/fr\/wp-json\/wp\/v2\/comments?post=269744"}],"version-history":[{"count":0,"href":"https:\/\/www.europesays.com\/fr\/wp-json\/wp\/v2\/posts\/269744\/revisions"}],"wp:featuredmedia":[{"embeddable":true,"href":"https:\/\/www.europesays.com\/fr\/wp-json\/wp\/v2\/media\/269745"}],"wp:attachment":[{"href":"https:\/\/www.europesays.com\/fr\/wp-json\/wp\/v2\/media?parent=269744"}],"wp:term":[{"taxonomy":"category","embeddable":true,"href":"https:\/\/www.europesays.com\/fr\/wp-json\/wp\/v2\/categories?post=269744"},{"taxonomy":"post_tag","embeddable":true,"href":"https:\/\/www.europesays.com\/fr\/wp-json\/wp\/v2\/tags?post=269744"}],"curies":[{"name":"wp","href":"https:\/\/api.w.org\/{rel}","templated":true}]}}