{"id":269750,"date":"2025-07-24T05:42:12","date_gmt":"2025-07-24T05:42:12","guid":{"rendered":"https:\/\/www.europesays.com\/fr\/269750\/"},"modified":"2025-07-24T05:42:12","modified_gmt":"2025-07-24T05:42:12","slug":"60-ans-de-creation-a-la-cite-internationale-des-arts-de-paris","status":"publish","type":"post","link":"https:\/\/www.europesays.com\/fr\/269750\/","title":{"rendered":"60 ans de cr\u00e9ation \u00e0 la Cit\u00e9 internationale des arts de Paris"},"content":{"rendered":"<p>\n                                                La Cit\u00e9 internationale des arts de Paris f\u00eate cette ann\u00e9e ses 60 ans. La mission principale de ce lieu est l\u2019accompagnement d\u2019artistes dans la mise en \u0153uvre de leurs projets. La cit\u00e9 soutient les professionnels dans toutes les disciplines artistiques en offrant un suivi pouvant aller de deux mois \u00e0 un an. (Rediffusion du 27\/05\/25)                    <\/p>\n<p>L\u2019une est n\u00e9e au <strong><a target=\"_self\" href=\"https:\/\/www.rfi.fr\/fr\/tag\/p\u00e9rou\/\" rel=\"noopener\">P\u00e9rou<\/a><\/strong>, et a pass\u00e9 son enfance en <strong><a target=\"_self\" href=\"https:\/\/www.rfi.fr\/fr\/tag\/amazonie\/\" rel=\"noopener\">Amazonie<\/a><\/strong>, elle s\u2019appelle Kay Zevallos. L\u2019autre est originaire de Suzhou en <strong><a target=\"_self\" href=\"https:\/\/www.rfi.fr\/fr\/tag\/chine\/\" rel=\"noopener\">Chine<\/a><\/strong>, Shu Rui c\u2019est son nom. Deux artistes qui, comme 35 000 autres venus du monde entier, sont pass\u00e9s par un lieu unique \u00e0 Paris : la Cit\u00e9 internationale des arts. C\u2019est le plus grand centre de r\u00e9sidence d\u2019artistes au monde et entre les murs de cet \u00e9tablissement fond\u00e9 en 1965,\u00a0ils ont trouv\u00e9 \u00e0 la fois un logement, un atelier et un accompagnement\u00a0pour leur projet. Hospitalit\u00e9, convivialit\u00e9, cr\u00e9ation\u00a0et utopie&#8230; tels pourraient \u00eatre les maitres mots de cette cit\u00e9 d\u00e9sormais\u00a0soixantenaire.<\/p>\n<p><a target=\"_self\" href=\"https:\/\/www.rfi.fr\/fr\/podcasts\/de-vive-s-voix\/20210318-la-cit\u00e9-des-arts-une-r\u00e9sidence-d-artistes-francophones-en-plein-c\u0153ur-de-paris\" rel=\"noopener\"><strong>B\u00e9n\u00e9dicte Alliot<\/strong><\/a>, directrice de la <strong><a target=\"_blank\" href=\"https:\/\/www.citedesartsparis.net\/\" rel=\"noopener\">Cit\u00e9 internationale des arts<\/a><\/strong> de Paris,\u00a0<a target=\"_self\" href=\"https:\/\/www.rfi.fr\/es\/programas\/el-invitado-de-rfi\/20230524-la-peruana-kay-zevallos-villegas-representa-a-francia-y-per\u00fa-en-la-cuadrienal-de-praga\" rel=\"noopener\"><strong>Kay Zevallos<\/strong><\/a>, artiste visuelle p\u00e9ruvienne et ancienne r\u00e9sidente et\u00a0<a target=\"_blank\" href=\"https:\/\/www.instagram.com\/shurui_painter\/\" rel=\"noopener\"><strong>Shu Rui<\/strong><\/a>, artiste visuelle chinoise et r\u00e9sidente actuelle,\u00a0sont les invit\u00e9es de <a target=\"_self\" href=\"https:\/\/www.rfi.fr\/fr\/podcasts\/sur-le-pont-des-arts\/\" rel=\"noopener\"><strong>Sur le pont des arts<\/strong><\/a>.<\/p>\n<p>\u00a0<\/p>\n<p><strong>Au programme de l&rsquo;\u00e9mission<\/strong>\u00a0<strong>:<\/strong><\/p>\n<p><strong>\u25ba<\/strong> <strong>Reportage<\/strong><\/p>\n<p><strong><a target=\"_self\" href=\"https:\/\/www.rfi.fr\/fr\/auteur\/marie-line-darcy\/\" rel=\"noopener\">Marie-Line Darcy<\/a><\/strong> a assist\u00e9 au\u00a0tout premier festival de guitare portugaise de <strong><a target=\"_self\" href=\"https:\/\/www.rfi.fr\/fr\/tag\/portugal\/\" rel=\"noopener\">Lisbonne<\/a><\/strong>.\u00a0La guitare portugaise r\u00e9sonne tout particuli\u00e8rement cette ann\u00e9e car la capitale rend hommage au compositeur Carlos Paredes, qui aurait eu cent ans en 2025.<\/p>\n<p>\u00a0<\/p>\n<p><strong>\u25ba<\/strong> <strong>Chronique Librairies du monde<\/strong><\/p>\n<p><strong><a target=\"_blank\" href=\"https:\/\/www.instagram.com\/librairie_le_comptoir\/\" rel=\"noopener\">Maryline No\u00ebl<\/a><\/strong>, de la librairie le Comptoir \u00e0 Santiago du <strong><a target=\"_self\" href=\"https:\/\/www.rfi.fr\/fr\/tag\/chili\/\" rel=\"noopener\">Chili<\/a><\/strong>, nous\u00a0emm\u00e8ne \u00e0 moto sur les routes d\u2019Am\u00e9rique latine d\u00e9couvrir le roman de <strong><a target=\"_self\" href=\"https:\/\/www.rfi.fr\/fr\/culture\/20211028-fran\u00e7ois-henri-d\u00e9s\u00e9rable-remporte-\u00e0-34-ans-le-grand-prix-du-roman-de-l-acad\u00e9mie-fran\u00e7aise-2021\" rel=\"noopener\">Fran\u00e7ois-Henri D\u00e9s\u00e9rable<\/a><\/strong>, <strong><a target=\"_blank\" href=\"https:\/\/www.gallimard.fr\/catalogue\/chagrin-d-un-chant-inacheve\/9782070792368\" rel=\"noopener\">Chagrin d\u2019un chant inachev\u00e9<\/a><\/strong>, sous-titr\u00e9 Sur la route du Che Guevara, publi\u00e9 chez Gallimard.\u00a0\u00a0<\/p>\n<p>\u00a0<\/p>\n<p><strong>\u25ba <\/strong><strong>Playlist du jour<\/strong><\/p>\n<p>&#8211;\u00a0<strong>Ginton et Panane feat. Oumou Sangar\u00e9<\/strong> &#8211;\u00a0Sabu<\/p>\n<p>&#8211;\u00a0<strong>Nathalie Cardone<\/strong> &#8211; Hasta siempre<\/p>\n<p>&#8211;\u00a0<strong>Minyo Crusaders<\/strong> &#8211; Kaigara Bushi.<\/p>\n<p>                <script async src=\"\/\/www.instagram.com\/embed.js\"><\/script><\/p>\n","protected":false},"excerpt":{"rendered":"La Cit\u00e9 internationale des arts de Paris f\u00eate cette ann\u00e9e ses 60 ans. La mission principale de ce&hellip;\n","protected":false},"author":2,"featured_media":269751,"comment_status":"","ping_status":"","sticky":false,"template":"","format":"standard","meta":{"footnotes":""},"categories":[1888],"tags":[11,1348,40896,309,251,1777,674,1011,27,1351,1698,12,626,10227,6996,25,12843],"class_list":{"0":"post-269750","1":"post","2":"type-post","3":"status-publish","4":"format-standard","5":"has-post-thumbnail","7":"category-paris","8":"tag-actualites","9":"tag-arts","10":"tag-chili","11":"tag-chine","12":"tag-culture","13":"tag-eu","14":"tag-europe","15":"tag-fr","16":"tag-france","17":"tag-litterature","18":"tag-musiques","19":"tag-news","20":"tag-paris","21":"tag-perou","22":"tag-portugal","23":"tag-republique-francaise","24":"tag-sur-le-pont-des-arts"},"share_on_mastodon":{"url":"https:\/\/pubeurope.com\/@fr\/114906617838822874","error":""},"_links":{"self":[{"href":"https:\/\/www.europesays.com\/fr\/wp-json\/wp\/v2\/posts\/269750","targetHints":{"allow":["GET"]}}],"collection":[{"href":"https:\/\/www.europesays.com\/fr\/wp-json\/wp\/v2\/posts"}],"about":[{"href":"https:\/\/www.europesays.com\/fr\/wp-json\/wp\/v2\/types\/post"}],"author":[{"embeddable":true,"href":"https:\/\/www.europesays.com\/fr\/wp-json\/wp\/v2\/users\/2"}],"replies":[{"embeddable":true,"href":"https:\/\/www.europesays.com\/fr\/wp-json\/wp\/v2\/comments?post=269750"}],"version-history":[{"count":0,"href":"https:\/\/www.europesays.com\/fr\/wp-json\/wp\/v2\/posts\/269750\/revisions"}],"wp:featuredmedia":[{"embeddable":true,"href":"https:\/\/www.europesays.com\/fr\/wp-json\/wp\/v2\/media\/269751"}],"wp:attachment":[{"href":"https:\/\/www.europesays.com\/fr\/wp-json\/wp\/v2\/media?parent=269750"}],"wp:term":[{"taxonomy":"category","embeddable":true,"href":"https:\/\/www.europesays.com\/fr\/wp-json\/wp\/v2\/categories?post=269750"},{"taxonomy":"post_tag","embeddable":true,"href":"https:\/\/www.europesays.com\/fr\/wp-json\/wp\/v2\/tags?post=269750"}],"curies":[{"name":"wp","href":"https:\/\/api.w.org\/{rel}","templated":true}]}}