{"id":269756,"date":"2025-07-24T05:45:12","date_gmt":"2025-07-24T05:45:12","guid":{"rendered":"https:\/\/www.europesays.com\/fr\/269756\/"},"modified":"2025-07-24T05:45:12","modified_gmt":"2025-07-24T05:45:12","slug":"etats-unis-donald-trump-accelere-sur-lia-pour-parvenir-a-une-domination-americaine","status":"publish","type":"post","link":"https:\/\/www.europesays.com\/fr\/269756\/","title":{"rendered":"Etats-Unis: Donald Trump acc\u00e9l\u00e8re sur l\u2019IA pour parvenir \u00e0 une domination am\u00e9ricaine"},"content":{"rendered":"<p>New York &#8211; La Maison Blanche a d\u00e9voil\u00e9 mercredi un plan d\u2019action pour favoriser le d\u00e9veloppement sans entrave des mod\u00e8les am\u00e9ricains d\u2019intelligence artificielle (IA) aux Etats-Unis et \u00e0 l&rsquo;\u00e9tranger, \u00e9cartant toutes les r\u00e9serves sur ses possibles d\u00e9rives.<\/p>\n<p>\u00abNous ne laisserons aucune autre nation nous battre\u00bb dans la course \u00e0 l\u2019IA, a exhort\u00e9 Donald Trump lors d\u2019une conf\u00e9rence d\u00e9di\u00e9e \u00e0 cette technologie, \u00e0 Washington.<\/p>\n<p>\u00abNos enfants ne vivront pas sur une plan\u00e8te contr\u00f4l\u00e9e par des algorithmes v\u00e9hiculant les valeurs et les int\u00e9r\u00eats de nos adversaires\u00bb, a-t-il ajout\u00e9, r\u00e9f\u00e9rence \u00e0 peine voil\u00e9e \u00e0 la Chine.<\/p>\n<p>Le plan d\u2019action des Etats-Unis d\u00e9coule d\u2019une large consultation des professionnels, chercheurs et usagers, initi\u00e9e en f\u00e9vrier.<\/p>\n<p>Le pr\u00e9sident am\u00e9ricain entend rompre avec la ligne adopt\u00e9e par son pr\u00e9d\u00e9cesseur d\u00e9mocrate Joe Biden, partisan d\u2019un essor contr\u00f4l\u00e9, avec un accent sur la s\u00e9curit\u00e9 et l\u2019appr\u00e9hension des risques.<\/p>\n<p>La Maison Blanche dit avoir identifi\u00e9 quelque 90 mesures qui seront mises en musique \u00abdans les prochaines semaines et mois\u00bb, selon un communiqu\u00e9.<\/p>\n<p>Donald Trump a pris mercredi trois d\u00e9crets autour d\u2019axes majeurs de ce plan d\u2019action.<\/p>\n<p>Le premier axe vise \u00e0 faciliter la construction de nouveaux centres de donn\u00e9es (data centers), essentiels au fonctionnement de l\u2019IA, et la r\u00e9alisation de grands projets \u00e9nerg\u00e9tiques pour r\u00e9pondre aux immenses besoins de ces data centers en \u00e9lectricit\u00e9.<\/p>\n<p>De tr\u00e8s nombreux centres de donn\u00e9es sont d\u00e9j\u00e0 actuellement en chantier aux Etats-Unis.<\/p>\n<p>Le gouvernement Trump veut notamment simplifier l\u2019octroi de permis et d\u2019autorisations pour de nouveaux chantiers.<\/p>\n<p>\u00abMon gouvernement va utiliser tous les outils en sa possession pour s\u2019assurer que les Etats-Unis construisent et fassent tourner les infrastructures d\u2019IA les plus grandes et les plus puissantes du monde\u00bb, a promis le milliardaire r\u00e9publicain.<\/p>\n<p> \u00abMinist\u00e8re de la v\u00e9rit\u00e9 IA\u00bb <\/p>\n<p>Le deuxi\u00e8me volet du plan concerne la \u00abdiplomatie IA\u00bb, selon l\u2019expression de David Sacks, principal conseiller de la Maison Blanche pour l\u2019IA.<\/p>\n<p>Elle implique, entre autres, la mobilisation de deux bras financiers des Etats-Unis pour le commerce international, l\u2019Agence am\u00e9ricaine de d\u00e9veloppement et de financement (FDC) et la Banque am\u00e9ricaine d\u2019import-export, afin qu\u2019elles soutiennent les exportations d\u2019IA am\u00e9ricaine.<\/p>\n<p>\u00abPour gagner cette course, il faut que les mod\u00e8les (am\u00e9ricains d\u2019IA) soient utilis\u00e9s dans le monde entier\u00bb, a plaid\u00e9, lors d\u2019un point de presse t\u00e9l\u00e9phonique, Michael Kratsios, le directeur des questions scientifiques et technologiques \u00e0 la Maison Blanche.<\/p>\n<p>\u00abL\u2019IA am\u00e9ricaine doit \u00eatre le standard de r\u00e9f\u00e9rence\u00bb, a-t-il martel\u00e9.<\/p>\n<p>Donald Trump a fait de la diffusion \u00e0 l&rsquo;\u00e9tranger de la technologie am\u00e9ricaine, et de l\u2019IA en particulier, une priorit\u00e9.<\/p>\n<p>Il a contribu\u00e9 aux discussions qui ont amen\u00e9 les Emirats arabes unis \u00e0 passer contrat, en mai, avec OpenAI, Oracle et Nvidia pour la cr\u00e9ation de leurs propres infrastructures d\u2019IA.<\/p>\n<p>\u00abEn mati\u00e8re de technologie IA (&#8230;), il est crucial que les entreprises am\u00e9ricaines puissent \u00eatre comp\u00e9titives\u00bb, a comment\u00e9 un responsable du lobby technologique CCIA, saluant la capacit\u00e9 du plan d\u2019action \u00e0 \u00absupprimer des barri\u00e8res\u00bb.<\/p>\n<p>La troisi\u00e8me ligne directrice forte du programme ne porte pas sur la croissance de l\u2019IA am\u00e9ricaine mais se veut une r\u00e9ponse \u00e0 ce que Donald Trump voit comme l&rsquo;\u00e9mergence d\u2019une intelligence artificielle g\u00e9n\u00e9rative avec un \u00abbiais id\u00e9ologique\u00bb.<\/p>\n<p>L\u2019ancien promoteur immobilier entend ainsi interdire aux diff\u00e9rents services, minist\u00e8res et agences de son gouvernement d\u2019acqu\u00e9rir des logiciels d\u2019IA g\u00e9n\u00e9rative qui manifesteraient cette orientation et n\u2019autoriser que \u00abla v\u00e9rit\u00e9, l&rsquo;\u00e9quit\u00e9 et l\u2019impartialit\u00e9\u00bb.<\/p>\n<p>Un officiel am\u00e9ricain a pr\u00e9cis\u00e9 que le \u00abprincipal\u00bb biais id\u00e9ologique relevait, selon la Maison Blanche, des initiatives encourageant la repr\u00e9sentation et l\u2019inclusion des minorit\u00e9s (DEI).<\/p>\n<p>Cette directive pourrait \u00abpotentiellement faire dispara\u00eetre les quelques garde-fous destin\u00e9s \u00e0 emp\u00eacher l\u2019IA de perp\u00e9tuer et exacerber des biais soci\u00e9taux existants\u00bb, a critiqu\u00e9 l\u2019association de d\u00e9fense des droits humains ACLU.<\/p>\n<p>Pour le Centre pour la d\u00e9mocratie et la technologie (CDT), le gouvernement Trump se comporte \u00abcomme un minist\u00e8re de la v\u00e9rit\u00e9 IA\u00bb et cherche \u00e0 forcer les grands acteurs \u00e0 fa\u00e7onner des mod\u00e8les \u00abqui se conforment \u00e0 son interpr\u00e9tation de la r\u00e9alit\u00e9\u00bb.<\/p>\n<p>R\u00e9solu \u00e0 \u00e9carter le maximum d\u2019obstacles, quels qu\u2019ils soient, de la route de l\u2019IA, l\u2019administration Trump va missionner le r\u00e9gulateur des t\u00e9l\u00e9coms (FCC) pour identifier des contradictions possibles entre des lois d\u2019encadrement prises par des Etats am\u00e9ricains et les textes f\u00e9d\u00e9raux en vigueur.<\/p>\n<p>Une telle d\u00e9marche pourrait affaiblir les protections mises en place par plusieurs Etats contre les d\u00e9rives de l\u2019IA, averti l\u2019ACLU.<\/p>\n<p>\u00abNous avons besoin de bon sens\u00bb, a r\u00e9torqu\u00e9 Donald Trump, \u00abun standard f\u00e9d\u00e9ral qui l\u2019emporte sur les Etats\u00bb et leurs lois sur l\u2019IA.<\/p>\n<p>Thomas URBAIN<\/p>\n<p>\u00a9 Agence France-Presse<\/p>\n","protected":false},"excerpt":{"rendered":"New York &#8211; La Maison Blanche a d\u00e9voil\u00e9 mercredi un plan d\u2019action pour favoriser le d\u00e9veloppement sans entrave&hellip;\n","protected":false},"author":2,"featured_media":269757,"comment_status":"","ping_status":"","sticky":false,"template":"","format":"standard","meta":{"footnotes":""},"categories":[1589],"tags":[11,73,1866,12,1864,1865,1863,308],"class_list":{"0":"post-269756","1":"post","2":"type-post","3":"status-publish","4":"format-standard","5":"has-post-thumbnail","7":"category-etats-unis","8":"tag-actualites","9":"tag-etats-unis","10":"tag-etats-unis-damerique","11":"tag-news","12":"tag-united-states","13":"tag-united-states-of-america","14":"tag-us","15":"tag-usa"},"share_on_mastodon":{"url":"https:\/\/pubeurope.com\/@fr\/114906629647935391","error":""},"_links":{"self":[{"href":"https:\/\/www.europesays.com\/fr\/wp-json\/wp\/v2\/posts\/269756","targetHints":{"allow":["GET"]}}],"collection":[{"href":"https:\/\/www.europesays.com\/fr\/wp-json\/wp\/v2\/posts"}],"about":[{"href":"https:\/\/www.europesays.com\/fr\/wp-json\/wp\/v2\/types\/post"}],"author":[{"embeddable":true,"href":"https:\/\/www.europesays.com\/fr\/wp-json\/wp\/v2\/users\/2"}],"replies":[{"embeddable":true,"href":"https:\/\/www.europesays.com\/fr\/wp-json\/wp\/v2\/comments?post=269756"}],"version-history":[{"count":0,"href":"https:\/\/www.europesays.com\/fr\/wp-json\/wp\/v2\/posts\/269756\/revisions"}],"wp:featuredmedia":[{"embeddable":true,"href":"https:\/\/www.europesays.com\/fr\/wp-json\/wp\/v2\/media\/269757"}],"wp:attachment":[{"href":"https:\/\/www.europesays.com\/fr\/wp-json\/wp\/v2\/media?parent=269756"}],"wp:term":[{"taxonomy":"category","embeddable":true,"href":"https:\/\/www.europesays.com\/fr\/wp-json\/wp\/v2\/categories?post=269756"},{"taxonomy":"post_tag","embeddable":true,"href":"https:\/\/www.europesays.com\/fr\/wp-json\/wp\/v2\/tags?post=269756"}],"curies":[{"name":"wp","href":"https:\/\/api.w.org\/{rel}","templated":true}]}}