{"id":269760,"date":"2025-07-24T05:47:10","date_gmt":"2025-07-24T05:47:10","guid":{"rendered":"https:\/\/www.europesays.com\/fr\/269760\/"},"modified":"2025-07-24T05:47:10","modified_gmt":"2025-07-24T05:47:10","slug":"a-berlin-emmanuel-macron-et-friedrich-merz-amorcent-la-relance-difficile-du-couple-franco-allemand","status":"publish","type":"post","link":"https:\/\/www.europesays.com\/fr\/269760\/","title":{"rendered":"A Berlin, Emmanuel Macron et Friedrich Merz amorcent la \u00ab\u00a0relance\u00a0\u00bb difficile du couple franco-allemand"},"content":{"rendered":"<p>                         <img loading=\"lazy\" decoding=\"async\" src=\"https:\/\/www.europesays.com\/fr\/wp-content\/uploads\/2025\/07\/53af9a8_upload-1-kdn4nlhjobve-cbi1267040.jpg\" alt=\"Emmanuel Macron et le chancelier allemand Friedrich Merz \u00e9change lors d\u2019un entretien \u00e0 la Villa Borsig, \u00e0 Berlin, le 23\u00a0juillet 2025.\"   width=\"664\" height=\"443\"\/>    Emmanuel Macron et le chancelier allemand Friedrich Merz \u00e9change lors d\u2019un entretien \u00e0 la Villa Borsig, \u00e0 Berlin, le 23\u00a0juillet 2025.  CYRIL BITTON\/DIVERGENCE POUR \u00ab\u00a0LE MONDE\u00a0\u00bb                 <\/p>\n<p class=\"article__paragraph  \">Friedrich Merz et Emmanuel Macron se sont ostensiblement pass\u00e9s de traduction, mercredi 23\u00a0juillet \u00e0 la Villa Borsig \u00e0 Berlin, au bord du lac de Tegel, pour la premi\u00e8re visite du pr\u00e9sident fran\u00e7ais outre-Rhin depuis l\u2019entr\u00e9e en fonction du chancelier, le 6\u00a0mai. Les deux dirigeants avaient \u00e0 c\u0153ur de montrer que chacun comprenait parfaitement la langue de l\u2019autre, signe d\u2019un red\u00e9marrage franco-allemand, apr\u00e8s les ann\u00e9es d\u2019incompr\u00e9hensions mutuelles. Friedrich Merz avait aussi pris soin de ne pas reproduire l\u2019aventurisme culinaire de son pr\u00e9d\u00e9cesseur\u00a0: au menu du d\u00eener, pas de \u00ab\u00a0fischbr\u00f6tchen\u00a0\u00bb, le fameux sandwich au poisson marin\u00e9 propos\u00e9 par l\u2019ancien chancelier Olaf Scholz lors du sommet franco-allemand rat\u00e9 de Hambourg de 2023, mais une plus d\u00e9licate selle de veau aux girolles.<\/p>\n<p class=\"article__paragraph  \">Au-del\u00e0 des gestes d\u2019amiti\u00e9, le chancelier et le pr\u00e9sident sauront-ils livrer des r\u00e9ponses \u00e0 hauteur des ambitions qu\u2019ils se sont fix\u00e9es\u00a0? La soir\u00e9e n\u2019a pas permis de le dire. \u00ab\u00a0La relation semble \u00eatre repartie sur de meilleures bases, c\u2019est \u00e0 saluer. Mais \u00e9videmment, les sujets de discorde n\u2019ont pas disparu\u00a0\u00bb, note le directeur adjoint\u00a0de l\u2019Institut franco-allemand de Ludwigsburg, Stefan Seidendorf.<\/p>\n<p class=\"reading-mode-only \"><strong>Il vous reste 78.66% de cet article \u00e0 lire. La suite est r\u00e9serv\u00e9e aux abonn\u00e9s.<\/strong><\/p>\n","protected":false},"excerpt":{"rendered":"Emmanuel Macron et le chancelier allemand Friedrich Merz \u00e9change lors d\u2019un entretien \u00e0 la Villa Borsig, \u00e0 Berlin,&hellip;\n","protected":false},"author":2,"featured_media":269761,"comment_status":"","ping_status":"","sticky":false,"template":"","format":"standard","meta":{"footnotes":""},"categories":[1587],"tags":[11,672,1804,1805,1803,1777,674,1801,12,1802],"class_list":{"0":"post-269760","1":"post","2":"type-post","3":"status-publish","4":"format-standard","5":"has-post-thumbnail","7":"category-allemagne","8":"tag-actualites","9":"tag-allemagne","10":"tag-bundesrepublik-deutschland","11":"tag-de","12":"tag-deutschland","13":"tag-eu","14":"tag-europe","15":"tag-germany","16":"tag-news","17":"tag-republique-federale-dallemagne"},"share_on_mastodon":{"url":"https:\/\/pubeurope.com\/@fr\/114906637509087389","error":""},"_links":{"self":[{"href":"https:\/\/www.europesays.com\/fr\/wp-json\/wp\/v2\/posts\/269760","targetHints":{"allow":["GET"]}}],"collection":[{"href":"https:\/\/www.europesays.com\/fr\/wp-json\/wp\/v2\/posts"}],"about":[{"href":"https:\/\/www.europesays.com\/fr\/wp-json\/wp\/v2\/types\/post"}],"author":[{"embeddable":true,"href":"https:\/\/www.europesays.com\/fr\/wp-json\/wp\/v2\/users\/2"}],"replies":[{"embeddable":true,"href":"https:\/\/www.europesays.com\/fr\/wp-json\/wp\/v2\/comments?post=269760"}],"version-history":[{"count":0,"href":"https:\/\/www.europesays.com\/fr\/wp-json\/wp\/v2\/posts\/269760\/revisions"}],"wp:featuredmedia":[{"embeddable":true,"href":"https:\/\/www.europesays.com\/fr\/wp-json\/wp\/v2\/media\/269761"}],"wp:attachment":[{"href":"https:\/\/www.europesays.com\/fr\/wp-json\/wp\/v2\/media?parent=269760"}],"wp:term":[{"taxonomy":"category","embeddable":true,"href":"https:\/\/www.europesays.com\/fr\/wp-json\/wp\/v2\/categories?post=269760"},{"taxonomy":"post_tag","embeddable":true,"href":"https:\/\/www.europesays.com\/fr\/wp-json\/wp\/v2\/tags?post=269760"}],"curies":[{"name":"wp","href":"https:\/\/api.w.org\/{rel}","templated":true}]}}