{"id":269762,"date":"2025-07-24T05:48:11","date_gmt":"2025-07-24T05:48:11","guid":{"rendered":"https:\/\/www.europesays.com\/fr\/269762\/"},"modified":"2025-07-24T05:48:11","modified_gmt":"2025-07-24T05:48:11","slug":"avion-vendu-leurope-et-lavenir-pascal-de-izaguirre-se-livre-video","status":"publish","type":"post","link":"https:\/\/www.europesays.com\/fr\/269762\/","title":{"rendered":"Avion vendu, l\u2019Europe et l\u2019avenir&#8230; Pascal de Izaguirre se livre ! (Vid\u00e9o)"},"content":{"rendered":"<p>\t\t\t\t\t <b>TourMaG &#8211; Quelles sont vos relations avec les professionnels, notamment les voyagistes et les agences de voyage ? Est-ce qu\u2019ils vous soutiennent dans ce d\u00e9veloppement ?&#13;\t\t\t\t\t <\/b><\/p>\n<p>Pascal de Izaguirre : Alors, ils nous soutiennent, au sens de nous accompagner, bien s\u00fbr ! Nous avons de tr\u00e8s bonnes relations. <b>Il ne faut pas oublier que j\u2019\u00e9tais pr\u00e9sident de TUI France dans une autre vie.<\/b>&#13;\t\t\t\t\t <\/p>\n<p>C\u2019est un milieu que je connais bien. Quand on est une petite compagnie comme Corsair, on ne peut pas se permettre de choisir ses r\u00e9seaux ou ses canaux de distribution.&#13;\t\t\t\t\t <\/p>\n<p>Nous voulons cro\u00eetre, nous voulons nous d\u00e9velopper, et nous avons besoin de tout le monde. <b>Les \u00e9quipes commerciales de Corsair b\u00e9n\u00e9ficient d\u2019une image plut\u00f4t positive, per\u00e7ues comme \u00e0 l\u2019\u00e9coute, r\u00e9actives, agiles, et soucieuses de r\u00e9pondre aux besoins.<\/b>&#13;\t\t\t\t\t <\/p>\n<p>Nous nous effor\u00e7ons de nous adapter aux attentes de nos partenaires, plut\u00f4t que l\u2019inverse.  &#13;\t\t\t\t\t <\/p>\n<p><b>TourMaG &#8211; Comment se profile l\u2019ann\u00e9e 2025, et quelles sont les tendances pour l\u2019\u00e9t\u00e9 ? &#13;\t\t\t\t\t <\/b><\/p>\n<p>Pascal de Izaguirre : L\u2019ann\u00e9e 2025 s\u2019annonce plut\u00f4t bien.&#13;\t\t\t\t\t <\/p>\n<p><b>Nous avons un bon d\u00e9marrage. Nous avons la chance d\u2019\u00eatre positionn\u00e9s sur un r\u00e9seau relativement \u00e9pargn\u00e9 par les soubresauts g\u00e9opolitiques mondiaux.<\/b>&#13;\t\t\t\t\t <\/p>\n<p>Nous sommes pr\u00e9sents sur des destinations qui apparaissent, au contraire, comme des valeurs refuge, et sur lesquelles nous pouvons b\u00e9n\u00e9ficier d\u2019un effet de report potentiellement positif.&#13;\t\t\t\t\t <\/p>\n<p>Les Outre-mer sont des lignes o\u00f9 le trafic reste r\u00e9silient. Les lignes africaines fonctionnent bien. L\u2019\u00eele Maurice a enregistr\u00e9 une tr\u00e8s bonne saison hivernale.&#13;\t\t\t\t\t <\/p>\n<p><b>Et nous poursuivons sur cette lanc\u00e9e cet \u00e9t\u00e9, puisque nous maintenons, pour la premi\u00e8re fois, un vol direct pendant la saison estivale. Les engagements de vente pour l\u2019\u00e9t\u00e9 2025 sont encourageants.<\/b>&#13;\t\t\t\t\t <\/p>\n<p>En tout cas, nous anticipons une am\u00e9lioration notable par rapport \u00e0 l\u2019\u00e9t\u00e9 2024, qui n\u2019avait pas \u00e9t\u00e9 tr\u00e8s bon et avait \u00e9t\u00e9 marqu\u00e9 par l\u2019effet JO et l\u2019impact de la dissolution de l\u2019Assembl\u00e9e nationale.&#13;\t\t\t\t\t <\/p>\n<p>Comme je vous l&rsquo;indiquait plus haut, nous constatons aussi une forte am\u00e9lioration du coefficient de remplissage, avec une hausse de plus de 3 points sur les premiers mois de l\u2019exercice, qui a d\u00e9marr\u00e9 le 1er octobre.\n\t\t\t\t <\/p>\n","protected":false},"excerpt":{"rendered":"TourMaG &#8211; Quelles sont vos relations avec les professionnels, notamment les voyagistes et les agences de voyage ?&hellip;\n","protected":false},"author":2,"featured_media":269763,"comment_status":"","ping_status":"","sticky":false,"template":"","format":"standard","meta":{"footnotes":""},"categories":[1586],"tags":[11,40898,1777,674,1011,27,12,40899,25],"class_list":{"0":"post-269762","1":"post","2":"type-post","3":"status-publish","4":"format-standard","5":"has-post-thumbnail","7":"category-europe","8":"tag-actualites","9":"tag-corsair","10":"tag-eu","11":"tag-europe","12":"tag-fr","13":"tag-france","14":"tag-news","15":"tag-pascal-de-izaguirre","16":"tag-republique-francaise"},"share_on_mastodon":{"url":"https:\/\/pubeurope.com\/@fr\/114906641510745412","error":""},"_links":{"self":[{"href":"https:\/\/www.europesays.com\/fr\/wp-json\/wp\/v2\/posts\/269762","targetHints":{"allow":["GET"]}}],"collection":[{"href":"https:\/\/www.europesays.com\/fr\/wp-json\/wp\/v2\/posts"}],"about":[{"href":"https:\/\/www.europesays.com\/fr\/wp-json\/wp\/v2\/types\/post"}],"author":[{"embeddable":true,"href":"https:\/\/www.europesays.com\/fr\/wp-json\/wp\/v2\/users\/2"}],"replies":[{"embeddable":true,"href":"https:\/\/www.europesays.com\/fr\/wp-json\/wp\/v2\/comments?post=269762"}],"version-history":[{"count":0,"href":"https:\/\/www.europesays.com\/fr\/wp-json\/wp\/v2\/posts\/269762\/revisions"}],"wp:featuredmedia":[{"embeddable":true,"href":"https:\/\/www.europesays.com\/fr\/wp-json\/wp\/v2\/media\/269763"}],"wp:attachment":[{"href":"https:\/\/www.europesays.com\/fr\/wp-json\/wp\/v2\/media?parent=269762"}],"wp:term":[{"taxonomy":"category","embeddable":true,"href":"https:\/\/www.europesays.com\/fr\/wp-json\/wp\/v2\/categories?post=269762"},{"taxonomy":"post_tag","embeddable":true,"href":"https:\/\/www.europesays.com\/fr\/wp-json\/wp\/v2\/tags?post=269762"}],"curies":[{"name":"wp","href":"https:\/\/api.w.org\/{rel}","templated":true}]}}