{"id":269764,"date":"2025-07-24T05:49:13","date_gmt":"2025-07-24T05:49:13","guid":{"rendered":"https:\/\/www.europesays.com\/fr\/269764\/"},"modified":"2025-07-24T05:49:13","modified_gmt":"2025-07-24T05:49:13","slug":"sommet-ue-chine-quels-sont-les-points-de-tension-entre-bruxelles-et-pekin","status":"publish","type":"post","link":"https:\/\/www.europesays.com\/fr\/269764\/","title":{"rendered":"Sommet UE-Chine : quels sont les points de tension entre Bruxelles et P\u00e9kin ?"},"content":{"rendered":"<ul class=\"jsx-862013697 ArticleChapo__List\">\n<li class=\"jsx-862013697 ArticleChapo__List_Item flex\">Un sommet entre la Chine et les dirigeants de l\u2019UE a lieu ce jeudi \u00e0 P\u00e9kin.<\/li>\n<li class=\"jsx-862013697 ArticleChapo__List_Item flex\">Mais les diff\u00e9rends ne manquent pas entre les deux partenaires \u00e9conomiques.<\/li>\n<li class=\"jsx-862013697 ArticleChapo__List_Item flex\">TF1info r\u00e9capitule les principaux dossiers \u00e9pineux.<\/li>\n<\/ul>\n<p data-module=\"article-paragraph\" class=\"jsx-3046738180 Paragraph Paragraph__End\">Pour marquer les 50 ans des relations diplomatiques entre la Chine et la Communaut\u00e9 europ\u00e9enne, devenue plus tard l\u2019Union europ\u00e9enne (UE), Antonio Costa et Ursula von der Leyen sont attendus ce jeudi 24 juillet \u00e0 P\u00e9kin. Le pr\u00e9sident du Conseil europ\u00e9en et la pr\u00e9sidente de la Commission europ\u00e9enne rencontreront le pr\u00e9sident chinois, Xi Jinping, avec lequel ils \u00ab\u00a0discuteront des relations entre l&rsquo;UE et la Chine et des d\u00e9fis g\u00e9opolitiques actuels, notamment la guerre men\u00e9e par la Russie en Ukraine\u00a0\u00bb. \u00a0Puis ils \u00ab\u00a0aborderont plus en d\u00e9tail les aspects commerciaux et \u00e9conomiques de la relation\u00a0\u00bb avec le Premier ministre chinois, Li Qiang, selon le communiqu\u00e9 officiel.<\/p>\n<p data-module=\"article-paragraph\" class=\"jsx-3046738180 Paragraph Paragraph__End\">Ce sommet s\u2019inscrit dans un contexte tendu entre les deux partenaires commerciaux, avec de nombreux dossiers qui empoisonnent les relations bilat\u00e9rales. De la guerre en Ukraine aux nombreux d\u00e9saccords \u00e9conomiques, on vous r\u00e9sume les principaux points de tension entre la Chine et l&rsquo;UE.<\/p>\n<p>Les sanctions europ\u00e9ennes contre la Russie<\/p>\n<p data-module=\"article-paragraph\" class=\"jsx-3046738180 Paragraph Paragraph__End\">La guerre en Ukraine est un sujet de discorde majeur entre l&rsquo;UE et P\u00e9kin. Les Europ\u00e9ens, soutiens militaires de Kiev, accusent le g\u00e9ant asiatique d&rsquo;offrir \u00e0 Moscou un soutien \u00e9conomique crucial pour son effort de guerre.\u00a0Car si la Chine appelle r\u00e9guli\u00e8rement \u00e0 des pourparlers de paix et au respect de l&rsquo;int\u00e9grit\u00e9 territoriale de tous les pays, elle n&rsquo;a jamais condamn\u00e9 la Russie et a m\u00eame renforc\u00e9 ses relations avec Moscou depuis le d\u00e9but de l&rsquo;invasion russe en f\u00e9vrier 2022.<\/p>\n<p data-module=\"article-paragraph\" class=\"jsx-3046738180 Paragraph Paragraph__End\">En r\u00e9action au nouveau paquet de sanctions contre la Russie annonc\u00e9 par Bruxelles la semaine derni\u00e8re, le minist\u00e8re chinois du Commerce a de son c\u00f4t\u00e9 d\u00e9nonc\u00e9 lundi des mesures \u00ab\u00a0contraires \u00e0 l&rsquo;esprit de consensus \u00e9tabli entre les dirigeants chinois et europ\u00e9ens\u00a0\u00bb. Ces sanctions, qui visent la manne p\u00e9troli\u00e8re russe, mais \u00e9galement certaines entit\u00e9s chinoises, auront \u00ab\u00a0un impact n\u00e9gatif grave\u00a0\u00bb sur les relations \u00e9conomiques et commerciales sino-europ\u00e9ennes, regrette la Chine.<\/p>\n<p>Des repr\u00e9sailles \u00e9conomiques<\/p>\n<p data-module=\"article-paragraph\" class=\"jsx-3046738180 Paragraph Paragraph__End\">Le Vieux Continent se m\u00e9fie d&rsquo;une production manufacturi\u00e8re surabondante en Chine, aliment\u00e9e par des subventions publiques, qui aggraverait un d\u00e9ficit commercial consid\u00e9rable. L&rsquo;UE veut ainsi \u00e9viter que le march\u00e9 europ\u00e9en ne soit inond\u00e9 de produits chinois bon march\u00e9, au d\u00e9triment des entreprises locales.\u00a0C&rsquo;est notamment le cas dans l&rsquo;industrie ferroviaire, les panneaux solaires ou encore les \u00e9oliennes.<\/p>\n<p data-module=\"article-paragraph\" class=\"jsx-3046738180 Paragraph Paragraph__End\">Les tensions commerciales sino-europ\u00e9ennes se sont intensifi\u00e9es en 2024 avec la mise en place par l&rsquo;UE de droits de douane suppl\u00e9mentaires sur les <a href=\"https:\/\/www.tf1info.fr\/economie\/vehicules-electriques-le-constructeur-automobile-chinois-byd-depasse-son-rival-americain-tesla-2361174.html\" target=\"_blank\" rel=\"noopener\">v\u00e9hicules \u00e9lectriques fabriqu\u00e9s en Chine<\/a>. En repr\u00e9sailles, P\u00e9kin a notamment vis\u00e9 <a href=\"https:\/\/www.tf1info.fr\/economie\/taxes-sur-le-cognac-et-l-armagnac-aucune-solution-trouvee-a-ce-stade-avec-la-chine-2371014.html\" target=\"_blank\" rel=\"noopener\">le cognac fran\u00e7ais avec des taxes<\/a> ou <a href=\"https:\/\/www.tf1info.fr\/economie\/video-taxes-douanieres-on-a-ete-pris-en-otage-soulagement-chez-les-producteurs-de-cognac-francais-apres-un-accord-avec-la-chine-2381132.html\" target=\"_blank\" rel=\"noopener\">des hausses de prix n\u00e9goci\u00e9es pour les principaux exportateurs<\/a> comme Hennessy, R\u00e9my Cointreau et Martell.<\/p>\n<p>Des restrictions sur les terres rares chinoises et les mat\u00e9riels m\u00e9dicaux<\/p>\n<p data-module=\"article-paragraph\" class=\"jsx-3046738180 Paragraph\">Les dirigeants europ\u00e9ens tenteront \u00e9galement d&rsquo;obtenir un assouplissement des restrictions sur les exportations de terres rares chinoises indispensables dans la production de t\u00e9l\u00e9phones portables ou de voitures \u00e9lectriques.<\/p>\n<p data-module=\"article-paragraph\" class=\"jsx-3046738180 Paragraph Paragraph__End\">Un autre litige \u00e9conomique est \u00e0 r\u00e9soudre entre les deux partenaires : les mat\u00e9riels m\u00e9dicaux. Cela fait suite \u00e0 la d\u00e9cision de la Commission europ\u00e9enne, le 20 juin dernier, d&rsquo;exclure les entreprises chinoises des commandes publiques d\u00e9passant 5 millions d&rsquo;euros. En r\u00e9ponse \u00e0 cette mesure prise au nom des restrictions touchant les firmes europ\u00e9ennes sur le march\u00e9 chinois, P\u00e9kin a annonc\u00e9 \u00e0 son tour des mesures de r\u00e9torsion similaires visant les entreprises europ\u00e9ennes.\u00a0<\/p>\n<p><a href=\"https:\/\/www.tf1info.fr\/economie\/droits-de-douane-de-145-imposes-a-pekin-doit-on-craindre-un-deferlement-de-produits-chinois-en-europe-2364431.html\" rel=\"noopener\" class=\"jsx-3308031228 Link flex\" target=\"_blank\"><img decoding=\"async\" src=\"https:\/\/www.europesays.com\/fr\/wp-content\/uploads\/2025\/07\/usine-auto-chinoise-7c5a8b-0@1x.jpeg\" alt=\"ADEK BERRY \/ AFP\" loading=\"lazy\" importance=\"low\" fetchpriority=\"low\" class=\"\" aria-hidden=\"true\"\/><\/p>\n<p class=\"jsx-3657663356 ReadMoreArticle__Title\">Lire aussi<\/p>\n<p class=\"jsx-3657663356\">Droits de douane de 145% impos\u00e9s \u00e0 P\u00e9kin : doit-on craindre un d\u00e9ferlement de produits chinois en Europe ? <\/p>\n<p><\/a><\/p>\n<p data-module=\"article-paragraph\" class=\"jsx-3046738180 Paragraph Paragraph__End\">\u00ab\u00a0Ce sommet est l&rsquo;occasion d&rsquo;engager un dialogue avec la Chine au plus haut niveau et d&rsquo;avoir des discussions franches et constructives sur des questions qui nous concernent tous les deux\u00a0\u00bb, a indiqu\u00e9 Antonio Costa, dans un communiqu\u00e9 publi\u00e9 la semaine derni\u00e8re par les services du Conseil europ\u00e9en. \u00ab\u00a0Nous voulons un dialogue, un engagement r\u00e9el et des progr\u00e8s concrets. Nous visons une relation \u00e9quitable et \u00e9quilibr\u00e9e qui profite aux deux parties\u00a0\u00bb, a-t-il r\u00e9affirm\u00e9 avant ce sommet.<\/p>\n<p>Victor GAUTIER avec AFP<\/p>\n","protected":false},"excerpt":{"rendered":"Un sommet entre la Chine et les dirigeants de l\u2019UE a lieu ce jeudi \u00e0 P\u00e9kin. Mais les&hellip;\n","protected":false},"author":2,"featured_media":269765,"comment_status":"","ping_status":"","sticky":false,"template":"","format":"standard","meta":{"footnotes":""},"categories":[1586],"tags":[1111,11,1921,309,1777,674,1779,1011,27,1922,12,25,1778,220,364,133,1920],"class_list":{"0":"post-269764","1":"post","2":"type-post","3":"status-publish","4":"format-standard","5":"has-post-thumbnail","7":"category-europe","8":"tag-actu","9":"tag-actualites","10":"tag-article-video","11":"tag-chine","12":"tag-eu","13":"tag-europe","14":"tag-european-union","15":"tag-fr","16":"tag-france","17":"tag-info","18":"tag-news","19":"tag-republique-francaise","20":"tag-ue","21":"tag-ukraine","22":"tag-union-europeenne","23":"tag-video","24":"tag-video-international"},"share_on_mastodon":{"url":"https:\/\/pubeurope.com\/@fr\/114906645361142471","error":""},"_links":{"self":[{"href":"https:\/\/www.europesays.com\/fr\/wp-json\/wp\/v2\/posts\/269764","targetHints":{"allow":["GET"]}}],"collection":[{"href":"https:\/\/www.europesays.com\/fr\/wp-json\/wp\/v2\/posts"}],"about":[{"href":"https:\/\/www.europesays.com\/fr\/wp-json\/wp\/v2\/types\/post"}],"author":[{"embeddable":true,"href":"https:\/\/www.europesays.com\/fr\/wp-json\/wp\/v2\/users\/2"}],"replies":[{"embeddable":true,"href":"https:\/\/www.europesays.com\/fr\/wp-json\/wp\/v2\/comments?post=269764"}],"version-history":[{"count":0,"href":"https:\/\/www.europesays.com\/fr\/wp-json\/wp\/v2\/posts\/269764\/revisions"}],"wp:featuredmedia":[{"embeddable":true,"href":"https:\/\/www.europesays.com\/fr\/wp-json\/wp\/v2\/media\/269765"}],"wp:attachment":[{"href":"https:\/\/www.europesays.com\/fr\/wp-json\/wp\/v2\/media?parent=269764"}],"wp:term":[{"taxonomy":"category","embeddable":true,"href":"https:\/\/www.europesays.com\/fr\/wp-json\/wp\/v2\/categories?post=269764"},{"taxonomy":"post_tag","embeddable":true,"href":"https:\/\/www.europesays.com\/fr\/wp-json\/wp\/v2\/tags?post=269764"}],"curies":[{"name":"wp","href":"https:\/\/api.w.org\/{rel}","templated":true}]}}