{"id":269774,"date":"2025-07-24T05:56:11","date_gmt":"2025-07-24T05:56:11","guid":{"rendered":"https:\/\/www.europesays.com\/fr\/269774\/"},"modified":"2025-07-24T05:56:11","modified_gmt":"2025-07-24T05:56:11","slug":"pospisil-pour-une-derniere-gigante-invite-grace-a-un-accord-avec-la-federation-italienne","status":"publish","type":"post","link":"https:\/\/www.europesays.com\/fr\/269774\/","title":{"rendered":"Pospisil pour une derni\u00e8re, Gigante invit\u00e9 gr\u00e2ce \u00e0 un accord avec la F\u00e9d\u00e9ration italienne"},"content":{"rendered":"<p>                <img decoding=\"async\" src=\"https:\/\/www.europesays.com\/fr\/wp-content\/uploads\/2025\/07\/dgUC.jpg\" alt=\"Wild cards du Masters 1000 de Toronto : Pospisil pour une derni\u00e8re, Gigante invit\u00e9 gr\u00e2ce \u00e0 un accord avec la F\u00e9d\u00e9ration italienne\"\/><\/p>\n<p><strong>Le Masters 1000 de Toronto d\u00e9butera dimanche et se terminera le 7 ao\u00fbt prochain.<\/strong><\/p>\n<p>A quelques jours du d\u00e9but des hostilit\u00e9s, le tournoi a d\u00e9voil\u00e9 les wild cards du tableau principal. Sans surprise, quatre Canadiens b\u00e9n\u00e9ficieront de ce pr\u00e9cieux s\u00e9same.<\/p>\n<p>Le premier \u00e9tant Vasek Pospisil, 35 ans, qui mettra un terme \u00e0 sa carri\u00e8re \u00e0 l\u2019issue du tournoi. 25e mondial en simple en 2014, il fera donc ses adieux devant son public. Liam Draxl (115e), Alexis Galarneau (198e) et Nicolas Arseneault (636e) sont les trois autres joueurs locaux \u00e0 obtenir une invitation.<\/p>\n<p>La derni\u00e8re revient en effet \u00e0 Matteo Gigante, 127e mondial. L\u2019Italien, tombeur de Stefanos Tsitsipas \u00e0 Roland-Garros, a b\u00e9n\u00e9fici\u00e9 d\u2019un accord entre les f\u00e9d\u00e9rations canadienne et italienne de tennis. L\u2019ann\u00e9e prochaine, lors du WTA 1000 de Rome, une joueuse canadienne obtiendra une wild card pour le tableau principal.<\/p>\n","protected":false},"excerpt":{"rendered":"Le Masters 1000 de Toronto d\u00e9butera dimanche et se terminera le 7 ao\u00fbt prochain. A quelques jours du&hellip;\n","protected":false},"author":2,"featured_media":269775,"comment_status":"","ping_status":"","sticky":false,"template":"","format":"standard","meta":{"footnotes":""},"categories":[1415],"tags":[1011,27,60,1467],"class_list":{"0":"post-269774","1":"post","2":"type-post","3":"status-publish","4":"format-standard","5":"has-post-thumbnail","7":"category-tennis","8":"tag-fr","9":"tag-france","10":"tag-sports","11":"tag-tennis"},"share_on_mastodon":{"url":"https:\/\/pubeurope.com\/@fr\/114906672857006946","error":""},"_links":{"self":[{"href":"https:\/\/www.europesays.com\/fr\/wp-json\/wp\/v2\/posts\/269774","targetHints":{"allow":["GET"]}}],"collection":[{"href":"https:\/\/www.europesays.com\/fr\/wp-json\/wp\/v2\/posts"}],"about":[{"href":"https:\/\/www.europesays.com\/fr\/wp-json\/wp\/v2\/types\/post"}],"author":[{"embeddable":true,"href":"https:\/\/www.europesays.com\/fr\/wp-json\/wp\/v2\/users\/2"}],"replies":[{"embeddable":true,"href":"https:\/\/www.europesays.com\/fr\/wp-json\/wp\/v2\/comments?post=269774"}],"version-history":[{"count":0,"href":"https:\/\/www.europesays.com\/fr\/wp-json\/wp\/v2\/posts\/269774\/revisions"}],"wp:featuredmedia":[{"embeddable":true,"href":"https:\/\/www.europesays.com\/fr\/wp-json\/wp\/v2\/media\/269775"}],"wp:attachment":[{"href":"https:\/\/www.europesays.com\/fr\/wp-json\/wp\/v2\/media?parent=269774"}],"wp:term":[{"taxonomy":"category","embeddable":true,"href":"https:\/\/www.europesays.com\/fr\/wp-json\/wp\/v2\/categories?post=269774"},{"taxonomy":"post_tag","embeddable":true,"href":"https:\/\/www.europesays.com\/fr\/wp-json\/wp\/v2\/tags?post=269774"}],"curies":[{"name":"wp","href":"https:\/\/api.w.org\/{rel}","templated":true}]}}