{"id":269776,"date":"2025-07-24T05:58:09","date_gmt":"2025-07-24T05:58:09","guid":{"rendered":"https:\/\/www.europesays.com\/fr\/269776\/"},"modified":"2025-07-24T05:58:09","modified_gmt":"2025-07-24T05:58:09","slug":"motogp-ce-pilote-honda-admiratif-du-coup-de-guidon-de-zarco-lencense-et-veut-limiter","status":"publish","type":"post","link":"https:\/\/www.europesays.com\/fr\/269776\/","title":{"rendered":"MotoGP Ce pilote Honda, admiratif du coup de guidon de Zarco, l&rsquo;encense et veut l&rsquo;imiter !"},"content":{"rendered":"<p>C\u2019est une pens\u00e9e partag\u00e9e par nombre d\u2019observateurs, en MotoGP. La Honda n\u2019est pas aussi bonne que ce que les r\u00e9sultats de Johann Zarco peuvent laisser croire. D\u2019ailleurs, Aleix Espargaro avait d\u00e9j\u00e0 sous-entendu une telle chose, se d\u00e9clarant surpris et impressionn\u00e9 par ce qu\u2019arrivait \u00e0 faire le tricolore, avec une moto aussi perfectible.<\/p>\n<p>MotoGP : La Honda n\u2019aurait pas progress\u00e9 tant que cela\u2026<\/p>\n<p>Cette-fois, c\u2019est l\u2019un des titulaires de l\u2019\u00e9quipe officielle (HRC), visiblement de moins mauvaise foi que son co\u00e9quipier, Joan Mir -qui affirmait r\u00e9cemment \u00eatre \u201cjuste\u201d moins chanceux que Zarco, qui admet la sup\u00e9riorit\u00e9 de JZ5. Stup\u00e9fait par les prestations de Johann Zarco, l\u2019Italien confirme clairement cette pens\u00e9e g\u00e9n\u00e9rale, affirmant que la Honda n\u2019\u00e9tait pas au niveau. Pire, selon lui, la situation n\u2019a pas r\u00e9ellement chang\u00e9, au fil des mois.<\/p>\n<p>\u201cLe potentiel de notre moto est toujours le m\u00eame. Parfois, Zarco arrive \u00e0 extraire un potentiel incroyable, mais \u00e0 mon avis \u00e7a n\u2019est pas la r\u00e9alit\u00e9. Il fait quelque chose de vraiment bien, il est tout le temps tr\u00e8s en confiance avec les pneus, il a quelque chose de plus, et il pilote tr\u00e8s bien. Mais je pense qu\u2019on ne peut pas se permettre ce genre de performance pendant toute la course.\u201d, d\u00e9clarait Luca Marini voil\u00e0 quelques jours et en amont du Grand-Prix de R\u00e9publique Tch\u00e8que.<\/p>\n<p>Mais le transalpin sait qu\u2019il n\u2019y aura pas de miracle et que sa Honda ne progressera pas subitement. D\u00e8s lors, il comprend qu\u2019il va devoir \u00e9lever son propre niveau, s\u2019adapter \u00e0 ce dont il dispose et donc, imiter le pilote Fran\u00e7ais. Un d\u00e9fi qu\u2019il est pr\u00eat \u00e0 relever, de toute \u00e9vidence. \u201cJe veux faire les m\u00eames choses que Zarco parce qu\u2019il pilote tr\u00e8s bien en ce moment, il est en grande forme. Surtout maintenant que je suis revenu ! Quand j\u2019\u00e9tais chez moi, dans mon canap\u00e9, il n\u2019\u00e9tait pas en grande forme \u2013 maintenant il est fantastique !\u201d, conclut le demi-fr\u00e8re de Valentino Rossi.<\/p>\n<blockquote class=\"instagram-media\" style=\"background: #FFF; border: 0; border-radius: 3px; box-shadow: 0 0 1px 0 rgba(0,0,0,0.5),0 1px 10px 0 rgba(0,0,0,0.15); margin: 1px; max-width: 540px; min-width: 326px; padding: 0; width: calc(100% - 2px);\" data-instgrm-captioned=\"\" data-instgrm-permalink=\"https:\/\/www.instagram.com\/p\/DMVup23oGox\/?utm_source=ig_embed&amp;utm_campaign=loading\" data-instgrm-version=\"14\">\n<\/blockquote>\n<p>Article publi\u00e9 le 24\/07\/2025 \u00e0 6h00<\/p>\n<p>                                                            <script async src=\"\/\/www.instagram.com\/embed.js\"><\/script><\/p>\n","protected":false},"excerpt":{"rendered":"C\u2019est une pens\u00e9e partag\u00e9e par nombre d\u2019observateurs, en MotoGP. La Honda n\u2019est pas aussi bonne que ce que&hellip;\n","protected":false},"author":2,"featured_media":269777,"comment_status":"","ping_status":"","sticky":false,"template":"","format":"standard","meta":{"footnotes":""},"categories":[1413],"tags":[1011,27,1741,15966,1457,1456,1458,60],"class_list":{"0":"post-269776","1":"post","2":"type-post","3":"status-publish","4":"format-standard","5":"has-post-thumbnail","7":"category-moto","8":"tag-fr","9":"tag-france","10":"tag-johann-zarco","11":"tag-luca-marini","12":"tag-moto","13":"tag-motocycle","14":"tag-motogp","15":"tag-sports"},"share_on_mastodon":{"url":"https:\/\/pubeurope.com\/@fr\/114906680721687690","error":""},"_links":{"self":[{"href":"https:\/\/www.europesays.com\/fr\/wp-json\/wp\/v2\/posts\/269776","targetHints":{"allow":["GET"]}}],"collection":[{"href":"https:\/\/www.europesays.com\/fr\/wp-json\/wp\/v2\/posts"}],"about":[{"href":"https:\/\/www.europesays.com\/fr\/wp-json\/wp\/v2\/types\/post"}],"author":[{"embeddable":true,"href":"https:\/\/www.europesays.com\/fr\/wp-json\/wp\/v2\/users\/2"}],"replies":[{"embeddable":true,"href":"https:\/\/www.europesays.com\/fr\/wp-json\/wp\/v2\/comments?post=269776"}],"version-history":[{"count":0,"href":"https:\/\/www.europesays.com\/fr\/wp-json\/wp\/v2\/posts\/269776\/revisions"}],"wp:featuredmedia":[{"embeddable":true,"href":"https:\/\/www.europesays.com\/fr\/wp-json\/wp\/v2\/media\/269777"}],"wp:attachment":[{"href":"https:\/\/www.europesays.com\/fr\/wp-json\/wp\/v2\/media?parent=269776"}],"wp:term":[{"taxonomy":"category","embeddable":true,"href":"https:\/\/www.europesays.com\/fr\/wp-json\/wp\/v2\/categories?post=269776"},{"taxonomy":"post_tag","embeddable":true,"href":"https:\/\/www.europesays.com\/fr\/wp-json\/wp\/v2\/tags?post=269776"}],"curies":[{"name":"wp","href":"https:\/\/api.w.org\/{rel}","templated":true}]}}