{"id":269788,"date":"2025-07-24T06:04:09","date_gmt":"2025-07-24T06:04:09","guid":{"rendered":"https:\/\/www.europesays.com\/fr\/269788\/"},"modified":"2025-07-24T06:04:09","modified_gmt":"2025-07-24T06:04:09","slug":"francois-calvia-en-dedicace-pour-son-roman-le-dernier-des-serra","status":"publish","type":"post","link":"https:\/\/www.europesays.com\/fr\/269788\/","title":{"rendered":"Fran\u00e7ois Calvia en d\u00e9dicace pour son roman \u00ab Le dernier des Serra \u00bb"},"content":{"rendered":"<p data-end=\"1062\" data-start=\"416\"><strong data-end=\"450\" data-start=\"416\">Qui est donc Fran\u00e7ois Calvia ?<\/strong><br data-end=\"453\" data-start=\"450\" \/>  Je suis n\u00e9 dans une famille fortement ancr\u00e9e entre Ajaccio et le Cap Corse. Mon grand-p\u00e8re, Fran\u00e7ois Calvia, \u00e9tait architecte-ing\u00e9nieur \u00e0 Ajaccio. Ma grand-m\u00e8re, Rosalie Ortoli dell\u2019a Rocca, \u00e9tait directrice d\u2019\u00e9cole \u00e0 Sainte-Lucie de Tallano. Elle descend de Roch Fran\u00e7ois Ortoli, un homme illustre, secr\u00e9taire du cardinal Fesch et proche de Napol\u00e9on, qu\u2019il a accompagn\u00e9 \u00e0 l\u2019\u00eele d\u2019Elbe. J\u2019ai d\u2019ailleurs remis en mars 2014 au mus\u00e9e de la maison Bonaparte le discours qu\u2019il y pronon\u00e7a, ainsi que d\u2019autres documents historiques. Ses m\u00e9moires, quant \u00e0 elles, ont \u00e9t\u00e9 confi\u00e9es aux archives d\u00e9partementales en 2012. <br \/>Mon p\u00e8re \u00e9tait un chirurgien bien connu \u00e0 Ajaccio. Il a \u00e9pous\u00e9 ma m\u00e8re, H\u00e9l\u00e8ne Boulanger, une Parisienne qui dirigeait le service social de la m\u00e9decine du travail. J\u2019ai fait mes \u00e9tudes au lyc\u00e9e Fesch, obtenu mon bac \u00e0 Ajaccio, puis poursuivi \u00e0 l\u2019universit\u00e9 Sorbonne Paris Nord. Ma carri\u00e8re a d\u2019abord \u00e9t\u00e9 administrative : attach\u00e9 de presse \u00e0 la mairie de Valence, \u00e0 la pr\u00e9fecture de Corse dans les ann\u00e9es 70-80, puis au minist\u00e8re de l\u2019Int\u00e9rieur. J\u2019ai ensuite chang\u00e9 de voie : antiquaire-d\u00e9corateur dans le sud de la France, puis promoteur immobilier aux Antilles. <\/p>\n<p data-end=\"2166\" data-start=\"1628\"><strong data-end=\"1679\" data-start=\"1628\">Comment est n\u00e9e votre passion pour l\u2019\u00e9criture ?<\/strong><br data-end=\"1682\" data-start=\"1679\" \/>  C\u2019est \u00e0 ma grand-m\u00e8re que je la dois. Elle m\u2019imposait enfant des dict\u00e9es et des dissertations. Plus tard, mes fonctions d\u2019attach\u00e9 de presse m\u2019ont conduit \u00e0 beaucoup \u00e9crire. Mais j\u2019ai attendu de me lib\u00e9rer de mes obligations professionnelles pour me lancer pleinement. Mon premier roman, Co\u00efncidence, est paru en 2022. Il a re\u00e7u le \u00ab Prix parisien du roman gay \u00bb dans la cat\u00e9gorie \u00ab friendly gay \u00bb. J\u2019ai \u00e9galement publi\u00e9 un essai intitul\u00e9 Tu prends perp\u00e8te quand tu fais un enfant. <\/p>\n<p data-end=\"2474\" data-start=\"2168\"><strong data-end=\"2241\" data-start=\"2168\">Votre nouveau roman, Le dernier des Serra, aborde des th\u00e8mes forts.<\/strong><br data-end=\"2244\" data-start=\"2241\" \/>  Oui, j\u2019y traite de sujets actuels et douloureux : abandon, inceste, maltraitance dans les familles d\u2019accueil, consanguinit\u00e9, homosexualit\u00e9\u2026 Le r\u00e9cit se d\u00e9roule en grande partie dans le Cap Corse, un territoire que je connais bien. <\/p>\n<p data-end=\"2940\" data-start=\"2476\"><strong data-end=\"2515\" data-start=\"2476\">Il s\u2019inspire d\u2019une histoire vraie ?<\/strong><br data-end=\"2518\" data-start=\"2515\" \/>  L\u2019histoire m\u2019a \u00e9t\u00e9 confi\u00e9e en 2021, lors d\u2019un d\u00eener \u00e0 Paris. Un trentenaire, ancien mannequin, lecteur de mon premier roman, m\u2019a racont\u00e9 sa vie. Avec son accord, j\u2019ai transpos\u00e9 le r\u00e9cit en Corse pour des raisons de confidentialit\u00e9. Le roman suit Adrien, un jeune homme victime d\u2019inceste, en qu\u00eate de v\u00e9rit\u00e9 sur ses origines. Il d\u00e9couvre peu \u00e0 peu son histoire, entre mensonges, secrets de famille et v\u00e9rit\u00e9s fragmentaires. <\/p>\n<p data-end=\"3347\" data-start=\"2942\"><strong data-end=\"2984\" data-start=\"2942\">L\u2019intrigue est donc aussi historique ?<\/strong><br data-end=\"2987\" data-start=\"2984\" \/>  Oui, j\u2019aime m\u00ealer pass\u00e9 et pr\u00e9sent. On remonte le fil de la famille Serra \u00e0 Rogliano : l\u2019exploitation de la vigne, l\u2019arriv\u00e9e de l\u2019imp\u00e9ratrice Eug\u00e9nie, les mineurs corses \u00e9migr\u00e9s en Am\u00e9rique latine, les \u00ab palazzi \u00bb du Cap\u2026 Le roman est ponctu\u00e9 de digressions sociologiques et historiques. Adrien incarne cette volont\u00e9 de briser le silence et de se reconstruire. <\/p>\n<p data-end=\"3710\" data-start=\"3349\"><strong data-end=\"3412\" data-start=\"3349\">Pourquoi avoir choisi la narration \u00e0 la premi\u00e8re personne ?<\/strong><br data-end=\"3415\" data-start=\"3412\" \/>  C\u2019est une forme qui me permet de rester au plus pr\u00e8s de l\u2019\u00e9motion brute. L\u2019\u00e9criture est directe, sans fioriture, parfois dure. Je voulais traduire l\u2019intensit\u00e9 des sentiments sans chercher \u00e0 enjoliver la r\u00e9alit\u00e9. Les dialogues sont \u00e9pur\u00e9s mais percutants, pour conserver cette tension int\u00e9rieure. <\/p>\n<p data-end=\"4070\" data-start=\"3712\"><strong data-end=\"3744\" data-start=\"3712\">Avez-vous d\u2019autres projets ?<\/strong><br data-end=\"3747\" data-start=\"3744\" \/>  Enfant, je r\u00eavais de deux choses : \u00e9crire et jouer du piano. Apr\u00e8s deux romans, j\u2019ai d\u00e9cid\u00e9 de faire une pause litt\u00e9raire en 2025 pour me consacrer \u00e0 la musique. Je prends des cours de piano. Je reprendrai l\u2019\u00e9criture en 2026, avec sans doute un nouveau roman, mais aussi le d\u00e9sir de faire vivre ces deux passions \u00e0 \u00e9galit\u00e9. <\/p>\n","protected":false},"excerpt":{"rendered":"Qui est donc Fran\u00e7ois Calvia ? Je suis n\u00e9 dans une famille fortement ancr\u00e9e entre Ajaccio et le&hellip;\n","protected":false},"author":2,"featured_media":269789,"comment_status":"","ping_status":"","sticky":false,"template":"","format":"standard","meta":{"footnotes":""},"categories":[1357],"tags":[5622,40903,5621,6777,1379,11049,2517,11050,11051,11052,58,59,118,1011,27,14914,1380,2487],"class_list":{"0":"post-269788","1":"post","2":"type-post","3":"status-publish","4":"format-standard","5":"has-post-thumbnail","7":"category-livres","8":"tag-ajaccio","9":"tag-ajaccio-francois-calvia-en-dedicace-pour-son-roman-coup-de-poing-le-dernier-des-serra","10":"tag-bastia","11":"tag-bonjour","12":"tag-books","13":"tag-cni","14":"tag-corse","15":"tag-corse-net-infos","16":"tag-corsenetinfos","17":"tag-corsica","18":"tag-divertissement","19":"tag-entertainment","20":"tag-faits-divers","21":"tag-fr","22":"tag-france","23":"tag-lingua-corsa","24":"tag-livres","25":"tag-meteo"},"share_on_mastodon":{"url":"https:\/\/pubeurope.com\/@fr\/114906704356208678","error":""},"_links":{"self":[{"href":"https:\/\/www.europesays.com\/fr\/wp-json\/wp\/v2\/posts\/269788","targetHints":{"allow":["GET"]}}],"collection":[{"href":"https:\/\/www.europesays.com\/fr\/wp-json\/wp\/v2\/posts"}],"about":[{"href":"https:\/\/www.europesays.com\/fr\/wp-json\/wp\/v2\/types\/post"}],"author":[{"embeddable":true,"href":"https:\/\/www.europesays.com\/fr\/wp-json\/wp\/v2\/users\/2"}],"replies":[{"embeddable":true,"href":"https:\/\/www.europesays.com\/fr\/wp-json\/wp\/v2\/comments?post=269788"}],"version-history":[{"count":0,"href":"https:\/\/www.europesays.com\/fr\/wp-json\/wp\/v2\/posts\/269788\/revisions"}],"wp:featuredmedia":[{"embeddable":true,"href":"https:\/\/www.europesays.com\/fr\/wp-json\/wp\/v2\/media\/269789"}],"wp:attachment":[{"href":"https:\/\/www.europesays.com\/fr\/wp-json\/wp\/v2\/media?parent=269788"}],"wp:term":[{"taxonomy":"category","embeddable":true,"href":"https:\/\/www.europesays.com\/fr\/wp-json\/wp\/v2\/categories?post=269788"},{"taxonomy":"post_tag","embeddable":true,"href":"https:\/\/www.europesays.com\/fr\/wp-json\/wp\/v2\/tags?post=269788"}],"curies":[{"name":"wp","href":"https:\/\/api.w.org\/{rel}","templated":true}]}}