{"id":269806,"date":"2025-07-24T06:13:10","date_gmt":"2025-07-24T06:13:10","guid":{"rendered":"https:\/\/www.europesays.com\/fr\/269806\/"},"modified":"2025-07-24T06:13:10","modified_gmt":"2025-07-24T06:13:10","slug":"affrontements-a-la-frontiere-phnom-penh-accuse-bangkok-dagression-militaire","status":"publish","type":"post","link":"https:\/\/www.europesays.com\/fr\/269806\/","title":{"rendered":"affrontements \u00e0 la fronti\u00e8re, Phnom Penh accuse Bangkok \u00abd\u2019agression militaire\u00bb"},"content":{"rendered":"<p><strong>LE POINT SUR LA SITUATION &#8211; <\/strong>Des affrontements ont lieu ce jeudi entre les deux pays d\u2019Asie du Sud-Est, qui s\u2019opposent de longue date sur le trac\u00e9 de leur fronti\u00e8re commune.<\/p>\n<p class=\"fig-paragraph\">De nouveaux affrontements entre le Cambodge et la Tha\u00eflande \u00e0 leur fronti\u00e8re disput\u00e9e ont fait au moins deux bless\u00e9s civils et un mort jeudi c\u00f4t\u00e9 tha\u00eflandais, selon Bangkok, ce qui constitue l\u2019escalade militaire\u00a0<a href=\"http:\/\/www.lefigaro.fr\/voyages\/des-touristes-bloques-a-la-frontiere-entre-la-thailande-et-le-cambodge-20250624\" target=\"_blank\" data-fig-type=\"NewsFlash\" rel=\"noopener\" data-gtm-custom-categorie=\"navigation\" data-gtm-custom-action=\"crossclick\" data-gtm-custom-label=\"Contextuel\" data-gtm-event=\"customEventSPE\" data-fig-domain=\"LEFIGARO\">la plus grave en pr\u00e8s de 15 ans entre les deux pays.\u00a0<\/a>Le Figaro fait le point sur la situation<\/p>\n<p>Les deux pays s\u2019accusent d\u2019avoir ouvert le feu en premier<\/p>\n<p class=\"fig-paragraph\">Des \u00e9changes de tirs ont \u00e9clat\u00e9 jeudi matin autour de deux vieux temples datant de\u00a0<a href=\"http:\/\/www.lefigaro.fr\/arts-expositions\/au-musee-guimet-les-bronzes-royaux-d-angkor-brillent-de-mille-feux-20250528\" target=\"_blank\" data-fig-type=\"Article\" rel=\"noopener\" data-gtm-custom-categorie=\"navigation\" data-gtm-custom-action=\"crossclick\" data-gtm-custom-label=\"Contextuel\" data-gtm-event=\"customEventSPE\" data-fig-domain=\"LEFIGARO\">l\u2019\u00e9poque d\u2019Angkor<\/a>\u00a0(IX\u00e8me-XV\u00e8me si\u00e8cles), au niveau de la province tha\u00eflandaise de Surin et celle cambodgienne d\u2019Oddar Meanchey, a indiqu\u00e9 \u00e0 l\u2019AFP une source gouvernementale cambodgienne.<\/p>\n<p>                                    <a class=\"fig-a11y-skip a11y-hidden\" href=\"#fig-a11y-skip-main-inarticle\"><br \/>\n        Passer la publicit\u00e9<br \/>\n    <\/a><\/p>\n<p class=\"fig-paragraph\">Les deux arm\u00e9es se sont mutuellement accus\u00e9es d\u2019avoir ouvert le feu en premier. \u00abVers 8h20 locales, les forces cambodgiennes ont ouvert vers le feu en direction du flanc est du temple Prasat Ta Muen Thom, \u00e0 environ 200 m\u00e8tres de la base tha\u00eflandaise\u00bb, a annonc\u00e9 l\u2019arm\u00e9e tha\u00eflandaise dans un communiqu\u00e9.<\/p>\n<p class=\"fig-paragraph\">\u00abL\u2019arm\u00e9e tha\u00eflandaise a viol\u00e9 l\u2019int\u00e9grit\u00e9 territoriale du Cambodge en lan\u00e7ant une attaque arm\u00e9e sur les forces cambodgiennes\u00bb, a indiqu\u00e9 de son c\u00f4t\u00e9 Maly Socheata, la porte-parole du minist\u00e8re cambodgien de la D\u00e9fense. \u00abLes forces arm\u00e9es cambodgiennes ont exerc\u00e9 leur droit de l\u00e9gitime d\u00e9fense, en pleine conformit\u00e9 avec le droit international, pour repousser l\u2019incursion tha\u00eflandaise\u00bb, a-t-elle poursuivi, d\u00e9non\u00e7ant une \u00abagression militaire imprudente et brutale\u00bb.<\/p>\n<p>Au moins deux bless\u00e9s et un mort<\/p>\n<p class=\"fig-paragraph\">Des avions de combat F-16 de l\u2019arm\u00e9e tha\u00eflandaise ont frapp\u00e9 deux \u00abcibles militaires\u00bb cambodgiennes, quelques heures apr\u00e8s un \u00e9change de tirs dans une zone contest\u00e9e de la fronti\u00e8re qui a raviv\u00e9 les tensions, a indiqu\u00e9 l\u2019arm\u00e9e tha\u00eflandaise.<\/p>\n<p class=\"fig-paragraph\">Le Bureau du Premier ministre tha\u00eflandais a \u00e9galement annonc\u00e9 la mort d\u2019un civil tha\u00eflandais dans une frappe d\u2019artillerie cambodgienne, dans la province frontali\u00e8re de Surin (nord-est).<\/p>\n<p class=\"fig-paragraph\">\u00abUn obus d\u2019artillerie cambodgien a frapp\u00e9 la maison d\u2019un civil tha\u00eflandais, tuant une personne, blessant gri\u00e8vement un enfant de cinq ans et faisant deux autres bless\u00e9s\u00bb, a indiqu\u00e9 la m\u00eame source dans un communiqu\u00e9.<\/p>\n<p>                                    <a class=\"fig-a11y-skip a11y-hidden\" href=\"#fig-a11y-skip-main-inarticle_mtf\"><br \/>\n        Passer la publicit\u00e9<br \/>\n    <\/a><\/p>\n<p>Bangkok appelle ses ressortissants au Cambodge \u00e0 quitter le pays<\/p>\n<p class=\"fig-paragraph\">En outre, l\u2019ambassade tha\u00eflandaise au Cambodge a appel\u00e9 ses concitoyens \u00e0 quitter le pays \u00able plus t\u00f4t possible.\u00bb<\/p>\n<p class=\"fig-paragraph\">Sur son site internet, l\u2019ambassade des \u00c9tats-Unis en Tha\u00eflande indique de son c\u00f4t\u00e9 que les citoyens am\u00e9ricains se situant actuellement \u00e0 proximit\u00e9 de la fronti\u00e8re \u00abdevraient suivre les instructions des services de s\u00e9curit\u00e9 tha\u00eflandais\u00bb.<\/p>\n<p>Les relations diplomatiques au \u00abplus bas niveau\u00bb<\/p>\n<p class=\"fig-paragraph\">Les deux royaumes d\u2019Asie du Sud-Est s\u2019opposent de longue date sur le trac\u00e9 de leur fronti\u00e8re commune,\u00a0<a href=\"http:\/\/www.lefigaro.fr\/vox\/monde\/conflit-cambodge-thailande-la-france-doit-defendre-la-carte-issue-du-traite-de-1907-20250715\" target=\"_blank\" data-fig-type=\"Article\" rel=\"noopener\" data-gtm-custom-categorie=\"navigation\" data-gtm-custom-action=\"crossclick\" data-gtm-custom-label=\"Contextuel\" data-gtm-event=\"customEventSPE\" data-fig-domain=\"LEFIGARO\">d\u00e9finie du temps de l\u2019Indochine fran\u00e7aise<\/a>, mais la crise en cours est la plus grave depuis pr\u00e8s de quinze ans.<\/p>\n<p class=\"fig-paragraph\">La mort d\u2019un soldat cambodgien lors d\u2019\u00e9changes de tirs en pleine nuit, fin mai, dans une autre zone disput\u00e9e de la fronti\u00e8re, surnomm\u00e9e le \u00abTriangle d\u2019\u00e9meraude\u00bb, a mis le feu aux poudres entre Bangkok et Phnom Penh, qui ont drastiquement r\u00e9duit leurs \u00e9changes \u00e9conomiques et diplomatiques.<\/p>\n<p class=\"fig-paragraph\">Le Cambodge a indiqu\u00e9 jeudi avoir r\u00e9trograd\u00e9 au \u00abplus bas niveau\u00bb les relations diplomatiques avec son voisin. La veille, Bangkok a rappel\u00e9 son ambassadeur en place \u00e0 Phnom Penh et expuls\u00e9 celui cambodgien de son territoire, apr\u00e8s qu\u2019un soldat tha\u00eflandais a perdu une jambe en marchant sur une mine \u00e0 la fronti\u00e8re.<\/p>\n<p>                                    <a class=\"fig-a11y-skip a11y-hidden\" href=\"#fig-a11y-skip-main-inarticle_btf\"><br \/>\n        Passer la publicit\u00e9<br \/>\n    <\/a><\/p>\n<p class=\"fig-paragraph\">Une enqu\u00eate de l\u2019arm\u00e9e tha\u00eflandaise a permis de d\u00e9terminer que le Cambodge avait pos\u00e9 de nouvelles mines terrestres \u00e0 la fronti\u00e8re, ont indiqu\u00e9 les autorit\u00e9s tha\u00eflandaises. Le Cambodge a rejet\u00e9 ces accusations, et indiqu\u00e9 que des zones frontali\u00e8res restent infest\u00e9es de mines actives datant de \u00abguerres du pass\u00e9\u00bb.<\/p>\n","protected":false},"excerpt":{"rendered":"LE POINT SUR LA SITUATION &#8211; Des affrontements ont lieu ce jeudi entre les deux pays d\u2019Asie du&hellip;\n","protected":false},"author":2,"featured_media":269807,"comment_status":"","ping_status":"","sticky":false,"template":"","format":"standard","meta":{"footnotes":""},"categories":[5],"tags":[11,9265,1011,27,14,12,1684,28],"class_list":{"0":"post-269806","1":"post","2":"type-post","3":"status-publish","4":"format-standard","5":"has-post-thumbnail","7":"category-international","8":"tag-actualites","9":"tag-cambodge","10":"tag-fr","11":"tag-france","12":"tag-international","13":"tag-news","14":"tag-thailande","15":"tag-world"},"share_on_mastodon":{"url":"https:\/\/pubeurope.com\/@fr\/114906739942199966","error":""},"_links":{"self":[{"href":"https:\/\/www.europesays.com\/fr\/wp-json\/wp\/v2\/posts\/269806","targetHints":{"allow":["GET"]}}],"collection":[{"href":"https:\/\/www.europesays.com\/fr\/wp-json\/wp\/v2\/posts"}],"about":[{"href":"https:\/\/www.europesays.com\/fr\/wp-json\/wp\/v2\/types\/post"}],"author":[{"embeddable":true,"href":"https:\/\/www.europesays.com\/fr\/wp-json\/wp\/v2\/users\/2"}],"replies":[{"embeddable":true,"href":"https:\/\/www.europesays.com\/fr\/wp-json\/wp\/v2\/comments?post=269806"}],"version-history":[{"count":0,"href":"https:\/\/www.europesays.com\/fr\/wp-json\/wp\/v2\/posts\/269806\/revisions"}],"wp:featuredmedia":[{"embeddable":true,"href":"https:\/\/www.europesays.com\/fr\/wp-json\/wp\/v2\/media\/269807"}],"wp:attachment":[{"href":"https:\/\/www.europesays.com\/fr\/wp-json\/wp\/v2\/media?parent=269806"}],"wp:term":[{"taxonomy":"category","embeddable":true,"href":"https:\/\/www.europesays.com\/fr\/wp-json\/wp\/v2\/categories?post=269806"},{"taxonomy":"post_tag","embeddable":true,"href":"https:\/\/www.europesays.com\/fr\/wp-json\/wp\/v2\/tags?post=269806"}],"curies":[{"name":"wp","href":"https:\/\/api.w.org\/{rel}","templated":true}]}}