{"id":269808,"date":"2025-07-24T06:14:11","date_gmt":"2025-07-24T06:14:11","guid":{"rendered":"https:\/\/www.europesays.com\/fr\/269808\/"},"modified":"2025-07-24T06:14:11","modified_gmt":"2025-07-24T06:14:11","slug":"lanomalie-cetait-quand-il-faisait-chaud-la-bretagne-et-la-normandie-retrouvent-leur-ete-pourri","status":"publish","type":"post","link":"https:\/\/www.europesays.com\/fr\/269808\/","title":{"rendered":"\u00ab\u00a0L\u2019anomalie, c\u2019\u00e9tait quand il faisait chaud\u00a0\u00bb\u2026 La Bretagne et la Normandie retrouvent leur \u00e9t\u00e9 pourri"},"content":{"rendered":"<p>On en avait presque oubli\u00e9 son bruit quand elle s\u2019\u00e9clate sur la fen\u00eatre. On en avait presque oubli\u00e9 son odeur si particuli\u00e8re quand elle se pose sur un sol chaud. La pluie. Cet ingr\u00e9dient indispensable \u00e0 tout s\u00e9jour en Bretagne ou en Normandie avait quasiment disparu du ciel de l\u2019Ouest fran\u00e7ais. R\u00e9chauff\u00e9e par un d\u00e9but d\u2019\u00e9t\u00e9 br\u00fblant, la France <a href=\"https:\/\/www.20minutes.fr\/planete\/rechauffement-climatique\/4162150-20250705-canicule-vient-terminer-dure-aussi-longtemps-canicule-meurtriere-2003\" class=\"color-ultramarine c-link\" target=\"_blank\" rel=\"noopener\">avait appris \u00e0 transpirer jour et nuit<\/a>. En juin et d\u00e9but juillet, les thermom\u00e8tres de tout notre pays se sont affol\u00e9s offrant <a href=\"https:\/\/www.20minutes.fr\/sante\/4164995-20250723-france-480-morts-exces-pendant-canicule-debut-selon-sante-publique-france\" class=\"color-ultramarine c-link\" target=\"_blank\" rel=\"noopener\">des nuits tropicales et des journ\u00e9es bouillantes<\/a>. M\u00eame en Bretagne. M\u00eame en Normandie.<\/p>\n<p>Mais depuis quelques jours, on ne parle plus de canicule et on enfile son pull. A Carhaix <a href=\"https:\/\/www.20minutes.fr\/arts-stars\/culture\/musique\/4164569-20250721-vieilles-charrues-fin-carriere-pluie-succes-retrouve-festival-breton\" class=\"color-ultramarine c-link\" target=\"_blank\" rel=\"noopener\">pour les Vieilles Charrues<\/a>, \u00e0 Rennes, \u00e0 Caen ou \u00e0 Brest, on a repris l\u2019habitude de prendre un imperm\u00e9able ou un parapluie \u00e0 chaque sortie. Mais est-ce vraiment normal de se cailler \u00e0 ce point \u00e0 la nuit tomb\u00e9e\u00a0? Eh bien oui. \u00ab\u00a0L\u2019anomalie, c\u2019\u00e9tait avant. L\u2019anomalie, c\u2019\u00e9tait quand il faisait chaud\u00a0\u00bb, assure Gr\u00e9goire V\u00e9deau.<\/p>\n<\/p>\n<p>Le m\u00e9t\u00e9orologue de M\u00e9t\u00e9o Bretagne l\u2019assure\u00a0: \u00ab\u00a0La situation anormale, c\u2019\u00e9tait quand nous avions des temp\u00e9ratures \u00e0 plus de 35 degr\u00e9s. En ce moment, les conditions sont proches des normales saisonni\u00e8res.\u00a0\u00bb Pour le v\u00e9rifier, prenons des chiffres. Le 12 juillet, la temp\u00e9rature maximale \u00e9tait de 34 degr\u00e9s \u00e0 Rennes. Sur l\u2019ensemble de la journ\u00e9e, cela repr\u00e9sente un \u00e9cart de +\u00a06,5 degr\u00e9s par rapport \u00e0 la moyenne, illustration d\u2019un r\u00e9chauffement climatique de plus en plus perceptible. Dix jours plus tard, l\u2019\u00e9cart est quasi nul, notamment parce que la temp\u00e9rature matinale est \u00e0 18 degr\u00e9s, m\u00eame quand la maximale pointe \u00e0 23 degr\u00e9s.<\/p>\n<p>L\u2019\u00e9t\u00e9 en France\u00a0? \u00ab\u00a0C\u2019est instable\u00a0\u00bb<\/p>\n<p>Notre corps n\u2019a pas eu le temps de s\u2019adapter. \u00ab\u00a0On a moins de soleil et il a beaucoup plu. Mais ce n\u2019est pas anormal. Les \u00e9t\u00e9s <a href=\"https:\/\/www.20minutes.fr\/planete\/rechauffement-climatique\/4128101-20241209-climat-deja-annee-2024-plus-chaude-histoire\" class=\"color-ultramarine c-link\" target=\"_blank\" rel=\"noopener\">sont de plus en plus chauds en France<\/a>. Ils sont aussi plus ensoleill\u00e9s. \u00c7a ne doit pas nous faire oublier qu\u2019un \u00e9t\u00e9 en France, c\u2019est normalement instable et que la chaleur est souvent chass\u00e9e par les orages\u00a0\u00bb, assure le m\u00e9t\u00e9orologue.<\/p>\n<blockquote class=\"twitter-tweet\" align=\"center\" data-lang=\"fr_FR\">\n<p lang=\"fr\" dir=\"ltr\"><a href=\"https:\/\/twitter.com\/hashtag\/bretagne?src=hash&amp;ref_src=twsrc%5Etfw\" target=\"_blank\" rel=\"noopener\">#bretagne<\/a> <a href=\"https:\/\/twitter.com\/hashtag\/meteo?src=hash&amp;ref_src=twsrc%5Etfw\" target=\"_blank\" rel=\"noopener\">#meteo<\/a> <a href=\"https:\/\/twitter.com\/hashtag\/pluie?src=hash&amp;ref_src=twsrc%5Etfw\" target=\"_blank\" rel=\"noopener\">#pluie<\/a> \ud83c\udf26\ufe0f\ud83c\udf27\ufe0f<br \/>Les pluies de la nuit ont parfois \u00e9t\u00e9 importantes, notamment entre le Golfe du Morbihan et le Pays de Ch\u00e2teaubriant. Un d\u00e9calage des pr\u00e9cipitations vers le Sud a \u00e9t\u00e9 observ\u00e9, d\u00fb au positionnement du minimum d\u00e9pressionnaire dont la trajectoire \u00e9tait\u2026 <a href=\"https:\/\/t.co\/ekLwG2pw07\">pic.twitter.com\/ekLwG2pw07<\/a><\/p>\n<p>\u2014 M\u00e9t\u00e9o Bretagne (@MeteoBretagne) <a href=\"https:\/\/twitter.com\/MeteoBretagne\/status\/1947928016648118770?ref_src=twsrc%5Etfw\" target=\"_blank\" rel=\"noopener\">July 23, 2025<\/a><\/p><\/blockquote>\n<p class=\"mb-xxl@xs color-ultramarine font-weight-semi-bold@xs font-source-serif-pro heading-s@xs\">L\u2019acc\u00e8s \u00e0 ce contenu a \u00e9t\u00e9 bloqu\u00e9 afin de respecter votre choix de consentement<\/p>\n<p class=\"mb-m@xs text-l@xs\">En cliquant sur\u00ab J\u2019accepte \u00bb, vous acceptez le d\u00e9p\u00f4t de cookies par des services externes et aurez ainsi acc\u00e8s aux contenus de nos partenaires.<\/p>\n<p class=\"mb-xl@xs text-s@xs\">Plus d\u2019informations sur la page<a href=\"https:\/\/www.20minutes.fr\/gestion-cookies\" class=\"mx-xxs@xs color-ultramarine\" target=\"_blank\" rel=\"noopener\">Politique de gestion des cookies<\/a><\/p>\n<p>J\u2019accepte<\/p>\n<p>Ce qui est peut-\u00eatre plus surprenant, c\u2019est l\u2019alternance entre le 100\u00a0% chaleur br\u00fblante et le 100\u00a0% pluie battante. La faute \u00e0 qui\u00a0? A un conflit entre des masses d\u2019air froid et des masses d\u2019air chaud. \u00ab\u00a0L\u2019anticyclone des A\u00e7ores \u00e9tait tr\u00e8s puissant. Il bloquait les d\u00e9pressions qui venaient du Nord. Mais depuis quelques jours, il est bloqu\u00e9 aux A\u00e7ores et ne parvient plus \u00e0 remonter jusqu\u2019\u00e0 nous.\u00a0\u00bb Ce sont donc des anomalies fra\u00eeches venues du Groenland qui se prom\u00e8nent haut dans notre ciel et nous apportent fra\u00eecheur et pluie. Un ph\u00e9nom\u00e8ne de \u00ab\u00a0goutte froide\u00a0\u00bb dont l\u2019effet va progressivement s\u2019att\u00e9nuer. L\u2019anticyclone s\u2019\u00e9tait un peu refait la cerise, il devrait chasser un peu la pluie et r\u00e9chauffer un peu vos journ\u00e9es (et vos c\u0153urs).<\/p>\n<p>En Bretagne, les caprices de la m\u00e9t\u00e9o n\u2019ont pas eu raison des touristes. Alors oui, il y en a bien quelques-uns qui ont annul\u00e9 leur s\u00e9jour, mais beaucoup sont rest\u00e9s. \u00ab\u00a0Nous sommes plut\u00f4t contents de la fr\u00e9quentation. On a beaucoup d\u2019\u00e9trangers qui sont arriv\u00e9s. Des Belges, des Allemands, des Anglais. On a beaucoup de randonneurs, des familles. Je n\u2019ai vraiment pas l\u2019impression que les gens s\u2019en vont\u00a0\u00bb, assure Laurence H\u00e9bert. La directrice de l\u2019Office de tourisme de la c\u00f4te de granit rose (C\u00f4tes-d\u2019Armor) reconna\u00eet cependant qu\u2019il y a moins de monde \u00e0 la plage, poussant parfois les visiteurs dans les mus\u00e9es ou les activit\u00e9s couvertes. \u00ab\u00a0La m\u00e9t\u00e9o est tellement impr\u00e9visible ici. Les gens sont habitu\u00e9s, ils savent que \u00e7a va passer.\u00a0\u00bb<\/p>\n<p><img decoding=\"async\" alt=\"Du ciel bleu, des nuages. Une journ\u00e9e comme une autre sur la plage du Men Du, dans le Morbihan.\" class=\"c-img\" loading=\"lazy\" fetchpriority=\"auto\" width=\"718\"  src=\"https:\/\/img.20mn.fr\/WCLtrYQHQSmIeiG4ttj2eA\/718x0\" \/>Du ciel bleu, des nuages. Une journ\u00e9e comme une autre sur la plage du Men Du, dans le Morbihan.\u2002-\u00a0C. Allain \/ 20 Minutes<\/p>\n<p>Le constat est le m\u00eame un peu plus au Nord. Alors oui, on vend sans doute moins de glaces \u00e0 Deauville que quand il faisait 30 degr\u00e9s. Mais les touristes sont l\u00e0 et ils semblent d\u00e9cid\u00e9s \u00e0 rester. \u00ab\u00a0On a parfois l\u2019impression que ce n\u2019est pas l\u2019\u00e9t\u00e9. Mais ici, on y est habitu\u00e9s\u00a0\u00bb, assure Aur\u00e9lien. Le moniteur chez Watersports Deauville, qui loue des jet-skis et des petits bateaux reconna\u00eet \u00ab\u00a0une petite baisse de fr\u00e9quentation\u00a0\u00bb, mais ne s\u2019alarme pas. \u00ab\u00a0On a eu quelques annulations \u00e0 cause de l\u2019\u00e9tat de la mer ou \u00e0 cause du vent. Mais comme la m\u00e9t\u00e9o est tr\u00e8s changeante, \u00e7a ne dure pas.\u00a0\u00bb En Bretagne comme en Normandie, il se dit qu\u2019il fait beau plusieurs fois par jour.<\/p>\n<p><script async src=\"https:\/\/platform.twitter.com\/widgets.js\" charset=\"utf-8\"><\/script><\/p>\n","protected":false},"excerpt":{"rendered":"On en avait presque oubli\u00e9 son bruit quand elle s\u2019\u00e9clate sur la fen\u00eatre. On en avait presque oubli\u00e9&hellip;\n","protected":false},"author":2,"featured_media":269809,"comment_status":"","ping_status":"","sticky":false,"template":"","format":"standard","meta":{"footnotes":""},"categories":[4],"tags":[47,11,829,5492,5164,6698,40264,2171,23205,2883,1011,27,848,3059,2487,8527,12,5161,4459,2119,5140,584,25,104,602],"class_list":{"0":"post-269808","1":"post","2":"type-post","3":"status-publish","4":"format-standard","5":"has-post-thumbnail","7":"category-france","8":"tag-actualite","9":"tag-actualites","10":"tag-bretagne","11":"tag-caen","12":"tag-calvados","13":"tag-canicule","14":"tag-carhaix","15":"tag-cotes-darmor","16":"tag-deauville","17":"tag-ete","18":"tag-fr","19":"tag-france","20":"tag-ille-et-vilaine","21":"tag-intemperies","22":"tag-meteo","23":"tag-meteorologie","24":"tag-news","25":"tag-normandie","26":"tag-pluie","27":"tag-previsions-meteo","28":"tag-rechauffement-climatique","29":"tag-rennes","30":"tag-republique-francaise","31":"tag-societe","32":"tag-tourisme"},"share_on_mastodon":{"url":"https:\/\/pubeurope.com\/@fr\/114906743781218949","error":""},"_links":{"self":[{"href":"https:\/\/www.europesays.com\/fr\/wp-json\/wp\/v2\/posts\/269808","targetHints":{"allow":["GET"]}}],"collection":[{"href":"https:\/\/www.europesays.com\/fr\/wp-json\/wp\/v2\/posts"}],"about":[{"href":"https:\/\/www.europesays.com\/fr\/wp-json\/wp\/v2\/types\/post"}],"author":[{"embeddable":true,"href":"https:\/\/www.europesays.com\/fr\/wp-json\/wp\/v2\/users\/2"}],"replies":[{"embeddable":true,"href":"https:\/\/www.europesays.com\/fr\/wp-json\/wp\/v2\/comments?post=269808"}],"version-history":[{"count":0,"href":"https:\/\/www.europesays.com\/fr\/wp-json\/wp\/v2\/posts\/269808\/revisions"}],"wp:featuredmedia":[{"embeddable":true,"href":"https:\/\/www.europesays.com\/fr\/wp-json\/wp\/v2\/media\/269809"}],"wp:attachment":[{"href":"https:\/\/www.europesays.com\/fr\/wp-json\/wp\/v2\/media?parent=269808"}],"wp:term":[{"taxonomy":"category","embeddable":true,"href":"https:\/\/www.europesays.com\/fr\/wp-json\/wp\/v2\/categories?post=269808"},{"taxonomy":"post_tag","embeddable":true,"href":"https:\/\/www.europesays.com\/fr\/wp-json\/wp\/v2\/tags?post=269808"}],"curies":[{"name":"wp","href":"https:\/\/api.w.org\/{rel}","templated":true}]}}