{"id":269810,"date":"2025-07-24T06:15:16","date_gmt":"2025-07-24T06:15:16","guid":{"rendered":"https:\/\/www.europesays.com\/fr\/269810\/"},"modified":"2025-07-24T06:15:16","modified_gmt":"2025-07-24T06:15:16","slug":"bebe-mort-en-moselle-les-parents-presentes-a-un-juge-le-deces-est-bien-du-a-lintervention-dun-tiers","status":"publish","type":"post","link":"https:\/\/www.europesays.com\/fr\/269810\/","title":{"rendered":"B\u00e9b\u00e9 mort en Moselle\u00a0: les parents pr\u00e9sent\u00e9s \u00e0 un juge, le d\u00e9c\u00e8s est bien \u00ab\u00a0d\u00fb \u00e0 l\u2019intervention d\u2019un tiers\u00a0\u00bb"},"content":{"rendered":"<p class=\"paragraph text_align_left lp-f-body-02\">Les autorit\u00e9s ont-elles failli ? Les parents d\u2019un enfant de quatre mois, qui avait fait l\u2019objet d\u2019un placement avant d\u2019\u00eatre remis \u00e0 sa famille il y a une dizaine de jours, ont \u00e9t\u00e9 d\u00e9f\u00e9r\u00e9s ce mercredi apr\u00e8s-midi apr\u00e8s <a href=\"https:\/\/www.leparisien.fr\/faits-divers\/moselle-deja-sous-le-coup-dune-enquete-pour-violences-un-couple-en-garde-a-vue-apres-la-mort-de-leur-bebe-de-quatre-mois-22-07-2025-BT5MM4QAUJGXRLIMDVJU4EW4CQ.php\" target=\"_blank\" rel=\"noreferrer nofollow noopener\">la mort du nourrisson<\/a>. Le parquet de Metz a demand\u00e9 leur d\u00e9tention provisoire, indique-t-il dans un communiqu\u00e9.<\/p>\n<p class=\"paragraph text_align_left lp-f-body-02\">Les parents avaient \u00e9t\u00e9 plac\u00e9s en garde \u00e0 vue pour violences volontaires ayant entra\u00een\u00e9 une infirmit\u00e9 sur mineur de quinze ans par ascendant, meurtre sur mineur de quinze ans et soustraction aux obligations l\u00e9gales de parent. \u00ab L\u2019autopsie du b\u00e9b\u00e9 confirme que son d\u00e9c\u00e8s est d\u00fb \u00e0 l\u2019intervention d\u2019un tiers \u00bb, rel\u00e8ve ce mercredi le parquet de Metz.<\/p>\n<p class=\"paragraph text_align_left lp-f-body-02\">Le b\u00e9b\u00e9 est d\u00e9c\u00e9d\u00e9 lundi au CHRU de Nancy (Meurthe-et-Moselle), o\u00f9 il avait \u00e9t\u00e9 h\u00e9liport\u00e9 dans un \u00e9tat critique apr\u00e8s avoir \u00e9t\u00e9 conduit au centre hospitalier de Sarrebourg, o\u00f9 les parents r\u00e9sident. Il pr\u00e9sentait un h\u00e9matome \u00e0 une tempe, selon une source polici\u00e8re.<\/p>\n<p>Une enqu\u00eate avait d\u00e9j\u00e0 conduit au placement du b\u00e9b\u00e9<\/p>\n<p class=\"paragraph text_align_left lp-f-body-02\">La femme, n\u00e9e en 1996, et l\u2019homme, n\u00e9 en 2000, faisaient d\u00e9j\u00e0 l\u2019objet d\u2019une enqu\u00eate p\u00e9nale, toujours en cours, \u00ab pour des suspicions de violences \u00bb, avait indiqu\u00e9 mardi \u00c9lise Bozzolo, vice-procureure de Metz. Le b\u00e9b\u00e9, alors \u00e2g\u00e9 d\u2019une dizaine de jours, avait \u00e9t\u00e9 hospitalis\u00e9 pour \u00ab une fracture r\u00e9sultant selon les parents d\u2019un accident domestique \u00bb.<\/p>\n<p class=\"lp-card-podcast-highlighting__title  lp-f-subtitle-05\">[4\/4] L\u2019attentat du \u00ab\u00a0Rainbow Warrior\u00a0\u00bb\u00a0: un scandale d\u2019\u00c9tat<\/p>\n<p class=\"lp-card-podcast-highlighting__description lp-f-ui-05\">Crime story raconte chaque semaine les grandes affaires criminelles.<\/p>\n<p><a class=\"lp-card-podcast-highlighting__call-to-action\" data-page-type=\"HP\" data-block-name=\"podcast-highlight\">\u00c9couter<\/a><\/p>\n<p class=\"paragraph text_align_left lp-f-body-02\">L\u2019enfant avait \u00e9t\u00e9 \u00ab hospitalis\u00e9 puis plac\u00e9 judiciairement entre le 7 avril et le 11 juillet avant d\u2019\u00eatre restitu\u00e9 \u00e0 la m\u00e8re \u00e0 la suite d\u2019une audience du Tribunal pour enfants \u00bb, avait pr\u00e9cis\u00e9 la magistrate. \u00ab Les parents \u00e9taient soumis par cette juridiction au respect de plusieurs obligations sous le contr\u00f4le renforc\u00e9 des services \u00e9ducatifs. \u00bb<\/p>\n","protected":false},"excerpt":{"rendered":"Les autorit\u00e9s ont-elles failli ? Les parents d\u2019un enfant de quatre mois, qui avait fait l\u2019objet d\u2019un placement&hellip;\n","protected":false},"author":2,"featured_media":269811,"comment_status":"","ping_status":"","sticky":false,"template":"","format":"standard","meta":{"footnotes":""},"categories":[2],"tags":[11,459,118,1011,27,12],"class_list":{"0":"post-269810","1":"post","2":"type-post","3":"status-publish","4":"format-standard","5":"has-post-thumbnail","7":"category-actualites","8":"tag-actualites","9":"tag-departements-horsidfo","10":"tag-faits-divers","11":"tag-fr","12":"tag-france","13":"tag-news"},"share_on_mastodon":{"url":"https:\/\/pubeurope.com\/@fr\/114906747621972913","error":""},"_links":{"self":[{"href":"https:\/\/www.europesays.com\/fr\/wp-json\/wp\/v2\/posts\/269810","targetHints":{"allow":["GET"]}}],"collection":[{"href":"https:\/\/www.europesays.com\/fr\/wp-json\/wp\/v2\/posts"}],"about":[{"href":"https:\/\/www.europesays.com\/fr\/wp-json\/wp\/v2\/types\/post"}],"author":[{"embeddable":true,"href":"https:\/\/www.europesays.com\/fr\/wp-json\/wp\/v2\/users\/2"}],"replies":[{"embeddable":true,"href":"https:\/\/www.europesays.com\/fr\/wp-json\/wp\/v2\/comments?post=269810"}],"version-history":[{"count":0,"href":"https:\/\/www.europesays.com\/fr\/wp-json\/wp\/v2\/posts\/269810\/revisions"}],"wp:featuredmedia":[{"embeddable":true,"href":"https:\/\/www.europesays.com\/fr\/wp-json\/wp\/v2\/media\/269811"}],"wp:attachment":[{"href":"https:\/\/www.europesays.com\/fr\/wp-json\/wp\/v2\/media?parent=269810"}],"wp:term":[{"taxonomy":"category","embeddable":true,"href":"https:\/\/www.europesays.com\/fr\/wp-json\/wp\/v2\/categories?post=269810"},{"taxonomy":"post_tag","embeddable":true,"href":"https:\/\/www.europesays.com\/fr\/wp-json\/wp\/v2\/tags?post=269810"}],"curies":[{"name":"wp","href":"https:\/\/api.w.org\/{rel}","templated":true}]}}